{"id":49408,"date":"2025-01-07T12:16:21","date_gmt":"2025-01-07T15:16:21","guid":{"rendered":"https:\/\/radiorevelacionfm.cl\/?p=49408"},"modified":"2025-01-07T12:16:21","modified_gmt":"2025-01-07T15:16:21","slug":"se-acreditan-24-guias-de-turismo-conservacion-y-trekking-en-el-parque-nacional-patagonia","status":"publish","type":"post","link":"https:\/\/radiorevelacionfm.cl\/?p=49408","title":{"rendered":"Se acreditan 24 gu\u00edas de turismo, conservaci\u00f3n y trekking en el Parque Nacional Patagonia"},"content":{"rendered":"<div class=\"flex_column av_one_full  flex_column_div av-zero-column-padding first  avia-builder-el-0  el_before_av_one_full  avia-builder-el-first  \" style='border-radius:0px; '><div  class='avia-image-container  av-styling-    avia-builder-el-1  avia-builder-el-no-sibling  avia-align-center '  itemprop=\"image\" itemscope=\"itemscope\" itemtype=\"https:\/\/schema.org\/ImageObject\"  ><div class='avia-image-container-inner'><div class='avia-image-overlay-wrap'><img decoding=\"async\" class='wp-image-49409 avia-img-lazy-loading-not-49409 avia_image' src=\"https:\/\/radiorevelacionfm.cl\/wp-content\/uploads\/2025\/01\/guias-parque-patagonia-1-1_optimized-1.jpg\" alt='' title='guias-parque-patagonia-(1)-(1)_optimized (1)' height=\"600\" width=\"1019\"  itemprop=\"thumbnailUrl\" srcset=\"https:\/\/radiorevelacionfm.cl\/wp-content\/uploads\/2025\/01\/guias-parque-patagonia-1-1_optimized-1.jpg 1019w, https:\/\/radiorevelacionfm.cl\/wp-content\/uploads\/2025\/01\/guias-parque-patagonia-1-1_optimized-1-300x177.jpg 300w, https:\/\/radiorevelacionfm.cl\/wp-content\/uploads\/2025\/01\/guias-parque-patagonia-1-1_optimized-1-768x452.jpg 768w, https:\/\/radiorevelacionfm.cl\/wp-content\/uploads\/2025\/01\/guias-parque-patagonia-1-1_optimized-1-705x415.jpg 705w, https:\/\/radiorevelacionfm.cl\/wp-content\/uploads\/2025\/01\/guias-parque-patagonia-1-1_optimized-1-450x265.jpg 450w, https:\/\/radiorevelacionfm.cl\/wp-content\/uploads\/2025\/01\/guias-parque-patagonia-1-1_optimized-1-600x353.jpg 600w\" sizes=\"(max-width: 1019px) 100vw, 1019px\" \/><\/div><\/div><\/div><\/div><div class=\"flex_column av_one_full  flex_column_div av-zero-column-padding first  avia-builder-el-2  el_after_av_one_full  el_before_av_one_full  column-top-margin\" style='border-radius:0px; '><section class=\"av_textblock_section \"  itemscope=\"itemscope\" itemtype=\"https:\/\/schema.org\/BlogPosting\" itemprop=\"blogPost\" ><div class='avia_textblock  '   itemprop=\"text\" ><p style=\"text-align: center;\"><strong><span style=\"font-size: 18pt;\">Se acreditan 24 gu\u00edas de turismo, conservaci\u00f3n y trekking en el Parque Nacional Patagonia<\/span><\/strong><\/p>\n<div id=\"gtx-trans\" style=\"position: absolute; left: -50px; top: 4.31534px;\">\n<div class=\"gtx-trans-icon\"><\/div>\n<\/div>\n<\/div><\/section><\/div><div class=\"flex_column av_one_full  flex_column_div av-zero-column-padding first  avia-builder-el-4  el_after_av_one_full  el_before_av_hr  column-top-margin\" style='border-radius:0px; '><section class=\"av_textblock_section \"  itemscope=\"itemscope\" itemtype=\"https:\/\/schema.org\/BlogPosting\" itemprop=\"blogPost\" ><div class='avia_textblock  '   itemprop=\"text\" ><p style=\"text-align: justify;\"><em>La iniciativa consider\u00f3 un completo proceso de formaci\u00f3n enfocado en gu\u00edas locales para profundizar sus conocimientos relacionados a \u00e1reas protegidas, rewilding y experiencias tur\u00edsticas.<\/em><\/p>\n<p style=\"text-align: justify;\">En una ceremonia celebrada el 18 de diciembre en el Auditorio Luc\u00eda Rabanal Palma, del Liceo Bicentenario de Chile Chico, un grupo de estudiantes amantes de la naturaleza pudo obtener su certificaci\u00f3n aprobada por la Asociaci\u00f3n Chilena de Gu\u00edas de Monta\u00f1a, ACGM.<\/p>\n<p style=\"text-align: justify;\">\u201cEs importante lo que sucedi\u00f3 en estos tres meses que dur\u00f3 la formaci\u00f3n. Creo que los conocimientos que adquirimos tanto de la universidad y la ACGM gracias a la gesti\u00f3n de Rewilding Chile, fue fortaleciendo la motivaci\u00f3n\u00a0 de los participantes. Se gener\u00f3 un grupo que quiere ser parte activa del turismo en Chile Chico\u201d, comenta Esteban Sald\u00eda, estudiante de esta formaci\u00f3n y hoy gu\u00eda\u00a0 titulado.<\/p>\n<p style=\"text-align: justify;\">La iniciativa que fue creada por el \u00e1rea de vinculaci\u00f3n comunitaria \u201cAmigos del Parque Patagonia\u201d de la Fundaci\u00f3n Rewilding Chile, en colaboraci\u00f3n con Conaf, el Programa Estrat\u00e9gico de Turismo de Ays\u00e9n, y la Universidad Austral de Chile campus Patagonia, buscaba impartir una serie de m\u00f3dulos que le permitieran a los participantes formarse como gu\u00eda certificados, lo que es sin duda un veh\u00edculo de crecimiento econ\u00f3mico para la comunidad, ligado a la conservaci\u00f3n de la biodiversidad del \u00e1rea y el turismo.<\/p>\n<p style=\"text-align: justify;\">Entre las clases impartidas que recibieron los estudiantes estuvieron m\u00f3dulos de turismo sostenible y planificaci\u00f3n,\u00a0 destino y relato tur\u00edstico, dise\u00f1o de experiencias y asociatividad, gobernanza y plan de negocios, legislaci\u00f3n forestal, entre otros.\u00a0 Una malla completa y preparada especialmente para este curso.<\/p>\n<p style=\"text-align: justify;\">\u201cHoy me siento orgulloso de ver a este equipo donde estos 24 gu\u00edas titulados que ser\u00e1n nuestros aliados y que\u00a0 con ellos vamos a cumplir la misma funci\u00f3n en el parque nacional. Aqu\u00ed todos tenemos alma de guardaparque, y tener este cari\u00f1o hac\u00eda la naturaleza a trav\u00e9s de sus experiencias y su esfuerzo, y compartirlo con la comunidad, me hace sentir muy feliz\u201d\u00a0comenta Sergio Ferreira, guardaparque del sector Jeinimeni de\u00a0 CONAF.<\/p>\n<p style=\"text-align: justify;\">El diploma otorgado a los vecinos de Chile Chico fue para ejercer como \u201cGu\u00edas de turismo, conservaci\u00f3n y trekking en ambientes de naturaleza del \u00e1rea protegida\u201d, con el que podr\u00e1n trabajar como gu\u00edas en el Parque Nacional Patagonia de manera oficial.<\/p>\n<p style=\"text-align: justify;\">\u201cComo Fundaci\u00f3n estamos muy felices de poder celebrar un nuevo aniversario del parque nacional, con la titulaci\u00f3n de estos gu\u00edas que ser\u00e1n un aporte al desarrollo tur\u00edstico, a la conservaci\u00f3n de este rico territorio, y un nuevo ingreso econ\u00f3mico para muchas familias de la comunidad\u201d nos cuenta Carolina Cerda, Directora de Vinculaci\u00f3n Comunitaria de Rewilding Chile.<\/p>\n<p style=\"text-align: justify;\">El pasado 8 de diciembre, en la celebraci\u00f3n del sexto Aniversario del Parque Nacional Patagonia, como acto de reciprocidad ante la oportunidad de poder formarse en este curso gratuito, los gu\u00edas de este diploma realizaron una serie de guiados por el sector de Jeinimeni, donde la comunidad disfrut\u00f3 de todo sus conocimientos adquiridos estos \u00faltimos meses en el curso.<\/p>\n<\/div><\/section><\/div><div  style='height:50px' class='hr hr-invisible   avia-builder-el-6  el_after_av_one_full  el_before_av_social_share '><span class='hr-inner ' ><span class='hr-inner-style'><\/span><\/span><\/div><\/p>\n<div  class='av-social-sharing-box  avia-builder-el-7  el_after_av_hr  el_before_av_hr  '><div class='av-share-box'><h5 class='av-share-link-description av-no-toc '>Compartir esta noticia<\/h5><ul class='av-share-box-list noLightbox'><li class='av-share-link av-social-link-facebook' ><a target=\"_blank\" aria-label=\"Compartir en Facebook\" href='https:\/\/www.facebook.com\/sharer.php?u=https:\/\/radiorevelacionfm.cl\/?p=49408&#038;t=Se%20acreditan%2024%20gu%C3%ADas%20de%20turismo%2C%20conservaci%C3%B3n%20y%20trekking%20en%20el%20Parque%20Nacional%20Patagonia' aria-hidden='false' data-av_icon='\ue8f3' data-av_iconfont='entypo-fontello' title='' data-avia-related-tooltip='Compartir en Facebook' rel=\"noopener\"><span class='avia_hidden_link_text'>Compartir en Facebook<\/span><\/a><\/li><li class='av-share-link av-social-link-twitter' ><a target=\"_blank\" aria-label=\"Compartir en Twitter\" href='https:\/\/twitter.com\/share?text=Se%20acreditan%2024%20gu%C3%ADas%20de%20turismo%2C%20conservaci%C3%B3n%20y%20trekking%20en%20el%20Parque%20Nacional%20Patagonia&#038;url=https:\/\/radiorevelacionfm.cl\/?p=49408' aria-hidden='false' data-av_icon='\ue8f1' data-av_iconfont='entypo-fontello' title='' data-avia-related-tooltip='Compartir en Twitter' rel=\"noopener\"><span class='avia_hidden_link_text'>Compartir en Twitter<\/span><\/a><\/li><li class='av-share-link av-social-link-whatsapp' ><a target=\"_blank\" aria-label=\"Compartir en Whatsapp\" href='https:\/\/api.whatsapp.com\/send?text=https:\/\/radiorevelacionfm.cl\/?p=49408' aria-hidden='false' data-av_icon='\uf232' data-av_iconfont='entypo-fontello' title='' data-avia-related-tooltip='Compartir en Whatsapp' rel=\"noopener\"><span class='avia_hidden_link_text'>Compartir en Whatsapp<\/span><\/a><\/li><li class='av-share-link av-social-link-linkedin' ><a target=\"_blank\" aria-label=\"Compartir en LinkedIn\" href='https:\/\/linkedin.com\/shareArticle?mini=true&#038;title=Se%20acreditan%2024%20gu%C3%ADas%20de%20turismo%2C%20conservaci%C3%B3n%20y%20trekking%20en%20el%20Parque%20Nacional%20Patagonia&#038;url=https:\/\/radiorevelacionfm.cl\/?p=49408' aria-hidden='false' data-av_icon='\ue8fc' data-av_iconfont='entypo-fontello' title='' data-avia-related-tooltip='Compartir en LinkedIn' rel=\"noopener\"><span class='avia_hidden_link_text'>Compartir en LinkedIn<\/span><\/a><\/li><li class='av-share-link av-social-link-mail' ><a  aria-label=\"Compartir por correo\" href='mailto:?subject=Se%20acreditan%2024%20gu%C3%ADas%20de%20turismo%2C%20conservaci%C3%B3n%20y%20trekking%20en%20el%20Parque%20Nacional%20Patagonia&#038;body=https:\/\/radiorevelacionfm.cl\/?p=49408' aria-hidden='false' data-av_icon='\ue805' data-av_iconfont='entypo-fontello' title='' data-avia-related-tooltip='Compartir por correo'><span class='avia_hidden_link_text'>Compartir por correo<\/span><\/a><\/li><\/ul><\/div><\/div>\n<div  style='height:50px' class='hr hr-invisible   avia-builder-el-8  el_after_av_social_share  el_before_av_comments_list '><span class='hr-inner ' ><span class='hr-inner-style'><\/span><\/span><\/div>\n<div  class='av-buildercomment  av-blog-meta-html-info-disabled av-blog-meta-tag-disabled  '><\/div>\n","protected":false},"excerpt":{"rendered":"","protected":false},"author":1,"featured_media":49409,"comment_status":"open","ping_status":"open","sticky":false,"template":"","format":"standard","meta":{"footnotes":""},"categories":[54],"tags":[],"class_list":["post-49408","post","type-post","status-publish","format-standard","has-post-thumbnail","hentry","category-turismo"],"jetpack_featured_media_url":"https:\/\/radiorevelacionfm.cl\/wp-content\/uploads\/2025\/01\/guias-parque-patagonia-1-1_optimized-1.jpg","_links":{"self":[{"href":"https:\/\/radiorevelacionfm.cl\/index.php?rest_route=\/wp\/v2\/posts\/49408","targetHints":{"allow":["GET"]}}],"collection":[{"href":"https:\/\/radiorevelacionfm.cl\/index.php?rest_route=\/wp\/v2\/posts"}],"about":[{"href":"https:\/\/radiorevelacionfm.cl\/index.php?rest_route=\/wp\/v2\/types\/post"}],"author":[{"embeddable":true,"href":"https:\/\/radiorevelacionfm.cl\/index.php?rest_route=\/wp\/v2\/users\/1"}],"replies":[{"embeddable":true,"href":"https:\/\/radiorevelacionfm.cl\/index.php?rest_route=%2Fwp%2Fv2%2Fcomments&post=49408"}],"version-history":[{"count":1,"href":"https:\/\/radiorevelacionfm.cl\/index.php?rest_route=\/wp\/v2\/posts\/49408\/revisions"}],"predecessor-version":[{"id":49410,"href":"https:\/\/radiorevelacionfm.cl\/index.php?rest_route=\/wp\/v2\/posts\/49408\/revisions\/49410"}],"wp:featuredmedia":[{"embeddable":true,"href":"https:\/\/radiorevelacionfm.cl\/index.php?rest_route=\/wp\/v2\/media\/49409"}],"wp:attachment":[{"href":"https:\/\/radiorevelacionfm.cl\/index.php?rest_route=%2Fwp%2Fv2%2Fmedia&parent=49408"}],"wp:term":[{"taxonomy":"category","embeddable":true,"href":"https:\/\/radiorevelacionfm.cl\/index.php?rest_route=%2Fwp%2Fv2%2Fcategories&post=49408"},{"taxonomy":"post_tag","embeddable":true,"href":"https:\/\/radiorevelacionfm.cl\/index.php?rest_route=%2Fwp%2Fv2%2Ftags&post=49408"}],"curies":[{"name":"wp","href":"https:\/\/api.w.org\/{rel}","templated":true}]}}