{"id":49406,"date":"2025-01-07T10:59:54","date_gmt":"2025-01-07T13:59:54","guid":{"rendered":"https:\/\/radiorevelacionfm.cl\/?p=49406"},"modified":"2025-01-07T10:59:54","modified_gmt":"2025-01-07T13:59:54","slug":"diputado-calisto-y-dirigentes-de-comites-valoran-inicio-de-obras-en-chacra-g-de-coyhaique","status":"publish","type":"post","link":"https:\/\/radiorevelacionfm.cl\/?p=49406","title":{"rendered":"Diputado Calisto y dirigentes de comit\u00e9s valoran inicio de obras en Chacra G de Coyhaique"},"content":{"rendered":"<div class=\"flex_column av_one_full  flex_column_div av-zero-column-padding first  avia-builder-el-0  el_before_av_one_full  avia-builder-el-first  \" style='border-radius:0px; '><div  class='avia-image-container  av-styling-    avia-builder-el-1  avia-builder-el-no-sibling  avia-align-center '  itemprop=\"image\" itemscope=\"itemscope\" itemtype=\"https:\/\/schema.org\/ImageObject\"  ><div class='avia-image-container-inner'><div class='avia-image-overlay-wrap'><img decoding=\"async\" class='wp-image-47815 avia-img-lazy-loading-not-47815 avia_image' src=\"https:\/\/radiorevelacionfm.cl\/wp-content\/uploads\/2024\/11\/FOTO-REU-CHACRA-G-3-1-1.jpeg\" alt='' title='FOTO REU CHACRA G (3) (1) (1)' height=\"600\" width=\"800\"  itemprop=\"thumbnailUrl\" srcset=\"https:\/\/radiorevelacionfm.cl\/wp-content\/uploads\/2024\/11\/FOTO-REU-CHACRA-G-3-1-1.jpeg 800w, https:\/\/radiorevelacionfm.cl\/wp-content\/uploads\/2024\/11\/FOTO-REU-CHACRA-G-3-1-1-300x225.jpeg 300w, https:\/\/radiorevelacionfm.cl\/wp-content\/uploads\/2024\/11\/FOTO-REU-CHACRA-G-3-1-1-768x576.jpeg 768w, https:\/\/radiorevelacionfm.cl\/wp-content\/uploads\/2024\/11\/FOTO-REU-CHACRA-G-3-1-1-705x529.jpeg 705w, https:\/\/radiorevelacionfm.cl\/wp-content\/uploads\/2024\/11\/FOTO-REU-CHACRA-G-3-1-1-450x338.jpeg 450w, https:\/\/radiorevelacionfm.cl\/wp-content\/uploads\/2024\/11\/FOTO-REU-CHACRA-G-3-1-1-600x450.jpeg 600w\" sizes=\"(max-width: 800px) 100vw, 800px\" \/><\/div><\/div><\/div><\/div><div class=\"flex_column av_one_full  flex_column_div av-zero-column-padding first  avia-builder-el-2  el_after_av_one_full  el_before_av_one_full  column-top-margin\" style='border-radius:0px; '><section class=\"av_textblock_section \"  itemscope=\"itemscope\" itemtype=\"https:\/\/schema.org\/BlogPosting\" itemprop=\"blogPost\" ><div class='avia_textblock  '   itemprop=\"text\" ><p style=\"text-align: center;\"><strong><span style=\"font-size: 18pt;\">Diputado Calisto y dirigentes de comit\u00e9s valoran inicio de obras en Chacra G de Coyhaique<\/span><\/strong><\/p>\n<div id=\"gtx-trans\" style=\"position: absolute; left: -50px; top: 4.31534px;\">\n<div class=\"gtx-trans-icon\"><\/div>\n<\/div>\n<\/div><\/section><\/div><div class=\"flex_column av_one_full  flex_column_div av-zero-column-padding first  avia-builder-el-4  el_after_av_one_full  el_before_av_hr  column-top-margin\" style='border-radius:0px; '><section class=\"av_textblock_section \"  itemscope=\"itemscope\" itemtype=\"https:\/\/schema.org\/BlogPosting\" itemprop=\"blogPost\" ><div class='avia_textblock  '   itemprop=\"text\" ><p style=\"font-weight: 400; text-align: justify;\">Como una gran noticia calific\u00f3 el diputado Miguel \u00c1ngel Calisto y los dirigentes de los comit\u00e9s de vivienda que proyectan sus casas en la chacra G el inicio de las obras. Se trata de la construcci\u00f3n de las primeras 237 casas de un total que podr\u00eda superar las mil viviendas en este sector de la parte alta de Coyhaique.<\/p>\n<p style=\"font-weight: 400; text-align: justify;\">Seg\u00fan el diputado Miguel \u00c1ngel Calisto, \u201cfinalmente un proyecto que durante a\u00f1os trabajamos con las dirigentes y dirigentes, hoy d\u00eda ya inici\u00f3 sus obras. Es una buena noticia para estas familias que han esperado el sue\u00f1o de la casa propia desde cerca de 15 a\u00f1os. Y por eso es que estas 237 familias que van a ver sus casas prontamente en un a\u00f1o y medio ya entregadas se suman a las cerca de mil familias que van a completar la Chacra G1 y posteriormente cerca de mil familias m\u00e1s en la Chacra G2\u201d.<\/p>\n<p style=\"font-weight: 400; text-align: justify;\">\u201cEs un tremendo avance, un crecimiento importante en la ciudad de Coyhaique que estamos muy contentos de haber aportado en su gesti\u00f3n desde el inicio, de haber trabajado con las dirigentes desde el primer momento para sacar adelante este proyecto que hoy d\u00eda ya es una realidad porque ya se iniciaron las obras y por supuesto vamos a dar una soluci\u00f3n habitacional a muchas familias. La perseverancia y la eficiencia finalmente tienen un buen resultado\u201d, asegur\u00f3 Calisto.<\/p>\n<p style=\"font-weight: 400; text-align: justify;\">Por su parte, Lila Huichapani, Presidenta del Comit\u00e9 Ventisqueros, \u201cestamos muy felices por la noticia que recibimos a fin de a\u00f1o, el comienzo de obras y la firma de la entrega de terreno. Esta gran obra es un proyecto s\u00faper grande, por no decir mega. Se va a arreglar las vidas de m\u00e1s de 1200 familias\u201d.<\/p>\n<p style=\"font-weight: 400; text-align: justify;\">\u201cHasta ahora se han confabulado las buenas voluntades y el agradecimiento a todos, a las entidades que nos patrocinan, a Miguel \u00c1ngel Calisto, que se ha encontrado siempre de la mano con nosotros, y sobre todo a los socios que han esperado un mont\u00f3n de a\u00f1os. Algunas personas ya no est\u00e1n con nosotros, han fallecido, y a los que quedamos, una enorme gracia a todos\u201d, se\u00f1al\u00f3 la dirigenta.<\/p>\n<p style=\"font-weight: 400; text-align: justify;\">Huichapani agreg\u00f3 que \u201ceste es un proyecto tan grande que va a ayudar incluso a la econom\u00eda de la regi\u00f3n. As\u00ed que de esa envergadura estamos hablando cuando hablamos de un megaproyecto. Estas m\u00e1s de 1200 familias no solamente van a ser beneficiadas, sino todos los que se encuentran alrededor. As\u00ed que eso es, muchas gracias, y como ya empezaron las labores y todo, vamos a tener paciencia, ya queda poco, y si es que si Dios quiere, el pr\u00f3ximo a\u00f1o ya vamos a tener una entrega de vivienda\u201d.<\/p>\n<p style=\"font-weight: 400; text-align: justify;\">Juan Carvajal, Secretario del Comit\u00e9 Ventisqueros, indic\u00f3 que \u201ccomo familia nos sentimos orgullosos y contentos de obtener este beneficio y tan anhelado, que es la vivienda propia y que ser\u00e1 el puntapi\u00e9 para la primera construcci\u00f3n de 237 viviendas como inicio de obras en el terreno llamado Chacra G1\u201d.<\/p>\n<p style=\"font-weight: 400; text-align: justify;\">Finalmente, el dirigente se\u00f1al\u00f3 que \u201cel municipio de Coyhaique, el d\u00eda 30 de diciembre del a\u00f1o 2024, oficializ\u00f3 con firmas los permisos relativos a edificaci\u00f3n en dicho terreno. Como familia queremos dar las gracias al apoyo permanente, responsable y muy profesional a su labor como diputado de la regi\u00f3n, al se\u00f1or Miguel \u00c1ngel Calisto, quien ha sido una persona en terreno y presente en todo momento. Sin su labor esto no se concretar\u00eda\u201d.<\/p>\n<\/div><\/section><\/div><div  style='height:50px' class='hr hr-invisible   avia-builder-el-6  el_after_av_one_full  el_before_av_social_share '><span class='hr-inner ' ><span class='hr-inner-style'><\/span><\/span><\/div><\/p>\n<div  class='av-social-sharing-box  avia-builder-el-7  el_after_av_hr  el_before_av_hr  '><div class='av-share-box'><h5 class='av-share-link-description av-no-toc '>Compartir esta noticia<\/h5><ul class='av-share-box-list noLightbox'><li class='av-share-link av-social-link-facebook' ><a target=\"_blank\" aria-label=\"Compartir en Facebook\" href='https:\/\/www.facebook.com\/sharer.php?u=https:\/\/radiorevelacionfm.cl\/?p=49406&#038;t=Diputado%20Calisto%20y%20dirigentes%20de%20comit%C3%A9s%20valoran%20inicio%20de%20obras%20en%20Chacra%20G%20de%20Coyhaique' aria-hidden='false' data-av_icon='\ue8f3' data-av_iconfont='entypo-fontello' title='' data-avia-related-tooltip='Compartir en Facebook' rel=\"noopener\"><span class='avia_hidden_link_text'>Compartir en Facebook<\/span><\/a><\/li><li class='av-share-link av-social-link-twitter' ><a target=\"_blank\" aria-label=\"Compartir en Twitter\" href='https:\/\/twitter.com\/share?text=Diputado%20Calisto%20y%20dirigentes%20de%20comit%C3%A9s%20valoran%20inicio%20de%20obras%20en%20Chacra%20G%20de%20Coyhaique&#038;url=https:\/\/radiorevelacionfm.cl\/?p=49406' aria-hidden='false' data-av_icon='\ue8f1' data-av_iconfont='entypo-fontello' title='' data-avia-related-tooltip='Compartir en Twitter' rel=\"noopener\"><span class='avia_hidden_link_text'>Compartir en Twitter<\/span><\/a><\/li><li class='av-share-link av-social-link-whatsapp' ><a target=\"_blank\" aria-label=\"Compartir en Whatsapp\" href='https:\/\/api.whatsapp.com\/send?text=https:\/\/radiorevelacionfm.cl\/?p=49406' aria-hidden='false' data-av_icon='\uf232' data-av_iconfont='entypo-fontello' title='' data-avia-related-tooltip='Compartir en Whatsapp' rel=\"noopener\"><span class='avia_hidden_link_text'>Compartir en Whatsapp<\/span><\/a><\/li><li class='av-share-link av-social-link-linkedin' ><a target=\"_blank\" aria-label=\"Compartir en LinkedIn\" href='https:\/\/linkedin.com\/shareArticle?mini=true&#038;title=Diputado%20Calisto%20y%20dirigentes%20de%20comit%C3%A9s%20valoran%20inicio%20de%20obras%20en%20Chacra%20G%20de%20Coyhaique&#038;url=https:\/\/radiorevelacionfm.cl\/?p=49406' aria-hidden='false' data-av_icon='\ue8fc' data-av_iconfont='entypo-fontello' title='' data-avia-related-tooltip='Compartir en LinkedIn' rel=\"noopener\"><span class='avia_hidden_link_text'>Compartir en LinkedIn<\/span><\/a><\/li><li class='av-share-link av-social-link-mail' ><a  aria-label=\"Compartir por correo\" href='mailto:?subject=Diputado%20Calisto%20y%20dirigentes%20de%20comit%C3%A9s%20valoran%20inicio%20de%20obras%20en%20Chacra%20G%20de%20Coyhaique&#038;body=https:\/\/radiorevelacionfm.cl\/?p=49406' aria-hidden='false' data-av_icon='\ue805' data-av_iconfont='entypo-fontello' title='' data-avia-related-tooltip='Compartir por correo'><span class='avia_hidden_link_text'>Compartir por correo<\/span><\/a><\/li><\/ul><\/div><\/div>\n<div  style='height:50px' class='hr hr-invisible   avia-builder-el-8  el_after_av_social_share  el_before_av_comments_list '><span class='hr-inner ' ><span class='hr-inner-style'><\/span><\/span><\/div>\n<div  class='av-buildercomment  av-blog-meta-html-info-disabled av-blog-meta-tag-disabled  '><\/div>\n","protected":false},"excerpt":{"rendered":"","protected":false},"author":1,"featured_media":47815,"comment_status":"open","ping_status":"open","sticky":false,"template":"","format":"standard","meta":{"footnotes":""},"categories":[57],"tags":[],"class_list":["post-49406","post","type-post","status-publish","format-standard","has-post-thumbnail","hentry","category-vivienda"],"jetpack_featured_media_url":"https:\/\/radiorevelacionfm.cl\/wp-content\/uploads\/2024\/11\/FOTO-REU-CHACRA-G-3-1-1.jpeg","_links":{"self":[{"href":"https:\/\/radiorevelacionfm.cl\/index.php?rest_route=\/wp\/v2\/posts\/49406","targetHints":{"allow":["GET"]}}],"collection":[{"href":"https:\/\/radiorevelacionfm.cl\/index.php?rest_route=\/wp\/v2\/posts"}],"about":[{"href":"https:\/\/radiorevelacionfm.cl\/index.php?rest_route=\/wp\/v2\/types\/post"}],"author":[{"embeddable":true,"href":"https:\/\/radiorevelacionfm.cl\/index.php?rest_route=\/wp\/v2\/users\/1"}],"replies":[{"embeddable":true,"href":"https:\/\/radiorevelacionfm.cl\/index.php?rest_route=%2Fwp%2Fv2%2Fcomments&post=49406"}],"version-history":[{"count":1,"href":"https:\/\/radiorevelacionfm.cl\/index.php?rest_route=\/wp\/v2\/posts\/49406\/revisions"}],"predecessor-version":[{"id":49407,"href":"https:\/\/radiorevelacionfm.cl\/index.php?rest_route=\/wp\/v2\/posts\/49406\/revisions\/49407"}],"wp:featuredmedia":[{"embeddable":true,"href":"https:\/\/radiorevelacionfm.cl\/index.php?rest_route=\/wp\/v2\/media\/47815"}],"wp:attachment":[{"href":"https:\/\/radiorevelacionfm.cl\/index.php?rest_route=%2Fwp%2Fv2%2Fmedia&parent=49406"}],"wp:term":[{"taxonomy":"category","embeddable":true,"href":"https:\/\/radiorevelacionfm.cl\/index.php?rest_route=%2Fwp%2Fv2%2Fcategories&post=49406"},{"taxonomy":"post_tag","embeddable":true,"href":"https:\/\/radiorevelacionfm.cl\/index.php?rest_route=%2Fwp%2Fv2%2Ftags&post=49406"}],"curies":[{"name":"wp","href":"https:\/\/api.w.org\/{rel}","templated":true}]}}