{"id":49403,"date":"2025-01-07T10:51:00","date_gmt":"2025-01-07T13:51:00","guid":{"rendered":"https:\/\/radiorevelacionfm.cl\/?p=49403"},"modified":"2025-01-07T10:51:00","modified_gmt":"2025-01-07T13:51:00","slug":"primeras-31-personas-se-capacitaron-en-instalacion-y-mantencion-electrica-con-posibilidad-de-seguir-una-carrera-tecnica-gracias-a-convenio-sence-cft-estatal-aysen","status":"publish","type":"post","link":"https:\/\/radiorevelacionfm.cl\/?p=49403","title":{"rendered":"Primeras 31 personas se capacitaron en instalaci\u00f3n y mantenci\u00f3n el\u00e9ctrica con posibilidad de seguir una carrera t\u00e9cnica gracias a convenio Sence-CFT Estatal Ays\u00e9n"},"content":{"rendered":"<div class=\"flex_column av_one_full  flex_column_div av-zero-column-padding first  avia-builder-el-0  el_before_av_one_full  avia-builder-el-first  \" style='border-radius:0px; '><div  class='avia-image-container  av-styling-    avia-builder-el-1  avia-builder-el-no-sibling  avia-align-center '  itemprop=\"image\" itemscope=\"itemscope\" itemtype=\"https:\/\/schema.org\/ImageObject\"  ><div class='avia-image-container-inner'><div class='avia-image-overlay-wrap'><img decoding=\"async\" class='wp-image-49404 avia-img-lazy-loading-not-49404 avia_image' src=\"https:\/\/radiorevelacionfm.cl\/wp-content\/uploads\/2025\/01\/Sence_CFT_CursoConvElecricidad_PtoAysen-1-1.jpg\" alt='' title='Sence_CFT_CursoConvElecricidad_PtoAysen (1) (1)' height=\"600\" width=\"1333\"  itemprop=\"thumbnailUrl\" srcset=\"https:\/\/radiorevelacionfm.cl\/wp-content\/uploads\/2025\/01\/Sence_CFT_CursoConvElecricidad_PtoAysen-1-1.jpg 1333w, https:\/\/radiorevelacionfm.cl\/wp-content\/uploads\/2025\/01\/Sence_CFT_CursoConvElecricidad_PtoAysen-1-1-300x135.jpg 300w, https:\/\/radiorevelacionfm.cl\/wp-content\/uploads\/2025\/01\/Sence_CFT_CursoConvElecricidad_PtoAysen-1-1-1030x464.jpg 1030w, https:\/\/radiorevelacionfm.cl\/wp-content\/uploads\/2025\/01\/Sence_CFT_CursoConvElecricidad_PtoAysen-1-1-768x346.jpg 768w, https:\/\/radiorevelacionfm.cl\/wp-content\/uploads\/2025\/01\/Sence_CFT_CursoConvElecricidad_PtoAysen-1-1-705x317.jpg 705w, https:\/\/radiorevelacionfm.cl\/wp-content\/uploads\/2025\/01\/Sence_CFT_CursoConvElecricidad_PtoAysen-1-1-450x203.jpg 450w, https:\/\/radiorevelacionfm.cl\/wp-content\/uploads\/2025\/01\/Sence_CFT_CursoConvElecricidad_PtoAysen-1-1-600x270.jpg 600w\" sizes=\"(max-width: 1333px) 100vw, 1333px\" \/><\/div><\/div><\/div><\/div><div class=\"flex_column av_one_full  flex_column_div av-zero-column-padding first  avia-builder-el-2  el_after_av_one_full  el_before_av_one_full  column-top-margin\" style='border-radius:0px; '><section class=\"av_textblock_section \"  itemscope=\"itemscope\" itemtype=\"https:\/\/schema.org\/BlogPosting\" itemprop=\"blogPost\" ><div class='avia_textblock  '   itemprop=\"text\" ><p style=\"text-align: center;\"><span style=\"font-size: 18pt;\"><b>Primeras 31 personas se capacitaron en instalaci\u00f3n y mantenci\u00f3n el\u00e9ctrica con posibilidad de seguir una carrera t\u00e9cnica gracias a convenio Sence-CFT Estatal Ays\u00e9n<\/b><\/span><\/p>\n<div id=\"gtx-trans\" style=\"position: absolute; left: -50px; top: 4.31534px;\">\n<div class=\"gtx-trans-icon\"><\/div>\n<\/div>\n<\/div><\/section><\/div><div class=\"flex_column av_one_full  flex_column_div av-zero-column-padding first  avia-builder-el-4  el_after_av_one_full  el_before_av_hr  column-top-margin\" style='border-radius:0px; '><section class=\"av_textblock_section \"  itemscope=\"itemscope\" itemtype=\"https:\/\/schema.org\/BlogPosting\" itemprop=\"blogPost\" ><div class='avia_textblock  '   itemprop=\"text\" ><p style=\"text-align: justify;\"><em>El in\u00e9dito curso de capacitaci\u00f3n tuvo una duraci\u00f3n de 350 horas, teniendo la posibilidad de continuar sus estudios al convalidar ramos, potenciando as\u00ed su formaci\u00f3n y empleabilidad.<\/em><\/p>\n<p style=\"text-align: justify;\">Un hito regional in\u00e9dito se celebr\u00f3 con dos emotivas ceremonias realizadas en Puerto Ays\u00e9n y Coyhaique, donde se entregaron los diplomas de acreditaci\u00f3n de la capacitaci\u00f3n del Servicio Nacional de Capacitaci\u00f3n y Empleo, Sence, desarrollada con \u00e9xito por 31 estudiantes en instalaci\u00f3n y mantenci\u00f3n el\u00e9ctrica, con posibilidad de convalidar ramos y continuar estudios en el Centro de Formaci\u00f3n Estatal, CFT Estatal Ays\u00e9n.<\/p>\n<p style=\"text-align: justify;\">La ceremonia de Coyhaique estuvo encabezada por el delegado presidencial regional, Jorge D\u00edaz, quien manifest\u00f3 la importancia de este hito, \u00abEsta alianza estrat\u00e9gica entre dos instituciones del Estado, como son Sence y el CFT Estatal Ays\u00e9n, es una alianza virtuosa, una inmensa oportunidad de continuidad de estudios, explorando el mundo laboral para tener conocimientos m\u00e1s especializados en instalaci\u00f3n el\u00e9ctrica y tener la posibilidad de obtener el t\u00edtulo t\u00e9cnico de nivel superior en el CFT Estatal. Es una oportunidad para sus familias, para las empresas constructoras que muchas veces tienen que traer estos especialistas desde otras latitudes del pa\u00eds, para quienes necesiten estos especialistas para atender sus infraestructuras industriales. Esta es una alianza para el desarrollo de la Regi\u00f3n de Ays\u00e9n y eso como Gobierno nos tiene muy contentos. Lo que estamos haciendo es generar capital social, que nos permita avanzar m\u00e1s r\u00e1pidamente, con mayor eficiencia, mayor justicia social para nuestros j\u00f3venes y nuestras familias para el desarrollo de la Regi\u00f3n de Ays\u00e9n\u00bb.<\/p>\n<p style=\"text-align: justify;\">A su vez, el Seremi(s) del Trabajo y Previsi\u00f3n Social, Christian Aros, destac\u00f3 el convenio in\u00e9dito entre Sence y el CFT Estatal, \u00abComo Ministerio del Trabajo y Previsi\u00f3n Social estamos apostando por la ruta formativa y por el trabajo interinstitucional, en este caso, en el curso que estamos certificando hoy d\u00eda que nace de un convenio entre Sence y el CFT Estatal\u00bb.<\/p>\n<p style=\"text-align: justify;\">\u00abEste convenio ha logrado que hoy 15 personas en Coyhaique, y en Puerto Ays\u00e9n 16, est\u00e9n capacitadas en electricidad, puedan continuar homologando este curso como el primer semestre de la carrera T\u00e9cnico en Electricidad en el Centro de Formaci\u00f3n T\u00e9cnica Estatal y el 60% de los alumnos ya est\u00e1 matriculado. De esta forma estamos apoyando y cambiando vidas porque somos parte de la formaci\u00f3n de los futuros t\u00e9cnicos de la regi\u00f3n\u00bb, a\u00f1adi\u00f3 el director regional de Sence, Nelson Garrido.<\/p>\n<p style=\"text-align: justify;\">Reforzando lo anterior, el Rector del CFT Estatal, V\u00edctor Hugo \u00c1lvarez, explic\u00f3 \u00abComo Centro de Formaci\u00f3n T\u00e9cnica de la Regi\u00f3n de Ays\u00e9n estamos muy contentos porque hemos trabajado junto a otro servicio p\u00fablico que es Sence, en un programa in\u00e9dito de continuidad de estudios. \u00bfA qu\u00e9 nos referimos? que nosotros entregamos un oficio de instalador el\u00e9ctrico a las y los trabajadores de la regi\u00f3n, con un curso de 350 horas y estos estudiantes van a poder continuar en nuestra carrera de nivel superior de Electricidad. Este es un trabajo mancomunado entre servicios p\u00fablicos y estos estudiantes van a mejorar la productividad de la regi\u00f3n, que es lo que necesitamos hoy d\u00eda, fortalecer la educaci\u00f3n t\u00e9cnico profesional estatal\u00bb.<br \/>\nUno de los estudiantes que realiz\u00f3 este curso y continuar\u00e1 sus estudios es Jorge Luis Altamirano, quien cont\u00f3 su experiencia, \u00abUna de las partes gratificantes de este curso, es que desde el inicio tratamos de hacer fiato, la mayor\u00eda de los compa\u00f1eros llegamos hasta el final. Nunca pensamos que este curso nos dar\u00eda pie a otra etapa, de continuar estudios y poder matricularnos en el Centro de Formaci\u00f3n T\u00e9cnica de Ays\u00e9n y poder seguir con estudios t\u00e9cnicos. Estamos muy contentos con todo, seguir el proceso en marzo y con las pilas cargadas. Personalmente, este logro es muy importante, estuvimos mucho tiempo esperando este curso. Fue muy bonito, el curso fue largo, aprendimos muchas cosas, el tema el\u00e9ctrico es tan amplio que se puede tomar desde varias \u00e1reas, as\u00ed que muy contento por llevar este proceso hasta este punto y esperando que el otro a\u00f1o nos vaya s\u00faper bien en el nuevo proceso\u00bb.<\/p>\n<p style=\"text-align: justify;\">La ceremonia de Puerto Ays\u00e9n estuvo encabezada por el delegado presidencial provincial Rodrigo Moreno, participando el representante de la Seremi del Trabajo y Previsi\u00f3n Social, Camila Covarrubias, el Director regional del Instituto de Previsi\u00f3n Social, IPS ChileAtiende, Rodrigo D\u00edaz. En ambas ceremonias asistieron el Director regional de Sence, Nelson Garrido y el Rector del CFT Estatal, V\u00edctor Hugo \u00c1lvarez, adem\u00e1s de consejeros regionales y concejales de las dos provincias y comunas, y el Alcalde de Ays\u00e9n.<\/p>\n<p style=\"text-align: justify;\">Este primer proceso de formaci\u00f3n tuvo una duraci\u00f3n de 350 horas cronol\u00f3gicas, lo cual represent\u00f3 un gran esfuerzo por parte de los estudiantes. En ambas ceremonias, la mayor parte de los estudiantes estuvieron acompa\u00f1ados por sus familias.<\/p>\n<\/div><\/section><\/div><div  style='height:50px' class='hr hr-invisible   avia-builder-el-6  el_after_av_one_full  el_before_av_social_share '><span class='hr-inner ' ><span class='hr-inner-style'><\/span><\/span><\/div><\/p>\n<div  class='av-social-sharing-box  avia-builder-el-7  el_after_av_hr  el_before_av_hr  '><div class='av-share-box'><h5 class='av-share-link-description av-no-toc '>Compartir esta noticia<\/h5><ul class='av-share-box-list noLightbox'><li class='av-share-link av-social-link-facebook' ><a target=\"_blank\" aria-label=\"Compartir en Facebook\" href='https:\/\/www.facebook.com\/sharer.php?u=https:\/\/radiorevelacionfm.cl\/?p=49403&#038;t=Primeras%2031%20personas%20se%20capacitaron%20en%20instalaci%C3%B3n%20y%20mantenci%C3%B3n%20el%C3%A9ctrica%20con%20posibilidad%20de%20seguir%20una%20carrera%20t%C3%A9cnica%20gracias%20a%20convenio%20Sence-CFT%20Estatal%20Ays%C3%A9n' aria-hidden='false' data-av_icon='\ue8f3' data-av_iconfont='entypo-fontello' title='' data-avia-related-tooltip='Compartir en Facebook' rel=\"noopener\"><span class='avia_hidden_link_text'>Compartir en Facebook<\/span><\/a><\/li><li class='av-share-link av-social-link-twitter' ><a target=\"_blank\" aria-label=\"Compartir en Twitter\" href='https:\/\/twitter.com\/share?text=Primeras%2031%20personas%20se%20capacitaron%20en%20instalaci%C3%B3n%20y%20mantenci%C3%B3n%20el%C3%A9ctrica%20con%20posibilidad%20de%20seguir%20una%20carrera%20t%C3%A9cnica%20gracias%20a%20convenio%20Sence-CFT%20Estatal%20Ays%C3%A9n&#038;url=https:\/\/radiorevelacionfm.cl\/?p=49403' aria-hidden='false' data-av_icon='\ue8f1' data-av_iconfont='entypo-fontello' title='' data-avia-related-tooltip='Compartir en Twitter' rel=\"noopener\"><span class='avia_hidden_link_text'>Compartir en Twitter<\/span><\/a><\/li><li class='av-share-link av-social-link-whatsapp' ><a target=\"_blank\" aria-label=\"Compartir en Whatsapp\" href='https:\/\/api.whatsapp.com\/send?text=https:\/\/radiorevelacionfm.cl\/?p=49403' aria-hidden='false' data-av_icon='\uf232' data-av_iconfont='entypo-fontello' title='' data-avia-related-tooltip='Compartir en Whatsapp' rel=\"noopener\"><span class='avia_hidden_link_text'>Compartir en Whatsapp<\/span><\/a><\/li><li class='av-share-link av-social-link-linkedin' ><a target=\"_blank\" aria-label=\"Compartir en LinkedIn\" href='https:\/\/linkedin.com\/shareArticle?mini=true&#038;title=Primeras%2031%20personas%20se%20capacitaron%20en%20instalaci%C3%B3n%20y%20mantenci%C3%B3n%20el%C3%A9ctrica%20con%20posibilidad%20de%20seguir%20una%20carrera%20t%C3%A9cnica%20gracias%20a%20convenio%20Sence-CFT%20Estatal%20Ays%C3%A9n&#038;url=https:\/\/radiorevelacionfm.cl\/?p=49403' aria-hidden='false' data-av_icon='\ue8fc' data-av_iconfont='entypo-fontello' title='' data-avia-related-tooltip='Compartir en LinkedIn' rel=\"noopener\"><span class='avia_hidden_link_text'>Compartir en LinkedIn<\/span><\/a><\/li><li class='av-share-link av-social-link-mail' ><a  aria-label=\"Compartir por correo\" href='mailto:?subject=Primeras%2031%20personas%20se%20capacitaron%20en%20instalaci%C3%B3n%20y%20mantenci%C3%B3n%20el%C3%A9ctrica%20con%20posibilidad%20de%20seguir%20una%20carrera%20t%C3%A9cnica%20gracias%20a%20convenio%20Sence-CFT%20Estatal%20Ays%C3%A9n&#038;body=https:\/\/radiorevelacionfm.cl\/?p=49403' aria-hidden='false' data-av_icon='\ue805' data-av_iconfont='entypo-fontello' title='' data-avia-related-tooltip='Compartir por correo'><span class='avia_hidden_link_text'>Compartir por correo<\/span><\/a><\/li><\/ul><\/div><\/div>\n<div  style='height:50px' class='hr hr-invisible   avia-builder-el-8  el_after_av_social_share  el_before_av_comments_list '><span class='hr-inner ' ><span class='hr-inner-style'><\/span><\/span><\/div>\n<div  class='av-buildercomment  av-blog-meta-html-info-disabled av-blog-meta-tag-disabled  '><\/div>\n","protected":false},"excerpt":{"rendered":"","protected":false},"author":1,"featured_media":49404,"comment_status":"open","ping_status":"open","sticky":false,"template":"","format":"standard","meta":{"footnotes":""},"categories":[56],"tags":[],"class_list":["post-49403","post","type-post","status-publish","format-standard","has-post-thumbnail","hentry","category-trabajo"],"jetpack_featured_media_url":"https:\/\/radiorevelacionfm.cl\/wp-content\/uploads\/2025\/01\/Sence_CFT_CursoConvElecricidad_PtoAysen-1-1.jpg","_links":{"self":[{"href":"https:\/\/radiorevelacionfm.cl\/index.php?rest_route=\/wp\/v2\/posts\/49403","targetHints":{"allow":["GET"]}}],"collection":[{"href":"https:\/\/radiorevelacionfm.cl\/index.php?rest_route=\/wp\/v2\/posts"}],"about":[{"href":"https:\/\/radiorevelacionfm.cl\/index.php?rest_route=\/wp\/v2\/types\/post"}],"author":[{"embeddable":true,"href":"https:\/\/radiorevelacionfm.cl\/index.php?rest_route=\/wp\/v2\/users\/1"}],"replies":[{"embeddable":true,"href":"https:\/\/radiorevelacionfm.cl\/index.php?rest_route=%2Fwp%2Fv2%2Fcomments&post=49403"}],"version-history":[{"count":1,"href":"https:\/\/radiorevelacionfm.cl\/index.php?rest_route=\/wp\/v2\/posts\/49403\/revisions"}],"predecessor-version":[{"id":49405,"href":"https:\/\/radiorevelacionfm.cl\/index.php?rest_route=\/wp\/v2\/posts\/49403\/revisions\/49405"}],"wp:featuredmedia":[{"embeddable":true,"href":"https:\/\/radiorevelacionfm.cl\/index.php?rest_route=\/wp\/v2\/media\/49404"}],"wp:attachment":[{"href":"https:\/\/radiorevelacionfm.cl\/index.php?rest_route=%2Fwp%2Fv2%2Fmedia&parent=49403"}],"wp:term":[{"taxonomy":"category","embeddable":true,"href":"https:\/\/radiorevelacionfm.cl\/index.php?rest_route=%2Fwp%2Fv2%2Fcategories&post=49403"},{"taxonomy":"post_tag","embeddable":true,"href":"https:\/\/radiorevelacionfm.cl\/index.php?rest_route=%2Fwp%2Fv2%2Ftags&post=49403"}],"curies":[{"name":"wp","href":"https:\/\/api.w.org\/{rel}","templated":true}]}}