{"id":49398,"date":"2025-01-07T10:01:50","date_gmt":"2025-01-07T13:01:50","guid":{"rendered":"https:\/\/radiorevelacionfm.cl\/?p=49398"},"modified":"2025-01-07T10:11:15","modified_gmt":"2025-01-07T13:11:15","slug":"condenan-a-5-anos-de-presidio-a-extranjero-que-asalto-conocido-minmarket-de-coyhaique","status":"publish","type":"post","link":"https:\/\/radiorevelacionfm.cl\/?p=49398","title":{"rendered":"Condenan a 5 a\u00f1os de presidio a extranjero que asalt\u00f3 conocido minimarket de Coyhaique"},"content":{"rendered":"<div class=\"flex_column av_one_full  flex_column_div av-zero-column-padding first  avia-builder-el-0  el_before_av_one_full  avia-builder-el-first  \" style='border-radius:0px; '><div  class='avia-image-container  av-styling-    avia-builder-el-1  avia-builder-el-no-sibling  avia-align-center '  itemprop=\"image\" itemscope=\"itemscope\" itemtype=\"https:\/\/schema.org\/ImageObject\"  ><div class='avia-image-container-inner'><div class='avia-image-overlay-wrap'><img decoding=\"async\" class='wp-image-35723 avia-img-lazy-loading-not-35723 avia_image' src=\"https:\/\/radiorevelacionfm.cl\/wp-content\/uploads\/2023\/10\/Referencial-detenido-PDI-004-2-1-1.jpg\" alt='' title='Referencial detenido PDI 004 (2) (1) (1)' height=\"600\" width=\"900\"  itemprop=\"thumbnailUrl\" srcset=\"https:\/\/radiorevelacionfm.cl\/wp-content\/uploads\/2023\/10\/Referencial-detenido-PDI-004-2-1-1.jpg 900w, https:\/\/radiorevelacionfm.cl\/wp-content\/uploads\/2023\/10\/Referencial-detenido-PDI-004-2-1-1-300x200.jpg 300w, https:\/\/radiorevelacionfm.cl\/wp-content\/uploads\/2023\/10\/Referencial-detenido-PDI-004-2-1-1-768x512.jpg 768w, https:\/\/radiorevelacionfm.cl\/wp-content\/uploads\/2023\/10\/Referencial-detenido-PDI-004-2-1-1-705x470.jpg 705w, https:\/\/radiorevelacionfm.cl\/wp-content\/uploads\/2023\/10\/Referencial-detenido-PDI-004-2-1-1-450x300.jpg 450w, https:\/\/radiorevelacionfm.cl\/wp-content\/uploads\/2023\/10\/Referencial-detenido-PDI-004-2-1-1-600x400.jpg 600w\" sizes=\"(max-width: 900px) 100vw, 900px\" \/><\/div><\/div><\/div><\/div><div class=\"flex_column av_one_full  flex_column_div av-zero-column-padding first  avia-builder-el-2  el_after_av_one_full  el_before_av_one_full  column-top-margin\" style='border-radius:0px; '><section class=\"av_textblock_section \"  itemscope=\"itemscope\" itemtype=\"https:\/\/schema.org\/BlogPosting\" itemprop=\"blogPost\" ><div class='avia_textblock  '   itemprop=\"text\" ><p style=\"text-align: center;\"><strong><span style=\"font-size: 18pt;\">Condenan a 5 a\u00f1os de presidio a extranjero que asalt\u00f3 conocido minimarket de Coyhaique<\/span><\/strong><\/p>\n<div id=\"gtx-trans\" style=\"position: absolute; left: -50px; top: 4.31534px;\">\n<div class=\"gtx-trans-icon\"><\/div>\n<\/div>\n<\/div><\/section><\/div><\/p>\n<div class=\"flex_column av_one_full  flex_column_div av-zero-column-padding first  avia-builder-el-4  el_after_av_one_full  el_before_av_hr  column-top-margin\" style='border-radius:0px; '><section class=\"av_textblock_section \"  itemscope=\"itemscope\" itemtype=\"https:\/\/schema.org\/BlogPosting\" itemprop=\"blogPost\" ><div class='avia_textblock  '   itemprop=\"text\" ><p style=\"text-align: justify;\">El Juzgado de Garant\u00eda de Coyhaique dict\u00f3 sentencia condenatoria en contra de Jenifer Antonio Villaman, dominicano, quien se encontraba irregular y con una orden de expulsi\u00f3n vigente, \u00a0por los delitos de Robo con Intimidaci\u00f3n y Da\u00f1os Simples cometidos en mayo y junio de 2024.<\/p>\n<p style=\"text-align: justify;\">La investigaci\u00f3n, realizada por detectives de la Brigada Investigadora de Robos (BIRO) Coyhaique, logr\u00f3 situar al extranjero en dos hechos particulares, entregando pruebas contundentes que permitieron su condena.<\/p>\n<p style=\"text-align: justify;\">Seg\u00fan datos de la carpeta investigativa, el primer hecho ocurri\u00f3 el 21 de mayo de 2024, aproximadamente a las 21:30 horas, cuando el victimario ingres\u00f3 al minimarket \u00abEdy\u00bb, en Coyhaique. En el lugar, intimid\u00f3 a la propietaria y a una trabajadora, exigi\u00e9ndoles dinero con expresiones amenazantes y un encendedor con el que intent\u00f3 iniciar un incendio. Al no obtener lo solicitado, regres\u00f3 minutos despu\u00e9s con una piedra, reiterando las amenazas, logrando sustraer una gaveta de seguridad que conten\u00eda $60.000 en efectivo, para luego huir del lugar.<\/p>\n<p style=\"text-align: justify;\">El segundo hecho que se le imput\u00f3, ocurri\u00f3 el 7 de junio de 2024, alrededor de las 11:00 horas. Detectives de la BIRO Coyhaique, a ra\u00edz del caso expuesto anteriormente, estaban detr\u00e1s de los pasos de esta persona. Fue en una de las vigilancias realizadas que, Villam\u00e1n al salir de su casa y percatarse de la presencia policial, se subi\u00f3 a un veh\u00edculo e intent\u00f3 evadir a los funcionarios que lo segu\u00edan. Durante la persecuci\u00f3n, en la intersecci\u00f3n de calle Alfonso Serrano con pasaje Cerro La Paloma, los detectives se posicionaron frente al autom\u00f3vil del imputado, indic\u00e1ndole que se detuviera, \u00e9ste sin obedecer las \u00f3rdenes de los funcionarios policiales y actuando de manera intencional procedi\u00f3 a chocarlos, causando da\u00f1os de consideraci\u00f3n.<\/p>\n<p style=\"text-align: justify;\">Es por lo anterior y gracias a las pruebas entregadas por los investigadores, se consigui\u00f3 una sentencia de 5 a\u00f1os de Presidio Menor en su Grado M\u00e1ximo, por el delito de Robo con Intimidaci\u00f3n, con inhabilitaci\u00f3n absoluta perpetua para derechos pol\u00edticos y cargos p\u00fablicos durante la condena y 61 d\u00edas de Presidio Menor en su Grado M\u00ednimo, por el delito de Da\u00f1os Simples.<\/p>\n<p style=\"text-align: justify;\">Por \u00faltimo, El tribunal no concedi\u00f3 penas sustitutivas al sentenciado, quien deber\u00e1 cumplir la condena de manera efectiva. Adem\u00e1s, se orden\u00f3 el registro de su huella gen\u00e9tica en el sistema nacional de condenados, conforme al art\u00edculo 17 de la Ley 19.970.<\/p>\n<p style=\"text-align: justify;\"><strong>\u00a0<\/strong><\/p>\n<\/div><\/section><\/div>\n<div  style='height:50px' class='hr hr-invisible   avia-builder-el-6  el_after_av_one_full  el_before_av_social_share '><span class='hr-inner ' ><span class='hr-inner-style'><\/span><\/span><\/div>\n<div  class='av-social-sharing-box  avia-builder-el-7  el_after_av_hr  el_before_av_hr  '><div class='av-share-box'><h5 class='av-share-link-description av-no-toc '>Compartir esta noticia<\/h5><ul class='av-share-box-list noLightbox'><li class='av-share-link av-social-link-facebook' ><a target=\"_blank\" aria-label=\"Compartir en Facebook\" href='https:\/\/www.facebook.com\/sharer.php?u=https:\/\/radiorevelacionfm.cl\/?p=49398&#038;t=Condenan%20a%205%20a%C3%B1os%20de%20presidio%20a%20extranjero%20que%20asalt%C3%B3%20conocido%20minimarket%20de%20Coyhaique' aria-hidden='false' data-av_icon='\ue8f3' data-av_iconfont='entypo-fontello' title='' data-avia-related-tooltip='Compartir en Facebook' rel=\"noopener\"><span class='avia_hidden_link_text'>Compartir en Facebook<\/span><\/a><\/li><li class='av-share-link av-social-link-twitter' ><a target=\"_blank\" aria-label=\"Compartir en Twitter\" href='https:\/\/twitter.com\/share?text=Condenan%20a%205%20a%C3%B1os%20de%20presidio%20a%20extranjero%20que%20asalt%C3%B3%20conocido%20minimarket%20de%20Coyhaique&#038;url=https:\/\/radiorevelacionfm.cl\/?p=49398' aria-hidden='false' data-av_icon='\ue8f1' data-av_iconfont='entypo-fontello' title='' data-avia-related-tooltip='Compartir en Twitter' rel=\"noopener\"><span class='avia_hidden_link_text'>Compartir en Twitter<\/span><\/a><\/li><li class='av-share-link av-social-link-whatsapp' ><a target=\"_blank\" aria-label=\"Compartir en Whatsapp\" href='https:\/\/api.whatsapp.com\/send?text=https:\/\/radiorevelacionfm.cl\/?p=49398' aria-hidden='false' data-av_icon='\uf232' data-av_iconfont='entypo-fontello' title='' data-avia-related-tooltip='Compartir en Whatsapp' rel=\"noopener\"><span class='avia_hidden_link_text'>Compartir en Whatsapp<\/span><\/a><\/li><li class='av-share-link av-social-link-linkedin' ><a target=\"_blank\" aria-label=\"Compartir en LinkedIn\" href='https:\/\/linkedin.com\/shareArticle?mini=true&#038;title=Condenan%20a%205%20a%C3%B1os%20de%20presidio%20a%20extranjero%20que%20asalt%C3%B3%20conocido%20minimarket%20de%20Coyhaique&#038;url=https:\/\/radiorevelacionfm.cl\/?p=49398' aria-hidden='false' data-av_icon='\ue8fc' data-av_iconfont='entypo-fontello' title='' data-avia-related-tooltip='Compartir en LinkedIn' rel=\"noopener\"><span class='avia_hidden_link_text'>Compartir en LinkedIn<\/span><\/a><\/li><li class='av-share-link av-social-link-mail' ><a  aria-label=\"Compartir por correo\" href='mailto:?subject=Condenan%20a%205%20a%C3%B1os%20de%20presidio%20a%20extranjero%20que%20asalt%C3%B3%20conocido%20minimarket%20de%20Coyhaique&#038;body=https:\/\/radiorevelacionfm.cl\/?p=49398' aria-hidden='false' data-av_icon='\ue805' data-av_iconfont='entypo-fontello' title='' data-avia-related-tooltip='Compartir por correo'><span class='avia_hidden_link_text'>Compartir por correo<\/span><\/a><\/li><\/ul><\/div><\/div>\n<div  style='height:50px' class='hr hr-invisible   avia-builder-el-8  el_after_av_social_share  el_before_av_comments_list '><span class='hr-inner ' ><span class='hr-inner-style'><\/span><\/span><\/div>\n<div  class='av-buildercomment  av-blog-meta-html-info-disabled av-blog-meta-tag-disabled  '><\/div>\n","protected":false},"excerpt":{"rendered":"","protected":false},"author":1,"featured_media":18858,"comment_status":"open","ping_status":"open","sticky":false,"template":"","format":"standard","meta":{"footnotes":""},"categories":[36],"tags":[],"class_list":["post-49398","post","type-post","status-publish","format-standard","has-post-thumbnail","hentry","category-policial"],"jetpack_featured_media_url":"https:\/\/radiorevelacionfm.cl\/wp-content\/uploads\/2022\/07\/Referencial-detenido-PDI-004-1-1-1.jpg","_links":{"self":[{"href":"https:\/\/radiorevelacionfm.cl\/index.php?rest_route=\/wp\/v2\/posts\/49398","targetHints":{"allow":["GET"]}}],"collection":[{"href":"https:\/\/radiorevelacionfm.cl\/index.php?rest_route=\/wp\/v2\/posts"}],"about":[{"href":"https:\/\/radiorevelacionfm.cl\/index.php?rest_route=\/wp\/v2\/types\/post"}],"author":[{"embeddable":true,"href":"https:\/\/radiorevelacionfm.cl\/index.php?rest_route=\/wp\/v2\/users\/1"}],"replies":[{"embeddable":true,"href":"https:\/\/radiorevelacionfm.cl\/index.php?rest_route=%2Fwp%2Fv2%2Fcomments&post=49398"}],"version-history":[{"count":3,"href":"https:\/\/radiorevelacionfm.cl\/index.php?rest_route=\/wp\/v2\/posts\/49398\/revisions"}],"predecessor-version":[{"id":49401,"href":"https:\/\/radiorevelacionfm.cl\/index.php?rest_route=\/wp\/v2\/posts\/49398\/revisions\/49401"}],"wp:featuredmedia":[{"embeddable":true,"href":"https:\/\/radiorevelacionfm.cl\/index.php?rest_route=\/wp\/v2\/media\/18858"}],"wp:attachment":[{"href":"https:\/\/radiorevelacionfm.cl\/index.php?rest_route=%2Fwp%2Fv2%2Fmedia&parent=49398"}],"wp:term":[{"taxonomy":"category","embeddable":true,"href":"https:\/\/radiorevelacionfm.cl\/index.php?rest_route=%2Fwp%2Fv2%2Fcategories&post=49398"},{"taxonomy":"post_tag","embeddable":true,"href":"https:\/\/radiorevelacionfm.cl\/index.php?rest_route=%2Fwp%2Fv2%2Ftags&post=49398"}],"curies":[{"name":"wp","href":"https:\/\/api.w.org\/{rel}","templated":true}]}}