{"id":49389,"date":"2025-01-06T16:50:48","date_gmt":"2025-01-06T19:50:48","guid":{"rendered":"https:\/\/radiorevelacionfm.cl\/?p=49389"},"modified":"2025-01-06T16:50:48","modified_gmt":"2025-01-06T19:50:48","slug":"con-casi-2-mil-millones-de-pesos-el-comite-de-desarrollo-productivo-aysen-impulso-la-descentralizacion-y-la-innovacion-en-2024","status":"publish","type":"post","link":"https:\/\/radiorevelacionfm.cl\/?p=49389","title":{"rendered":"Con casi 2 mil millones de pesos, el Comit\u00e9 de Desarrollo Productivo Ays\u00e9n impuls\u00f3 la descentralizaci\u00f3n y la innovaci\u00f3n en 2024"},"content":{"rendered":"<div class=\"flex_column av_one_full  flex_column_div av-zero-column-padding first  avia-builder-el-0  el_before_av_one_full  avia-builder-el-first  \" style='border-radius:0px; '><div  class='avia-image-container  av-styling-    avia-builder-el-1  avia-builder-el-no-sibling  avia-align-center '  itemprop=\"image\" itemscope=\"itemscope\" itemtype=\"https:\/\/schema.org\/ImageObject\"  ><div class='avia-image-container-inner'><div class='avia-image-overlay-wrap'><img decoding=\"async\" class='wp-image-49390 avia-img-lazy-loading-not-49390 avia_image' src=\"https:\/\/radiorevelacionfm.cl\/wp-content\/uploads\/2025\/01\/20240904_093738-1-1.jpg\" alt='' title='20240904_093738 (1) (1)' height=\"610\" width=\"803\"  itemprop=\"thumbnailUrl\" srcset=\"https:\/\/radiorevelacionfm.cl\/wp-content\/uploads\/2025\/01\/20240904_093738-1-1.jpg 803w, https:\/\/radiorevelacionfm.cl\/wp-content\/uploads\/2025\/01\/20240904_093738-1-1-300x228.jpg 300w, https:\/\/radiorevelacionfm.cl\/wp-content\/uploads\/2025\/01\/20240904_093738-1-1-768x583.jpg 768w, https:\/\/radiorevelacionfm.cl\/wp-content\/uploads\/2025\/01\/20240904_093738-1-1-705x536.jpg 705w, https:\/\/radiorevelacionfm.cl\/wp-content\/uploads\/2025\/01\/20240904_093738-1-1-450x342.jpg 450w, https:\/\/radiorevelacionfm.cl\/wp-content\/uploads\/2025\/01\/20240904_093738-1-1-600x456.jpg 600w\" sizes=\"(max-width: 803px) 100vw, 803px\" \/><\/div><\/div><\/div><\/div><div class=\"flex_column av_one_full  flex_column_div av-zero-column-padding first  avia-builder-el-2  el_after_av_one_full  el_before_av_one_full  column-top-margin\" style='border-radius:0px; '><section class=\"av_textblock_section \"  itemscope=\"itemscope\" itemtype=\"https:\/\/schema.org\/BlogPosting\" itemprop=\"blogPost\" ><div class='avia_textblock  '   itemprop=\"text\" ><p style=\"text-align: center;\"><span style=\"font-size: 18pt;\"><b>Con casi 2 mil millones de pesos, el Comit\u00e9 de Desarrollo Productivo Ays\u00e9n impuls\u00f3 la descentralizaci\u00f3n y la innovaci\u00f3n en 2024<\/b><\/span><\/p>\n<div id=\"gtx-trans\" style=\"position: absolute; left: -50px; top: 4.31534px;\">\n<div class=\"gtx-trans-icon\"><\/div>\n<\/div>\n<\/div><\/section><\/div><div class=\"flex_column av_one_full  flex_column_div av-zero-column-padding first  avia-builder-el-4  el_after_av_one_full  el_before_av_hr  column-top-margin\" style='border-radius:0px; '><section class=\"av_textblock_section \"  itemscope=\"itemscope\" itemtype=\"https:\/\/schema.org\/BlogPosting\" itemprop=\"blogPost\" ><div class='avia_textblock  '   itemprop=\"text\" ><p style=\"font-weight: 400; text-align: justify;\"><em>La iniciativa destin\u00f3 un presupuesto de m\u00e1s de $1.930 millones durante el a\u00f1o 2024, para fortalecer la innovaci\u00f3n, el emprendimiento y la sostenibilidad, consolid\u00e1ndose como un motor clave para el desarrollo econ\u00f3mico y social de la regi\u00f3n.<\/em><\/p>\n<p style=\"font-weight: 400; text-align: justify;\">Con una inversi\u00f3n superior a $1.930 millones, el Comit\u00e9 de Desarrollo Productivo Regional (CDPR) de Ays\u00e9n dio inicio a un proceso transformador en su primer a\u00f1o de funcionamiento, impulsando la ejecuci\u00f3n de 24 proyectos orientados a la innovaci\u00f3n, la tecnolog\u00eda y el emprendimiento durante 2024.<\/p>\n<p style=\"font-weight: 400; text-align: justify;\">Humberto Mar\u00edn Leiva, director de Corfo y secretario ejecutivo del CDPR, destac\u00f3 el impacto de esta iniciativa en la descentralizaci\u00f3n del pa\u00eds y de la regi\u00f3n. \u201cCon una inversi\u00f3n de casi 2 mil millones de pesos, el Comit\u00e9 de Desarrollo Productivo Regional de Ays\u00e9n est\u00e1 marcando un hito en la transformaci\u00f3n regional al ejecutar el 100% de los recursos comprometidos en su primer a\u00f1o\u201d, afirm\u00f3.<\/p>\n<p style=\"font-weight: 400; text-align: justify;\">Mar\u00edn subray\u00f3 adem\u00e1s que \u201cestos comit\u00e9s son una manifestaci\u00f3n concreta de la pol\u00edtica de descentralizaci\u00f3n del gobierno del presidente Gabriel Boric, donde las decisiones se toman desde las regiones, por las regiones y para las regiones\u201d. Asimismo, destac\u00f3 que el trabajo conjunto con el Gobierno Regional, Sercotec, el sector privado y la academia ha fortalecido la gesti\u00f3n presupuestaria, permitiendo la asignaci\u00f3n de fondos alineados con las necesidades de cada territorio. Estas acciones, concluy\u00f3 Mar\u00edn, \u201creflejan el compromiso por empoderar a las regiones y avanzar hacia un desarrollo sostenible y equitativo\u201d.<\/p>\n<p style=\"font-weight: 400; text-align: justify;\">En tanto, Nelly Vargas Mansilla, directora de Sercotec, destac\u00f3 la importancia de la participaci\u00f3n de su servicio en el Comit\u00e9 de Desarrollo Productivo Regional. \u201cComo Presidenta del Subcomit\u00e9 de Fomento Productivo, esta participaci\u00f3n ha sido una experiencia enriquecedora que nos ha permitido fortalecer nuestro trabajo y generar un mayor impacto en las micro y peque\u00f1as empresas\u00bb. La integraci\u00f3n de los programas de Sercotec al comit\u00e9 ha facilitado una retroalimentaci\u00f3n continua, permitiendo la incorporaci\u00f3n de mejoras y asegurando su alineaci\u00f3n con los objetivos regionales. \u00abEste trabajo en conjunto\u00bb, se\u00f1ala Vargas, \u00abpromueve un desarrollo m\u00e1s coordinado y sostenible\u00bb.<\/p>\n<p style=\"font-weight: 400; text-align: justify;\">Por su parte, Gabriel N\u00fa\u00f1ez Vivanco, consejero del Comit\u00e9, destaca el rol crucial de la Universidad de Ays\u00e9n en el desarrollo regional. Seg\u00fan N\u00fa\u00f1ez, \u00abMi participaci\u00f3n es una extensi\u00f3n de la visi\u00f3n acad\u00e9mica vinculada al territorio\u00bb. La universidad act\u00faa como puente entre academia y sector productivo, aportando conocimientos especializados, fomentando la investigaci\u00f3n y formando profesionales. Este enfoque, esencial para N\u00fa\u00f1ez, permite \u00abproyectar un desarrollo sostenible, innovador\u00bb y responder a las necesidades regionales.<\/p>\n<p style=\"font-weight: 400; text-align: justify;\"><strong>INNOVACI\u00d3N Y SOSTENIBILIDAD<\/strong><\/p>\n<p style=\"font-weight: 400; text-align: justify;\">Entre las iniciativas apoyadas, destaca el proyecto de Paulo Landeros en Caleta Tortel, financiado con el instrumento por Desarrolla Inversi\u00f3n, que busca fortalecer el turismo con la adquisici\u00f3n de una lancha para 20 pasajeros, mejoras en un hostal y la instalaci\u00f3n de paneles solares, promoviendo un turismo responsable con una inversi\u00f3n total de $129 millones, de los cuales Corfo aport\u00f3 50 millones de pesos.<\/p>\n<p style=\"font-weight: 400; text-align: justify;\">Proyectos como Patagonia Gelato, financiado por Innova Regi\u00f3n con $60 millones, desarrollan helados funcionales y saludables elaborados con frutos patag\u00f3nicos, mientras que el de Eco Gu\u00edas Aventura Limitada, apoyado por el programa S\u00famate a Innovar, utiliza inteligencia artificial para personalizar la planificaci\u00f3n de viajes en Ays\u00e9n. Adem\u00e1s, el proyecto del INIA, financiado por el programa Viraliza Difusi\u00f3n \u2013 Eventos Ays\u00e9n 2024, fomenta la producci\u00f3n de alimentos fermentados con identidad local, fortaleciendo la econom\u00eda circular y la diversificaci\u00f3n productiva.<\/p>\n<p style=\"font-weight: 400; text-align: justify;\">El Comit\u00e9 de Desarrollo Productivo es una instancia de coordinaci\u00f3n estrat\u00e9gica en materias de desarrollo econ\u00f3mico y productivo, que ha sido posible gracias al trabajo conjunto entre Corfo, los Gobiernos Regionales y el Ministerio de Econom\u00eda. Su funci\u00f3n es promover y apoyar el desarrollo econ\u00f3mico y productivo regional, con especial foco en mejorar las capacidades y oportunidades para que emprendedores\/as, empresas y redes productivas locales, desarrollen sus proyectos de negocios, mejoren su productividad y aumenten sosteniblemente su valor. Con la instalaci\u00f3n de este comit\u00e9 se puso en marcha un proceso concreto de descentralizaci\u00f3n que empodera a la regi\u00f3n en la toma de decisiones y le permite definir, el uso de recursos p\u00fablicos considerando sus particularidades y sus desaf\u00edos, en coherencia con su estrategia de desarrollo territorial.<\/p>\n<\/div><\/section><\/div><div  style='height:50px' class='hr hr-invisible   avia-builder-el-6  el_after_av_one_full  el_before_av_social_share '><span class='hr-inner ' ><span class='hr-inner-style'><\/span><\/span><\/div><\/p>\n<div  class='av-social-sharing-box  avia-builder-el-7  el_after_av_hr  el_before_av_hr  '><div class='av-share-box'><h5 class='av-share-link-description av-no-toc '>Compartir esta noticia<\/h5><ul class='av-share-box-list noLightbox'><li class='av-share-link av-social-link-facebook' ><a target=\"_blank\" aria-label=\"Compartir en Facebook\" href='https:\/\/www.facebook.com\/sharer.php?u=https:\/\/radiorevelacionfm.cl\/?p=49389&#038;t=Con%20casi%202%20mil%20millones%20de%20pesos%2C%20el%20Comit%C3%A9%20de%20Desarrollo%20Productivo%20Ays%C3%A9n%20impuls%C3%B3%20la%20descentralizaci%C3%B3n%20y%20la%20innovaci%C3%B3n%20en%202024' aria-hidden='false' data-av_icon='\ue8f3' data-av_iconfont='entypo-fontello' title='' data-avia-related-tooltip='Compartir en Facebook' rel=\"noopener\"><span class='avia_hidden_link_text'>Compartir en Facebook<\/span><\/a><\/li><li class='av-share-link av-social-link-twitter' ><a target=\"_blank\" aria-label=\"Compartir en Twitter\" href='https:\/\/twitter.com\/share?text=Con%20casi%202%20mil%20millones%20de%20pesos%2C%20el%20Comit%C3%A9%20de%20Desarrollo%20Productivo%20Ays%C3%A9n%20impuls%C3%B3%20la%20descentralizaci%C3%B3n%20y%20la%20innovaci%C3%B3n%20en%202024&#038;url=https:\/\/radiorevelacionfm.cl\/?p=49389' aria-hidden='false' data-av_icon='\ue8f1' data-av_iconfont='entypo-fontello' title='' data-avia-related-tooltip='Compartir en Twitter' rel=\"noopener\"><span class='avia_hidden_link_text'>Compartir en Twitter<\/span><\/a><\/li><li class='av-share-link av-social-link-whatsapp' ><a target=\"_blank\" aria-label=\"Compartir en Whatsapp\" href='https:\/\/api.whatsapp.com\/send?text=https:\/\/radiorevelacionfm.cl\/?p=49389' aria-hidden='false' data-av_icon='\uf232' data-av_iconfont='entypo-fontello' title='' data-avia-related-tooltip='Compartir en Whatsapp' rel=\"noopener\"><span class='avia_hidden_link_text'>Compartir en Whatsapp<\/span><\/a><\/li><li class='av-share-link av-social-link-linkedin' ><a target=\"_blank\" aria-label=\"Compartir en LinkedIn\" href='https:\/\/linkedin.com\/shareArticle?mini=true&#038;title=Con%20casi%202%20mil%20millones%20de%20pesos%2C%20el%20Comit%C3%A9%20de%20Desarrollo%20Productivo%20Ays%C3%A9n%20impuls%C3%B3%20la%20descentralizaci%C3%B3n%20y%20la%20innovaci%C3%B3n%20en%202024&#038;url=https:\/\/radiorevelacionfm.cl\/?p=49389' aria-hidden='false' data-av_icon='\ue8fc' data-av_iconfont='entypo-fontello' title='' data-avia-related-tooltip='Compartir en LinkedIn' rel=\"noopener\"><span class='avia_hidden_link_text'>Compartir en LinkedIn<\/span><\/a><\/li><li class='av-share-link av-social-link-mail' ><a  aria-label=\"Compartir por correo\" href='mailto:?subject=Con%20casi%202%20mil%20millones%20de%20pesos%2C%20el%20Comit%C3%A9%20de%20Desarrollo%20Productivo%20Ays%C3%A9n%20impuls%C3%B3%20la%20descentralizaci%C3%B3n%20y%20la%20innovaci%C3%B3n%20en%202024&#038;body=https:\/\/radiorevelacionfm.cl\/?p=49389' aria-hidden='false' data-av_icon='\ue805' data-av_iconfont='entypo-fontello' title='' data-avia-related-tooltip='Compartir por correo'><span class='avia_hidden_link_text'>Compartir por correo<\/span><\/a><\/li><\/ul><\/div><\/div>\n<div  style='height:50px' class='hr hr-invisible   avia-builder-el-8  el_after_av_social_share  el_before_av_comments_list '><span class='hr-inner ' ><span class='hr-inner-style'><\/span><\/span><\/div>\n<div  class='av-buildercomment  av-blog-meta-html-info-disabled av-blog-meta-tag-disabled  '><\/div>\n","protected":false},"excerpt":{"rendered":"","protected":false},"author":1,"featured_media":49390,"comment_status":"open","ping_status":"open","sticky":false,"template":"","format":"standard","meta":{"footnotes":""},"categories":[38],"tags":[],"class_list":["post-49389","post","type-post","status-publish","format-standard","has-post-thumbnail","hentry","category-regional"],"jetpack_featured_media_url":"https:\/\/radiorevelacionfm.cl\/wp-content\/uploads\/2025\/01\/20240904_093738-1-1.jpg","_links":{"self":[{"href":"https:\/\/radiorevelacionfm.cl\/index.php?rest_route=\/wp\/v2\/posts\/49389","targetHints":{"allow":["GET"]}}],"collection":[{"href":"https:\/\/radiorevelacionfm.cl\/index.php?rest_route=\/wp\/v2\/posts"}],"about":[{"href":"https:\/\/radiorevelacionfm.cl\/index.php?rest_route=\/wp\/v2\/types\/post"}],"author":[{"embeddable":true,"href":"https:\/\/radiorevelacionfm.cl\/index.php?rest_route=\/wp\/v2\/users\/1"}],"replies":[{"embeddable":true,"href":"https:\/\/radiorevelacionfm.cl\/index.php?rest_route=%2Fwp%2Fv2%2Fcomments&post=49389"}],"version-history":[{"count":1,"href":"https:\/\/radiorevelacionfm.cl\/index.php?rest_route=\/wp\/v2\/posts\/49389\/revisions"}],"predecessor-version":[{"id":49391,"href":"https:\/\/radiorevelacionfm.cl\/index.php?rest_route=\/wp\/v2\/posts\/49389\/revisions\/49391"}],"wp:featuredmedia":[{"embeddable":true,"href":"https:\/\/radiorevelacionfm.cl\/index.php?rest_route=\/wp\/v2\/media\/49390"}],"wp:attachment":[{"href":"https:\/\/radiorevelacionfm.cl\/index.php?rest_route=%2Fwp%2Fv2%2Fmedia&parent=49389"}],"wp:term":[{"taxonomy":"category","embeddable":true,"href":"https:\/\/radiorevelacionfm.cl\/index.php?rest_route=%2Fwp%2Fv2%2Fcategories&post=49389"},{"taxonomy":"post_tag","embeddable":true,"href":"https:\/\/radiorevelacionfm.cl\/index.php?rest_route=%2Fwp%2Fv2%2Ftags&post=49389"}],"curies":[{"name":"wp","href":"https:\/\/api.w.org\/{rel}","templated":true}]}}