{"id":49387,"date":"2025-01-06T15:53:10","date_gmt":"2025-01-06T18:53:10","guid":{"rendered":"https:\/\/radiorevelacionfm.cl\/?p=49387"},"modified":"2025-01-06T15:53:10","modified_gmt":"2025-01-06T18:53:10","slug":"tribunal-condena-a-13-8-y-5-anos-de-presidio-a-autores-de-trafico-de-drogas-en-puerto-aysen","status":"publish","type":"post","link":"https:\/\/radiorevelacionfm.cl\/?p=49387","title":{"rendered":"Tribunal condena a 13, 8 y 5 a\u00f1os de presidio a autores de tr\u00e1fico de drogas en Puerto Ays\u00e9n"},"content":{"rendered":"<div class=\"flex_column av_one_full  flex_column_div av-zero-column-padding first  avia-builder-el-0  el_before_av_one_full  avia-builder-el-first  \" style='border-radius:0px; '><div  class='avia-image-container  av-styling-    avia-builder-el-1  avia-builder-el-no-sibling  avia-align-center '  itemprop=\"image\" itemscope=\"itemscope\" itemtype=\"https:\/\/schema.org\/ImageObject\"  ><div class='avia-image-container-inner'><div class='avia-image-overlay-wrap'><img decoding=\"async\" class='wp-image-43253 avia-img-lazy-loading-not-43253 avia_image' src=\"https:\/\/radiorevelacionfm.cl\/wp-content\/uploads\/2024\/06\/foto-garantia-1_optimized-1.jpg\" alt='' title='foto-garantia-(1)_optimized (1)' height=\"600\" width=\"1187\"  itemprop=\"thumbnailUrl\" srcset=\"https:\/\/radiorevelacionfm.cl\/wp-content\/uploads\/2024\/06\/foto-garantia-1_optimized-1.jpg 1187w, https:\/\/radiorevelacionfm.cl\/wp-content\/uploads\/2024\/06\/foto-garantia-1_optimized-1-300x152.jpg 300w, https:\/\/radiorevelacionfm.cl\/wp-content\/uploads\/2024\/06\/foto-garantia-1_optimized-1-1030x521.jpg 1030w, https:\/\/radiorevelacionfm.cl\/wp-content\/uploads\/2024\/06\/foto-garantia-1_optimized-1-768x388.jpg 768w, https:\/\/radiorevelacionfm.cl\/wp-content\/uploads\/2024\/06\/foto-garantia-1_optimized-1-705x356.jpg 705w, https:\/\/radiorevelacionfm.cl\/wp-content\/uploads\/2024\/06\/foto-garantia-1_optimized-1-450x227.jpg 450w, https:\/\/radiorevelacionfm.cl\/wp-content\/uploads\/2024\/06\/foto-garantia-1_optimized-1-600x303.jpg 600w\" sizes=\"(max-width: 1187px) 100vw, 1187px\" \/><\/div><\/div><\/div><\/div><div class=\"flex_column av_one_full  flex_column_div av-zero-column-padding first  avia-builder-el-2  el_after_av_one_full  el_before_av_one_full  column-top-margin\" style='border-radius:0px; '><section class=\"av_textblock_section \"  itemscope=\"itemscope\" itemtype=\"https:\/\/schema.org\/BlogPosting\" itemprop=\"blogPost\" ><div class='avia_textblock  '   itemprop=\"text\" ><p style=\"text-align: center;\"><strong><span style=\"font-size: 18pt;\">Tribunal condena a 13, 8 y 5 a\u00f1os de presidio a autores de tr\u00e1fico de drogas en Puerto Ays\u00e9n<\/span><\/strong><\/p>\n<div id=\"gtx-trans\" style=\"position: absolute; left: -50px; top: 4.31534px;\">\n<div class=\"gtx-trans-icon\"><\/div>\n<\/div>\n<\/div><\/section><\/div><div class=\"flex_column av_one_full  flex_column_div av-zero-column-padding first  avia-builder-el-4  el_after_av_one_full  el_before_av_hr  column-top-margin\" style='border-radius:0px; '><section class=\"av_textblock_section \"  itemscope=\"itemscope\" itemtype=\"https:\/\/schema.org\/BlogPosting\" itemprop=\"blogPost\" ><div class='avia_textblock  '   itemprop=\"text\" ><p class=\"v1MsoNormal\" style=\"text-align: justify;\">El Tribunal de Juicio Oral en lo Penal de Coyhaique conden\u00f3 a Germ\u00e1n Eliseo M\u00e1rquez Bahamonde a la pena de 13 a\u00f1os de presidio, m\u00e1s las accesorias legales de inhabilitaci\u00f3n absoluta perpetua para cargos y oficios p\u00fablicos y derechos pol\u00edticos y la inhabilitaci\u00f3n absoluta para profesiones titulares mientras dure la condena; m\u00e1s el pago de una multa de 70 UTM, en calidad de autor del delito consumado de tr\u00e1fico de drogas. Il\u00edcito perpetrado en abril del a\u00f1o pasado, en la comuna de Puerto Ays\u00e9n.<\/p>\n<p class=\"v1MsoNormal\" style=\"text-align: justify;\">En fallo un\u00e1nime (causa rol 133-2025), el tribunal \u2013integrado por los magistrados Patricio Z\u00fa\u00f1iga (presidente), Rosal\u00eda Mansilla y M\u00f3nica Coloma Pulgar (redactora)\u2013 conden\u00f3 a los acusados Mauricio Alejandro Aburto V\u00e1squez y Felipe Alberto Miranda Miranda a las penas de 8 a\u00f1os y 5 a\u00f1os de presidio, respectivamente, accesorias de inhabilitaci\u00f3n absoluta perpetua para derechos pol\u00edticos y la inhabilitaci\u00f3n absoluta para cargos y oficios p\u00fablicos mientras duren las condenas y el pago de una multa de 40 UTM cada uno, como coautores del delito.<\/p>\n<p class=\"v1MsoNormal\" style=\"text-align: justify;\">Una vez que el fallo quede ejecutoriado, el tribunal dispuso que se proceda a la toma de muestras biol\u00f3gicas de los sentenciados para determinar\u00a0sus respectivas huellas gen\u00e9ticas\u00a0e incorporaci\u00f3n en el registro nacional de ADN de condenados. Adem\u00e1s, se decret\u00f3 el comiso de las especies y dinero incautados en el procedimiento.<\/p>\n<p class=\"v1MsoNormal\" style=\"text-align: justify;\">El tribunal dio por acreditado, m\u00e1s all\u00e1 de toda duda razonable,\u00a0que\u00a0entre el 9 y el 11 de abril de 2024, Aburto V\u00e1squez, Miranda Miranda y M\u00e1rquez Bahamonde participaron en la coordinaci\u00f3n para el transporte de una encomienda contenedora de droga (marihuana) a la Regi\u00f3n de Ays\u00e9n, espec\u00edficamente a la comuna de Coyhaique y con destino final la comuna de Puerto Ays\u00e9n, utilizando para ello los servicios de la empresa de encomiendas Starken.<\/p>\n<p class=\"v1MsoNormal\" style=\"text-align: justify;\">Con la autorizaci\u00f3n judicial, se procedi\u00f3 a la apertura de la encomienda, la que correspond\u00eda a una caja envuelta en filme transparente, en cuyo interior los imputados trasladaron una bolsa de basura color verde con tres paquetes pluriformes envueltos en papel filme transparente, conteniendo en su interior sustancia vegetal de cannabis, pesos netos de 999,93 gramos: 997 gramos y 998,59 gramos, respectivamente. La que fue sustituida y sometida a una entrega vigilada y controlada.<\/p>\n<p class=\"v1MsoNormal\" style=\"text-align: justify;\">Posteriormente, el 11 de abril de 2024, en horas de la tarde, los funcionarios policiales autorizados judicialmente hicieron ingreso al inmueble de calle Enfermera Sara Mussiet N\u00b010 comuna de Puerto Ays\u00e9n, lugar donde sorprendieron a M\u00e1rquez Bahamondes portando la suma de $589.000; en una mochila colgada en la puerta de acceso de la propiedad, pose\u00eda una bolsa contenedora de sustancia en polvo blanco, cuyo an\u00e1lisis qu\u00edmico posterior determin\u00f3 que se trataba de coca\u00edna clorhidrato, con un peso de 23,9 gramos. El mismo d\u00eda, los funcionarios policiales hicieron ingreso al inmueble donde se encontraba Aburto V\u00e1squez en posesi\u00f3n de una bolsa con un tarro met\u00e1lico contenedor de sustancia vegetal de cannabis, peso neto 6,41 gramos. En la misma bolsa pose\u00eda una balanza digital utilizada para la dosificaci\u00f3n de droga y $35.000 en dinero en efectivo.<\/p>\n<\/div><\/section><\/div><div  style='height:50px' class='hr hr-invisible   avia-builder-el-6  el_after_av_one_full  el_before_av_social_share '><span class='hr-inner ' ><span class='hr-inner-style'><\/span><\/span><\/div><\/p>\n<div  class='av-social-sharing-box  avia-builder-el-7  el_after_av_hr  el_before_av_hr  '><div class='av-share-box'><h5 class='av-share-link-description av-no-toc '>Compartir esta noticia<\/h5><ul class='av-share-box-list noLightbox'><li class='av-share-link av-social-link-facebook' ><a target=\"_blank\" aria-label=\"Compartir en Facebook\" href='https:\/\/www.facebook.com\/sharer.php?u=https:\/\/radiorevelacionfm.cl\/?p=49387&#038;t=Tribunal%20condena%20a%2013%2C%208%20y%205%20a%C3%B1os%20de%20presidio%20a%20autores%20de%20tr%C3%A1fico%20de%20drogas%20en%20Puerto%20Ays%C3%A9n' aria-hidden='false' data-av_icon='\ue8f3' data-av_iconfont='entypo-fontello' title='' data-avia-related-tooltip='Compartir en Facebook' rel=\"noopener\"><span class='avia_hidden_link_text'>Compartir en Facebook<\/span><\/a><\/li><li class='av-share-link av-social-link-twitter' ><a target=\"_blank\" aria-label=\"Compartir en Twitter\" href='https:\/\/twitter.com\/share?text=Tribunal%20condena%20a%2013%2C%208%20y%205%20a%C3%B1os%20de%20presidio%20a%20autores%20de%20tr%C3%A1fico%20de%20drogas%20en%20Puerto%20Ays%C3%A9n&#038;url=https:\/\/radiorevelacionfm.cl\/?p=49387' aria-hidden='false' data-av_icon='\ue8f1' data-av_iconfont='entypo-fontello' title='' data-avia-related-tooltip='Compartir en Twitter' rel=\"noopener\"><span class='avia_hidden_link_text'>Compartir en Twitter<\/span><\/a><\/li><li class='av-share-link av-social-link-whatsapp' ><a target=\"_blank\" aria-label=\"Compartir en Whatsapp\" href='https:\/\/api.whatsapp.com\/send?text=https:\/\/radiorevelacionfm.cl\/?p=49387' aria-hidden='false' data-av_icon='\uf232' data-av_iconfont='entypo-fontello' title='' data-avia-related-tooltip='Compartir en Whatsapp' rel=\"noopener\"><span class='avia_hidden_link_text'>Compartir en Whatsapp<\/span><\/a><\/li><li class='av-share-link av-social-link-linkedin' ><a target=\"_blank\" aria-label=\"Compartir en LinkedIn\" href='https:\/\/linkedin.com\/shareArticle?mini=true&#038;title=Tribunal%20condena%20a%2013%2C%208%20y%205%20a%C3%B1os%20de%20presidio%20a%20autores%20de%20tr%C3%A1fico%20de%20drogas%20en%20Puerto%20Ays%C3%A9n&#038;url=https:\/\/radiorevelacionfm.cl\/?p=49387' aria-hidden='false' data-av_icon='\ue8fc' data-av_iconfont='entypo-fontello' title='' data-avia-related-tooltip='Compartir en LinkedIn' rel=\"noopener\"><span class='avia_hidden_link_text'>Compartir en LinkedIn<\/span><\/a><\/li><li class='av-share-link av-social-link-mail' ><a  aria-label=\"Compartir por correo\" href='mailto:?subject=Tribunal%20condena%20a%2013%2C%208%20y%205%20a%C3%B1os%20de%20presidio%20a%20autores%20de%20tr%C3%A1fico%20de%20drogas%20en%20Puerto%20Ays%C3%A9n&#038;body=https:\/\/radiorevelacionfm.cl\/?p=49387' aria-hidden='false' data-av_icon='\ue805' data-av_iconfont='entypo-fontello' title='' data-avia-related-tooltip='Compartir por correo'><span class='avia_hidden_link_text'>Compartir por correo<\/span><\/a><\/li><\/ul><\/div><\/div>\n<div  style='height:50px' class='hr hr-invisible   avia-builder-el-8  el_after_av_social_share  el_before_av_comments_list '><span class='hr-inner ' ><span class='hr-inner-style'><\/span><\/span><\/div>\n<div  class='av-buildercomment  av-blog-meta-html-info-disabled av-blog-meta-tag-disabled  '><\/div>\n","protected":false},"excerpt":{"rendered":"","protected":false},"author":1,"featured_media":43253,"comment_status":"open","ping_status":"open","sticky":false,"template":"","format":"standard","meta":{"footnotes":""},"categories":[55],"tags":[],"class_list":["post-49387","post","type-post","status-publish","format-standard","has-post-thumbnail","hentry","category-justicia"],"jetpack_featured_media_url":"https:\/\/radiorevelacionfm.cl\/wp-content\/uploads\/2024\/06\/foto-garantia-1_optimized-1.jpg","_links":{"self":[{"href":"https:\/\/radiorevelacionfm.cl\/index.php?rest_route=\/wp\/v2\/posts\/49387","targetHints":{"allow":["GET"]}}],"collection":[{"href":"https:\/\/radiorevelacionfm.cl\/index.php?rest_route=\/wp\/v2\/posts"}],"about":[{"href":"https:\/\/radiorevelacionfm.cl\/index.php?rest_route=\/wp\/v2\/types\/post"}],"author":[{"embeddable":true,"href":"https:\/\/radiorevelacionfm.cl\/index.php?rest_route=\/wp\/v2\/users\/1"}],"replies":[{"embeddable":true,"href":"https:\/\/radiorevelacionfm.cl\/index.php?rest_route=%2Fwp%2Fv2%2Fcomments&post=49387"}],"version-history":[{"count":1,"href":"https:\/\/radiorevelacionfm.cl\/index.php?rest_route=\/wp\/v2\/posts\/49387\/revisions"}],"predecessor-version":[{"id":49388,"href":"https:\/\/radiorevelacionfm.cl\/index.php?rest_route=\/wp\/v2\/posts\/49387\/revisions\/49388"}],"wp:featuredmedia":[{"embeddable":true,"href":"https:\/\/radiorevelacionfm.cl\/index.php?rest_route=\/wp\/v2\/media\/43253"}],"wp:attachment":[{"href":"https:\/\/radiorevelacionfm.cl\/index.php?rest_route=%2Fwp%2Fv2%2Fmedia&parent=49387"}],"wp:term":[{"taxonomy":"category","embeddable":true,"href":"https:\/\/radiorevelacionfm.cl\/index.php?rest_route=%2Fwp%2Fv2%2Fcategories&post=49387"},{"taxonomy":"post_tag","embeddable":true,"href":"https:\/\/radiorevelacionfm.cl\/index.php?rest_route=%2Fwp%2Fv2%2Ftags&post=49387"}],"curies":[{"name":"wp","href":"https:\/\/api.w.org\/{rel}","templated":true}]}}