{"id":49369,"date":"2025-01-05T22:54:32","date_gmt":"2025-01-06T01:54:32","guid":{"rendered":"https:\/\/radiorevelacionfm.cl\/?p=49369"},"modified":"2025-01-06T13:15:19","modified_gmt":"2025-01-06T16:15:19","slug":"las-mujeres-hacia-los-45-anos-de-injusticia-previsional","status":"publish","type":"post","link":"https:\/\/radiorevelacionfm.cl\/?p=49369","title":{"rendered":"Senadora \u00d3rdenes: Las mujeres llevan 45 a\u00f1os de injusticia previsional"},"content":{"rendered":"<div class=\"flex_column av_one_full  flex_column_div av-zero-column-padding first  avia-builder-el-0  el_before_av_one_full  avia-builder-el-first  \" style='border-radius:0px; '><div  class='avia-image-container  av-styling-    avia-builder-el-1  avia-builder-el-no-sibling  avia-align-center '  itemprop=\"image\" itemscope=\"itemscope\" itemtype=\"https:\/\/schema.org\/ImageObject\"  ><div class='avia-image-container-inner'><div class='avia-image-overlay-wrap'><img decoding=\"async\" class='wp-image-49370 avia-img-lazy-loading-not-49370 avia_image' src=\"https:\/\/radiorevelacionfm.cl\/wp-content\/uploads\/2025\/01\/SENADORA-ORDENES_2025-1-1.jpg\" alt='' title='SENADORA ORDENES_2025 (1) (1)' height=\"600\" width=\"871\"  itemprop=\"thumbnailUrl\" srcset=\"https:\/\/radiorevelacionfm.cl\/wp-content\/uploads\/2025\/01\/SENADORA-ORDENES_2025-1-1.jpg 871w, https:\/\/radiorevelacionfm.cl\/wp-content\/uploads\/2025\/01\/SENADORA-ORDENES_2025-1-1-300x207.jpg 300w, https:\/\/radiorevelacionfm.cl\/wp-content\/uploads\/2025\/01\/SENADORA-ORDENES_2025-1-1-768x529.jpg 768w, https:\/\/radiorevelacionfm.cl\/wp-content\/uploads\/2025\/01\/SENADORA-ORDENES_2025-1-1-705x486.jpg 705w, https:\/\/radiorevelacionfm.cl\/wp-content\/uploads\/2025\/01\/SENADORA-ORDENES_2025-1-1-450x310.jpg 450w, https:\/\/radiorevelacionfm.cl\/wp-content\/uploads\/2025\/01\/SENADORA-ORDENES_2025-1-1-600x413.jpg 600w\" sizes=\"(max-width: 871px) 100vw, 871px\" \/><\/div><\/div><\/div><\/div>\n<div class=\"flex_column av_one_full  flex_column_div av-zero-column-padding first  avia-builder-el-2  el_after_av_one_full  el_before_av_one_full  column-top-margin\" style='border-radius:0px; '><section class=\"av_textblock_section \"  itemscope=\"itemscope\" itemtype=\"https:\/\/schema.org\/BlogPosting\" itemprop=\"blogPost\" ><div class='avia_textblock  '   itemprop=\"text\" ><p style=\"text-align: center;\"><strong><span style=\"font-size: 18pt;\">Senadora \u00d3rdenes: Las mujeres llevan 45 a\u00f1os de injusticia previsional<\/span><\/strong><\/p>\n<div id=\"gtx-trans\" style=\"position: absolute; left: -50px; top: 4.31534px;\">\n<div class=\"gtx-trans-icon\"><\/div>\n<\/div>\n<\/div><\/section><\/div><div class=\"flex_column av_one_full  flex_column_div av-zero-column-padding first  avia-builder-el-4  el_after_av_one_full  el_before_av_hr  column-top-margin\" style='border-radius:0px; '><section class=\"av_textblock_section \"  itemscope=\"itemscope\" itemtype=\"https:\/\/schema.org\/BlogPosting\" itemprop=\"blogPost\" ><div class='avia_textblock  '   itemprop=\"text\" ><p style=\"text-align: justify;\">Ante la agenda legislativa de enero, el debate por la reforma de pensiones ser\u00e1 uno de los principales temas a discutir. En julio de 2024, el gobierno present\u00f3 a las y los senadores de la Comisi\u00f3n de Trabajo del Senado un marco para guiar la tramitaci\u00f3n del proyecto de reforma previsional.<\/p>\n<p style=\"text-align: justify;\">Entre los cambios m\u00e1s relevantes, la iniciativa propone que el 6% adicional de cotizaci\u00f3n a cargo de los empleadores se distribuya de manera que un 1%\u00a0se destine para un seguro que iguala las pensiones entre hombres y mujeres, un 2%\u00a0ser\u00eda un aporte que se devolver\u00e1 al trabajador al jubilarse y un 3%\u00a0para aumentar los ahorros en la cuenta individual.<\/p>\n<p style=\"text-align: justify;\">La senadora por la regi\u00f3n de Ays\u00e9n, Ximena \u00d3rdenes Neira, record\u00f3 que, si bien son 45 a\u00f1os desde que se cre\u00f3 el actual sistema previsional, el debate en el que entrar\u00e1 la Sala se centra en c\u00f3mo mejorar hoy las pensiones, destacando la brecha de g\u00e9nero que afecta a miles de jubiladas.<\/p>\n<p style=\"text-align: justify;\">\u201cEste 2025 se cumplen 45 a\u00f1os desde que se promulg\u00f3 el Decreto Ley 3500 que crea las AFP. Hoy el debate es distinto\u201d, se\u00f1al\u00f3 la parlamentaria. \u201cEstamos hablando de una reforma de pensiones sustantiva. Lo que hemos planteado, en particular las senadoras, es que se aborde la brecha de g\u00e9nero. Son 45 a\u00f1os de injusticia previsional\u201d, sostuvo evidenciando uno de los problemas del sistema de autofinanciamiento.<\/p>\n<p style=\"text-align: justify;\">En este sentido, Ordenes agreg\u00f3 que \u201csi revisamos las pensiones autofinanciada de las mujeres, la mitad de ellas ni siquiera alcanza la L\u00ednea de Pobreza Extrema, alcanzando una cifra aproximada de 115 pesos\u201d, correspondiente a la mediana en el comparado de pensiones autofinanciadas a noviembre del 2024, con datos de la Superintendencia de Pensiones. La parlamentaria afirm\u00f3 que \u201csi no se aborda esta brecha de g\u00e9nero, a mi juicio, la reforma no va a tener un buen resultado\u201d.<\/p>\n<p style=\"text-align: justify;\">\u201cDespu\u00e9s de m\u00e1s de cuatro d\u00e9cadas, es urgente reformar el sistema y es lo que estamos haciendo\u201d, finaliz\u00f3 la representante aisenina, recordando que \u201chay un compromiso de que en enero se despache este proyecto desde el Senado\u201d.<\/p>\n<p style=\"text-align: justify;\">Cabe destacar que seg\u00fan datos de la Superintendencia de Pensiones, en promedio, las pensiones autofinanciadas son un 78% m\u00e1s altas para hombres respecto a mujeres, donde el 50% de los hombres -mediana destacada por la senadora-, obtiene un 91% m\u00e1s que las mujeres como pensi\u00f3n autofinanciada.<\/p>\n<\/div><\/section><\/div><\/p>\n<div  style='height:50px' class='hr hr-invisible   avia-builder-el-6  el_after_av_one_full  el_before_av_social_share '><span class='hr-inner ' ><span class='hr-inner-style'><\/span><\/span><\/div>\n<div  class='av-social-sharing-box  avia-builder-el-7  el_after_av_hr  el_before_av_hr  '><div class='av-share-box'><h5 class='av-share-link-description av-no-toc '>Compartir esta noticia<\/h5><ul class='av-share-box-list noLightbox'><li class='av-share-link av-social-link-facebook' ><a target=\"_blank\" aria-label=\"Compartir en Facebook\" href='https:\/\/www.facebook.com\/sharer.php?u=https:\/\/radiorevelacionfm.cl\/?p=49369&#038;t=Senadora%20%C3%93rdenes%3A%20Las%20mujeres%20llevan%2045%20a%C3%B1os%20de%20injusticia%20previsional' aria-hidden='false' data-av_icon='\ue8f3' data-av_iconfont='entypo-fontello' title='' data-avia-related-tooltip='Compartir en Facebook' rel=\"noopener\"><span class='avia_hidden_link_text'>Compartir en Facebook<\/span><\/a><\/li><li class='av-share-link av-social-link-twitter' ><a target=\"_blank\" aria-label=\"Compartir en Twitter\" href='https:\/\/twitter.com\/share?text=Senadora%20%C3%93rdenes%3A%20Las%20mujeres%20llevan%2045%20a%C3%B1os%20de%20injusticia%20previsional&#038;url=https:\/\/radiorevelacionfm.cl\/?p=49369' aria-hidden='false' data-av_icon='\ue8f1' data-av_iconfont='entypo-fontello' title='' data-avia-related-tooltip='Compartir en Twitter' rel=\"noopener\"><span class='avia_hidden_link_text'>Compartir en Twitter<\/span><\/a><\/li><li class='av-share-link av-social-link-whatsapp' ><a target=\"_blank\" aria-label=\"Compartir en Whatsapp\" href='https:\/\/api.whatsapp.com\/send?text=https:\/\/radiorevelacionfm.cl\/?p=49369' aria-hidden='false' data-av_icon='\uf232' data-av_iconfont='entypo-fontello' title='' data-avia-related-tooltip='Compartir en Whatsapp' rel=\"noopener\"><span class='avia_hidden_link_text'>Compartir en Whatsapp<\/span><\/a><\/li><li class='av-share-link av-social-link-linkedin' ><a target=\"_blank\" aria-label=\"Compartir en LinkedIn\" href='https:\/\/linkedin.com\/shareArticle?mini=true&#038;title=Senadora%20%C3%93rdenes%3A%20Las%20mujeres%20llevan%2045%20a%C3%B1os%20de%20injusticia%20previsional&#038;url=https:\/\/radiorevelacionfm.cl\/?p=49369' aria-hidden='false' data-av_icon='\ue8fc' data-av_iconfont='entypo-fontello' title='' data-avia-related-tooltip='Compartir en LinkedIn' rel=\"noopener\"><span class='avia_hidden_link_text'>Compartir en LinkedIn<\/span><\/a><\/li><li class='av-share-link av-social-link-mail' ><a  aria-label=\"Compartir por correo\" href='mailto:?subject=Senadora%20%C3%93rdenes%3A%20Las%20mujeres%20llevan%2045%20a%C3%B1os%20de%20injusticia%20previsional&#038;body=https:\/\/radiorevelacionfm.cl\/?p=49369' aria-hidden='false' data-av_icon='\ue805' data-av_iconfont='entypo-fontello' title='' data-avia-related-tooltip='Compartir por correo'><span class='avia_hidden_link_text'>Compartir por correo<\/span><\/a><\/li><\/ul><\/div><\/div>\n<div  style='height:50px' class='hr hr-invisible   avia-builder-el-8  el_after_av_social_share  el_before_av_comments_list '><span class='hr-inner ' ><span class='hr-inner-style'><\/span><\/span><\/div>\n<div  class='av-buildercomment  av-blog-meta-html-info-disabled av-blog-meta-tag-disabled  '><\/div>\n","protected":false},"excerpt":{"rendered":"","protected":false},"author":1,"featured_media":49370,"comment_status":"open","ping_status":"open","sticky":false,"template":"","format":"standard","meta":{"footnotes":""},"categories":[35],"tags":[],"class_list":["post-49369","post","type-post","status-publish","format-standard","has-post-thumbnail","hentry","category-politica"],"jetpack_featured_media_url":"https:\/\/radiorevelacionfm.cl\/wp-content\/uploads\/2025\/01\/SENADORA-ORDENES_2025-1-1.jpg","_links":{"self":[{"href":"https:\/\/radiorevelacionfm.cl\/index.php?rest_route=\/wp\/v2\/posts\/49369","targetHints":{"allow":["GET"]}}],"collection":[{"href":"https:\/\/radiorevelacionfm.cl\/index.php?rest_route=\/wp\/v2\/posts"}],"about":[{"href":"https:\/\/radiorevelacionfm.cl\/index.php?rest_route=\/wp\/v2\/types\/post"}],"author":[{"embeddable":true,"href":"https:\/\/radiorevelacionfm.cl\/index.php?rest_route=\/wp\/v2\/users\/1"}],"replies":[{"embeddable":true,"href":"https:\/\/radiorevelacionfm.cl\/index.php?rest_route=%2Fwp%2Fv2%2Fcomments&post=49369"}],"version-history":[{"count":3,"href":"https:\/\/radiorevelacionfm.cl\/index.php?rest_route=\/wp\/v2\/posts\/49369\/revisions"}],"predecessor-version":[{"id":49383,"href":"https:\/\/radiorevelacionfm.cl\/index.php?rest_route=\/wp\/v2\/posts\/49369\/revisions\/49383"}],"wp:featuredmedia":[{"embeddable":true,"href":"https:\/\/radiorevelacionfm.cl\/index.php?rest_route=\/wp\/v2\/media\/49370"}],"wp:attachment":[{"href":"https:\/\/radiorevelacionfm.cl\/index.php?rest_route=%2Fwp%2Fv2%2Fmedia&parent=49369"}],"wp:term":[{"taxonomy":"category","embeddable":true,"href":"https:\/\/radiorevelacionfm.cl\/index.php?rest_route=%2Fwp%2Fv2%2Fcategories&post=49369"},{"taxonomy":"post_tag","embeddable":true,"href":"https:\/\/radiorevelacionfm.cl\/index.php?rest_route=%2Fwp%2Fv2%2Ftags&post=49369"}],"curies":[{"name":"wp","href":"https:\/\/api.w.org\/{rel}","templated":true}]}}