{"id":49336,"date":"2025-01-03T14:46:53","date_gmt":"2025-01-03T17:46:53","guid":{"rendered":"https:\/\/radiorevelacionfm.cl\/?p=49336"},"modified":"2025-01-03T14:46:53","modified_gmt":"2025-01-03T17:46:53","slug":"una-tonelada-logro-reunir-campana-patagonia-ponte-las-pilas-de-edelaysen-el-2024","status":"publish","type":"post","link":"https:\/\/radiorevelacionfm.cl\/?p=49336","title":{"rendered":"Una tonelada logr\u00f3 reunir campa\u00f1a \u201cPatagonia ponte las pilas\u201d de Edelaysen el 2024"},"content":{"rendered":"<div class=\"flex_column av_one_full  flex_column_div av-zero-column-padding first  avia-builder-el-0  el_before_av_one_full  avia-builder-el-first  \" style='border-radius:0px; '><div  class='avia-image-container  av-styling-    avia-builder-el-1  avia-builder-el-no-sibling  avia-align-center '  itemprop=\"image\" itemscope=\"itemscope\" itemtype=\"https:\/\/schema.org\/ImageObject\"  ><div class='avia-image-container-inner'><div class='avia-image-overlay-wrap'><img decoding=\"async\" class='wp-image-49337 avia-img-lazy-loading-not-49337 avia_image' src=\"https:\/\/radiorevelacionfm.cl\/wp-content\/uploads\/2025\/01\/fin-campana-pilas2-1_optimized.jpeg\" alt='' title='fin-campa\u00f1a-pilas2-(1)_optimized' height=\"600\" width=\"800\"  itemprop=\"thumbnailUrl\" srcset=\"https:\/\/radiorevelacionfm.cl\/wp-content\/uploads\/2025\/01\/fin-campana-pilas2-1_optimized.jpeg 800w, https:\/\/radiorevelacionfm.cl\/wp-content\/uploads\/2025\/01\/fin-campana-pilas2-1_optimized-300x225.jpeg 300w, https:\/\/radiorevelacionfm.cl\/wp-content\/uploads\/2025\/01\/fin-campana-pilas2-1_optimized-768x576.jpeg 768w, https:\/\/radiorevelacionfm.cl\/wp-content\/uploads\/2025\/01\/fin-campana-pilas2-1_optimized-705x529.jpeg 705w, https:\/\/radiorevelacionfm.cl\/wp-content\/uploads\/2025\/01\/fin-campana-pilas2-1_optimized-450x338.jpeg 450w, https:\/\/radiorevelacionfm.cl\/wp-content\/uploads\/2025\/01\/fin-campana-pilas2-1_optimized-600x450.jpeg 600w\" sizes=\"(max-width: 800px) 100vw, 800px\" \/><\/div><\/div><\/div><\/div><div class=\"flex_column av_one_full  flex_column_div av-zero-column-padding first  avia-builder-el-2  el_after_av_one_full  el_before_av_one_full  column-top-margin\" style='border-radius:0px; '><section class=\"av_textblock_section \"  itemscope=\"itemscope\" itemtype=\"https:\/\/schema.org\/BlogPosting\" itemprop=\"blogPost\" ><div class='avia_textblock  '   itemprop=\"text\" ><p style=\"text-align: center;\"><strong><span style=\"font-size: 18pt;\">Una tonelada logr\u00f3 reunir campa\u00f1a \u201cPatagonia ponte las pilas\u201d de Edelaysen el 2024<\/span><\/strong><\/p>\n<div id=\"gtx-trans\" style=\"position: absolute; left: -50px; top: 4.31534px;\">\n<div class=\"gtx-trans-icon\"><\/div>\n<\/div>\n<\/div><\/section><\/div><div class=\"flex_column av_one_full  flex_column_div av-zero-column-padding first  avia-builder-el-4  el_after_av_one_full  el_before_av_hr  column-top-margin\" style='border-radius:0px; '><section class=\"av_textblock_section \"  itemscope=\"itemscope\" itemtype=\"https:\/\/schema.org\/BlogPosting\" itemprop=\"blogPost\" ><div class='avia_textblock  '   itemprop=\"text\" ><p style=\"text-align: justify;\">Edelaysen cerr\u00f3 con gran \u00e9xito la campa\u00f1a de recolecci\u00f3n y almacenaje de pilas, un esfuerzo colaborativo que permiti\u00f3 recolectar alrededor de una tonelada este 2024. Este logro no solo asegura la disposici\u00f3n responsable de estos residuos, sino que tambi\u00e9n reafirma el compromiso de la empresa con la protecci\u00f3n del medio ambiente.<\/p>\n<p style=\"text-align: justify;\">Es as\u00ed como la campa\u00f1a que cont\u00f3 con el apoyo de instituciones p\u00fablicas, privadas y establecimientos educacionales, se ha consolidado como un referente en la promoci\u00f3n de pr\u00e1cticas sostenibles en la regi\u00f3n de Ays\u00e9n. Durante este 2024, la participaci\u00f3n activa de estas organizaciones resalt\u00f3 la importancia del trabajo conjunto para preservar el cuidado por el medio ambiente.<\/p>\n<p style=\"text-align: justify;\">Yasna Vera, ejecutiva de Edelaysen, destac\u00f3 el impacto positivo de esta iniciativa: \u201cCon esta campa\u00f1a no solo logramos dar una correcta disposici\u00f3n a m\u00e1s de 6 toneladas de pilas desde que iniciamos con esta cruzada, sino que tambi\u00e9n generamos conciencia ambiental en la comunidad. Este tipo de proyectos nos muestra que, trabajando juntos, podemos construir un lugar m\u00e1s limpio y sostenible para nuestras familias\u201d.<\/p>\n<p style=\"text-align: justify;\">Como cada finalizaci\u00f3n de campa\u00f1a, esta actividad cont\u00f3 con la participaci\u00f3n de aliados estrat\u00e9gicos a la iniciativa, como lo es la Seremi de Medio Ambiente, Tesorer\u00eda General de la Rep\u00fablica, Servicio Agr\u00edcola Ganadero e INDAP.<\/p>\n<p style=\"text-align: justify;\">Juan Andr\u00e9s Galilea director de la Tesorer\u00eda General de la Rep\u00fablica destac\u00f3 \u201cPara nosotros es una iniciativa complementaria a nuestros esfuerzos institucionales de lograr ser un servicio sustentable amparado en el programa de Estado Verde, en el cual estamos avanzando en nuestras certificaciones y reduciendo nuestra huella de carbono. Nos sentimos comprometidos con estas iniciativas. Muchas gracias a Edelaysen y Grupo Saesa y a otras instituciones que a\u00f1o a a\u00f1o se han sumado a esta noble y loable iniciativa\u201d.<\/p>\n<p style=\"text-align: justify;\">Desde la el\u00e9ctrica agradecieron el compromiso de todas las personas, ni\u00f1os, j\u00f3venes e instituciones que se sumaron a esta causa, la cual durante este 2025 tendr\u00e1 una nueva versi\u00f3n que espera contar el apoyo de nuevas instituciones p\u00fablicas a las ya comprometidas, as\u00ed como tambi\u00e9n empresas privadas y nuevos establecimientos que se sumen activamente a la protecci\u00f3n y cuidado de la Patagonia con el almacenaje de pilas en desuso.<\/p>\n<\/div><\/section><\/div><div  style='height:50px' class='hr hr-invisible   avia-builder-el-6  el_after_av_one_full  el_before_av_social_share '><span class='hr-inner ' ><span class='hr-inner-style'><\/span><\/span><\/div><\/p>\n<div  class='av-social-sharing-box  avia-builder-el-7  el_after_av_hr  el_before_av_hr  '><div class='av-share-box'><h5 class='av-share-link-description av-no-toc '>Compartir esta noticia<\/h5><ul class='av-share-box-list noLightbox'><li class='av-share-link av-social-link-facebook' ><a target=\"_blank\" aria-label=\"Compartir en Facebook\" href='https:\/\/www.facebook.com\/sharer.php?u=https:\/\/radiorevelacionfm.cl\/?p=49336&#038;t=Una%20tonelada%20logr%C3%B3%20reunir%20campa%C3%B1a%20%E2%80%9CPatagonia%20ponte%20las%20pilas%E2%80%9D%20de%20Edelaysen%20el%202024' aria-hidden='false' data-av_icon='\ue8f3' data-av_iconfont='entypo-fontello' title='' data-avia-related-tooltip='Compartir en Facebook' rel=\"noopener\"><span class='avia_hidden_link_text'>Compartir en Facebook<\/span><\/a><\/li><li class='av-share-link av-social-link-twitter' ><a target=\"_blank\" aria-label=\"Compartir en Twitter\" href='https:\/\/twitter.com\/share?text=Una%20tonelada%20logr%C3%B3%20reunir%20campa%C3%B1a%20%E2%80%9CPatagonia%20ponte%20las%20pilas%E2%80%9D%20de%20Edelaysen%20el%202024&#038;url=https:\/\/radiorevelacionfm.cl\/?p=49336' aria-hidden='false' data-av_icon='\ue8f1' data-av_iconfont='entypo-fontello' title='' data-avia-related-tooltip='Compartir en Twitter' rel=\"noopener\"><span class='avia_hidden_link_text'>Compartir en Twitter<\/span><\/a><\/li><li class='av-share-link av-social-link-whatsapp' ><a target=\"_blank\" aria-label=\"Compartir en Whatsapp\" href='https:\/\/api.whatsapp.com\/send?text=https:\/\/radiorevelacionfm.cl\/?p=49336' aria-hidden='false' data-av_icon='\uf232' data-av_iconfont='entypo-fontello' title='' data-avia-related-tooltip='Compartir en Whatsapp' rel=\"noopener\"><span class='avia_hidden_link_text'>Compartir en Whatsapp<\/span><\/a><\/li><li class='av-share-link av-social-link-linkedin' ><a target=\"_blank\" aria-label=\"Compartir en LinkedIn\" href='https:\/\/linkedin.com\/shareArticle?mini=true&#038;title=Una%20tonelada%20logr%C3%B3%20reunir%20campa%C3%B1a%20%E2%80%9CPatagonia%20ponte%20las%20pilas%E2%80%9D%20de%20Edelaysen%20el%202024&#038;url=https:\/\/radiorevelacionfm.cl\/?p=49336' aria-hidden='false' data-av_icon='\ue8fc' data-av_iconfont='entypo-fontello' title='' data-avia-related-tooltip='Compartir en LinkedIn' rel=\"noopener\"><span class='avia_hidden_link_text'>Compartir en LinkedIn<\/span><\/a><\/li><li class='av-share-link av-social-link-mail' ><a  aria-label=\"Compartir por correo\" href='mailto:?subject=Una%20tonelada%20logr%C3%B3%20reunir%20campa%C3%B1a%20%E2%80%9CPatagonia%20ponte%20las%20pilas%E2%80%9D%20de%20Edelaysen%20el%202024&#038;body=https:\/\/radiorevelacionfm.cl\/?p=49336' aria-hidden='false' data-av_icon='\ue805' data-av_iconfont='entypo-fontello' title='' data-avia-related-tooltip='Compartir por correo'><span class='avia_hidden_link_text'>Compartir por correo<\/span><\/a><\/li><\/ul><\/div><\/div>\n<div  style='height:50px' class='hr hr-invisible   avia-builder-el-8  el_after_av_social_share  el_before_av_comments_list '><span class='hr-inner ' ><span class='hr-inner-style'><\/span><\/span><\/div>\n<div  class='av-buildercomment  av-blog-meta-html-info-disabled av-blog-meta-tag-disabled  '><\/div>\n","protected":false},"excerpt":{"rendered":"","protected":false},"author":1,"featured_media":49337,"comment_status":"open","ping_status":"open","sticky":false,"template":"","format":"standard","meta":{"footnotes":""},"categories":[38],"tags":[],"class_list":["post-49336","post","type-post","status-publish","format-standard","has-post-thumbnail","hentry","category-regional"],"jetpack_featured_media_url":"https:\/\/radiorevelacionfm.cl\/wp-content\/uploads\/2025\/01\/fin-campana-pilas2-1_optimized.jpeg","_links":{"self":[{"href":"https:\/\/radiorevelacionfm.cl\/index.php?rest_route=\/wp\/v2\/posts\/49336","targetHints":{"allow":["GET"]}}],"collection":[{"href":"https:\/\/radiorevelacionfm.cl\/index.php?rest_route=\/wp\/v2\/posts"}],"about":[{"href":"https:\/\/radiorevelacionfm.cl\/index.php?rest_route=\/wp\/v2\/types\/post"}],"author":[{"embeddable":true,"href":"https:\/\/radiorevelacionfm.cl\/index.php?rest_route=\/wp\/v2\/users\/1"}],"replies":[{"embeddable":true,"href":"https:\/\/radiorevelacionfm.cl\/index.php?rest_route=%2Fwp%2Fv2%2Fcomments&post=49336"}],"version-history":[{"count":1,"href":"https:\/\/radiorevelacionfm.cl\/index.php?rest_route=\/wp\/v2\/posts\/49336\/revisions"}],"predecessor-version":[{"id":49338,"href":"https:\/\/radiorevelacionfm.cl\/index.php?rest_route=\/wp\/v2\/posts\/49336\/revisions\/49338"}],"wp:featuredmedia":[{"embeddable":true,"href":"https:\/\/radiorevelacionfm.cl\/index.php?rest_route=\/wp\/v2\/media\/49337"}],"wp:attachment":[{"href":"https:\/\/radiorevelacionfm.cl\/index.php?rest_route=%2Fwp%2Fv2%2Fmedia&parent=49336"}],"wp:term":[{"taxonomy":"category","embeddable":true,"href":"https:\/\/radiorevelacionfm.cl\/index.php?rest_route=%2Fwp%2Fv2%2Fcategories&post=49336"},{"taxonomy":"post_tag","embeddable":true,"href":"https:\/\/radiorevelacionfm.cl\/index.php?rest_route=%2Fwp%2Fv2%2Ftags&post=49336"}],"curies":[{"name":"wp","href":"https:\/\/api.w.org\/{rel}","templated":true}]}}