{"id":49330,"date":"2025-01-03T10:44:01","date_gmt":"2025-01-03T13:44:01","guid":{"rendered":"https:\/\/radiorevelacionfm.cl\/?p=49330"},"modified":"2025-01-03T10:44:01","modified_gmt":"2025-01-03T13:44:01","slug":"la-memoria-estallada-codepu-presenta-por-primera-vez-libro-de-ddhh-en-coyhaique","status":"publish","type":"post","link":"https:\/\/radiorevelacionfm.cl\/?p=49330","title":{"rendered":"La Memoria Estallada: CODEPU presenta por primera vez libro de DDHH en Coyhaique"},"content":{"rendered":"<div class=\"flex_column av_one_full  flex_column_div av-zero-column-padding first  avia-builder-el-0  el_before_av_one_full  avia-builder-el-first  \" style='border-radius:0px; '><div  class='avia-image-container  av-styling-    avia-builder-el-1  avia-builder-el-no-sibling  avia-align-center '  itemprop=\"image\" itemscope=\"itemscope\" itemtype=\"https:\/\/schema.org\/ImageObject\"  ><div class='avia-image-container-inner'><div class='avia-image-overlay-wrap'><img decoding=\"async\" class='wp-image-49331 avia-img-lazy-loading-not-49331 avia_image' src=\"https:\/\/radiorevelacionfm.cl\/wp-content\/uploads\/2025\/01\/image00002-2-1_optimized.jpeg\" alt='' title='image00002-(2)-(1)_optimized' height=\"600\" width=\"800\"  itemprop=\"thumbnailUrl\" srcset=\"https:\/\/radiorevelacionfm.cl\/wp-content\/uploads\/2025\/01\/image00002-2-1_optimized.jpeg 800w, https:\/\/radiorevelacionfm.cl\/wp-content\/uploads\/2025\/01\/image00002-2-1_optimized-300x225.jpeg 300w, https:\/\/radiorevelacionfm.cl\/wp-content\/uploads\/2025\/01\/image00002-2-1_optimized-768x576.jpeg 768w, https:\/\/radiorevelacionfm.cl\/wp-content\/uploads\/2025\/01\/image00002-2-1_optimized-705x529.jpeg 705w, https:\/\/radiorevelacionfm.cl\/wp-content\/uploads\/2025\/01\/image00002-2-1_optimized-450x338.jpeg 450w, https:\/\/radiorevelacionfm.cl\/wp-content\/uploads\/2025\/01\/image00002-2-1_optimized-600x450.jpeg 600w\" sizes=\"(max-width: 800px) 100vw, 800px\" \/><\/div><\/div><\/div><\/div><div class=\"flex_column av_one_full  flex_column_div av-zero-column-padding first  avia-builder-el-2  el_after_av_one_full  el_before_av_one_full  column-top-margin\" style='border-radius:0px; '><section class=\"av_textblock_section \"  itemscope=\"itemscope\" itemtype=\"https:\/\/schema.org\/BlogPosting\" itemprop=\"blogPost\" ><div class='avia_textblock  '   itemprop=\"text\" ><p style=\"text-align: center;\"><strong><span style=\"font-size: 18pt;\">La Memoria Estallada: CODEPU presenta por primera vez libro de DDHH en Coyhaique<\/span><\/strong><\/p>\n<div id=\"gtx-trans\" style=\"position: absolute; left: -50px; top: 4.31534px;\">\n<div class=\"gtx-trans-icon\"><\/div>\n<\/div>\n<\/div><\/section><\/div><div class=\"flex_column av_one_full  flex_column_div av-zero-column-padding first  avia-builder-el-4  el_after_av_one_full  el_before_av_hr  column-top-margin\" style='border-radius:0px; '><section class=\"av_textblock_section \"  itemscope=\"itemscope\" itemtype=\"https:\/\/schema.org\/BlogPosting\" itemprop=\"blogPost\" ><div class='avia_textblock  '   itemprop=\"text\" ><p class=\"v1MsoNormal\" style=\"text-align: justify;\">M\u00e1s de 50 personas, entre j\u00f3venes, adultos y dirigentes sociales, asistieron el pasado viernes 27 de diciembre al encuentro que convoc\u00f3 la Corporaci\u00f3n de Promoci\u00f3n y Defensa de los Derechos del Pueblo (CODEPU), en el Centro Cultural de Coyhaique, para presentar por primera vez en la regi\u00f3n de Ays\u00e9n el libro \u00abLa memoria estallada: Reflexiones sobre el trauma pol\u00edtico y la justicia a 50 a\u00f1os del golpe de Estado en Chile\u00bb, publicado en 2023.<\/p>\n<p class=\"v1MsoNormal\" style=\"text-align: justify;\">La instancia dio inicio con un importante panel de conversaci\u00f3n que fue presidido por el psic\u00f3logo y coordinador del equipo psicosocial de la instituci\u00f3n, Fidel Lajara Erices, moderado por la concejala socialista de la Ilustre Municipalidad de Coyhaique, Ana Mar\u00eda Navarrete Arriaza, y cont\u00f3 con la especial participaci\u00f3n del antrop\u00f3logo y fundador de la editorial regional \u00d1ire Negro, Mauricio Osorio Pefaur, y la psic\u00f3loga del INDH de Ays\u00e9n, Carla Romo Sanhueza.<\/p>\n<p class=\"v1MsoNormal\" style=\"text-align: justify;\">\u00abPara nosotros como corporaci\u00f3n es fundamental el trabajo de la memoria con las comunidades y desde sus realidades locales. Creemos que la presentaci\u00f3n de este libro abre un espacio de construcci\u00f3n de memoria en Coyhaique y nos puede permitir generar otros espacios de lazos sociales con las personas para seguir construyendo un llamado a la no repetici\u00f3n de las atrocidades que se han cometido en el pa\u00eds. Entendemos que estas garant\u00edas deben estar a la par de las construcciones de una reparaci\u00f3n que no va solo en el plano subjetivo, sino tambi\u00e9n en un plano cultural y pol\u00edtico. Les invito a leer este libro y a seguir encontr\u00e1ndonos en estos distintos espacios sociales\u00bb, coment\u00f3 el representante de la CODEPU en la regi\u00f3n de Ays\u00e9n, y editor del ejemplar, Fidel Lajara.<\/p>\n<p class=\"v1MsoNormal\" style=\"text-align: justify;\">Por su parte, la concejala Ana Mar\u00eda Navarrete detall\u00f3 que \u00abcomo presidenta de la Comisi\u00f3n de Cultura, Patrimonio, DDHH, Interculturalidad y Salud, la invitaci\u00f3n a esta presentaci\u00f3n abre un espacio de di\u00e1logo con la comunidad en estos temas y se ve el inter\u00e9s en la gran convocatoria, por lo que se requiere seguir trabajando en espacios comunitarios de conversaci\u00f3n. Esto, especialmente por la ayuda que se vincula con la salud mental de muchas y muchos afectados, considerando que todos los hechos llevan tambi\u00e9n a un da\u00f1o transgeneracional y estamos muy al debe con la reparaci\u00f3n\u00bb.<\/p>\n<p class=\"v1MsoNormal\" style=\"text-align: justify;\">La publicaci\u00f3n, de car\u00e1cter testimonial y presentado en reiteradas oportunidades en el GAM y Museo de la Memoria, entre otros espacios, relata experiencias contadas en primera persona de j\u00f3venes que fueron v\u00edctimas de trauma ocular durante el estallido social del 2019 en Chile, como tambi\u00e9n de personas que fueron v\u00edctimas de violaciones a los derechos humanos durante el per\u00edodo de dictadura militar.<\/p>\n<p class=\"v1MsoNormal\" style=\"text-align: justify;\">Por otro lado,\u00a0<i>La Memoria Estallada<\/i>\u00a0busca interpelar a organismos defensores de Derechos Humanos, planteando desaf\u00edos e interrogantes que empujan el quehacer en el marco de su defensa, promoci\u00f3n y no repetici\u00f3n: \u00bfC\u00f3mo pensar el sufrimiento psicol\u00f3gico y lo traum\u00e1tico?, \u00bfc\u00f3mo pensar la memoria despu\u00e9s de medio siglo?, y \u00bfc\u00f3mo pensar el presente para un mejor porvenir?, son algunas de las interrogantes que se plantean en la lectura.<\/p>\n<p class=\"v1MsoNormal\" style=\"text-align: justify;\">Para el autor de\u00a0<i>La Tragedia Obrera de Bajo Pisagua, R\u00edo Baker<\/i>, y panelista del conversatorio en Coyhaique, Mauricio Osorio, \u00abque\u00a0<i>La Memoria Estallada<\/i>\u00a0se haya presentado en Ays\u00e9n es un hito y ojal\u00e1 sea el inicio de muchas otras presentaciones y discusiones respecto a reivindicar la memoria. A persistir y disputar los espacios que nos plantean que no es necesario ejercer la memoria y no es un derecho, pero nosotros sabemos que s\u00ed lo es. Sostener la educaci\u00f3n y la difusi\u00f3n de los DDHH en nuestra sociedad debiera ya ser considerado una de las bases para la construcci\u00f3n de otro Chile, uno que realmente se haga cargo de todos los procesos hist\u00f3ricos y la sangre vertida por obreros, pobladores y ciudadanos que han luchado por hacer de este pa\u00eds uno mejor para vivir\u00bb.<\/p>\n<p class=\"v1MsoNormal\" style=\"text-align: justify;\">De acuerdo con el impulso de CODEPU en promover este trabajo, la oportunidad permiti\u00f3 que cada asistente se llevara de regalo un ejemplar de la publicaci\u00f3n. Adem\u00e1s, desde la instituci\u00f3n indicaron que esperan realizar m\u00e1s instancias en la Patagonia, como tambi\u00e9n en otras regiones, en miras de fortalecer la descentralizaci\u00f3n que promueven para que la memoria y los DDHH est\u00e9n presentes en todo el pa\u00eds<b>.<\/b><\/p>\n<p class=\"v1MsoNormal\" style=\"text-align: justify;\"><b>\u00a0<\/b><\/p>\n<\/div><\/section><\/div><div  style='height:50px' class='hr hr-invisible   avia-builder-el-6  el_after_av_one_full  el_before_av_social_share '><span class='hr-inner ' ><span class='hr-inner-style'><\/span><\/span><\/div><\/p>\n<div  class='av-social-sharing-box  avia-builder-el-7  el_after_av_hr  el_before_av_hr  '><div class='av-share-box'><h5 class='av-share-link-description av-no-toc '>Compartir esta noticia<\/h5><ul class='av-share-box-list noLightbox'><li class='av-share-link av-social-link-facebook' ><a target=\"_blank\" aria-label=\"Compartir en Facebook\" href='https:\/\/www.facebook.com\/sharer.php?u=https:\/\/radiorevelacionfm.cl\/?p=49330&#038;t=La%20Memoria%20Estallada%3A%20CODEPU%20presenta%20por%20primera%20vez%20libro%20de%20DDHH%20en%20Coyhaique' aria-hidden='false' data-av_icon='\ue8f3' data-av_iconfont='entypo-fontello' title='' data-avia-related-tooltip='Compartir en Facebook' rel=\"noopener\"><span class='avia_hidden_link_text'>Compartir en Facebook<\/span><\/a><\/li><li class='av-share-link av-social-link-twitter' ><a target=\"_blank\" aria-label=\"Compartir en Twitter\" href='https:\/\/twitter.com\/share?text=La%20Memoria%20Estallada%3A%20CODEPU%20presenta%20por%20primera%20vez%20libro%20de%20DDHH%20en%20Coyhaique&#038;url=https:\/\/radiorevelacionfm.cl\/?p=49330' aria-hidden='false' data-av_icon='\ue8f1' data-av_iconfont='entypo-fontello' title='' data-avia-related-tooltip='Compartir en Twitter' rel=\"noopener\"><span class='avia_hidden_link_text'>Compartir en Twitter<\/span><\/a><\/li><li class='av-share-link av-social-link-whatsapp' ><a target=\"_blank\" aria-label=\"Compartir en Whatsapp\" href='https:\/\/api.whatsapp.com\/send?text=https:\/\/radiorevelacionfm.cl\/?p=49330' aria-hidden='false' data-av_icon='\uf232' data-av_iconfont='entypo-fontello' title='' data-avia-related-tooltip='Compartir en Whatsapp' rel=\"noopener\"><span class='avia_hidden_link_text'>Compartir en Whatsapp<\/span><\/a><\/li><li class='av-share-link av-social-link-linkedin' ><a target=\"_blank\" aria-label=\"Compartir en LinkedIn\" href='https:\/\/linkedin.com\/shareArticle?mini=true&#038;title=La%20Memoria%20Estallada%3A%20CODEPU%20presenta%20por%20primera%20vez%20libro%20de%20DDHH%20en%20Coyhaique&#038;url=https:\/\/radiorevelacionfm.cl\/?p=49330' aria-hidden='false' data-av_icon='\ue8fc' data-av_iconfont='entypo-fontello' title='' data-avia-related-tooltip='Compartir en LinkedIn' rel=\"noopener\"><span class='avia_hidden_link_text'>Compartir en LinkedIn<\/span><\/a><\/li><li class='av-share-link av-social-link-mail' ><a  aria-label=\"Compartir por correo\" href='mailto:?subject=La%20Memoria%20Estallada%3A%20CODEPU%20presenta%20por%20primera%20vez%20libro%20de%20DDHH%20en%20Coyhaique&#038;body=https:\/\/radiorevelacionfm.cl\/?p=49330' aria-hidden='false' data-av_icon='\ue805' data-av_iconfont='entypo-fontello' title='' data-avia-related-tooltip='Compartir por correo'><span class='avia_hidden_link_text'>Compartir por correo<\/span><\/a><\/li><\/ul><\/div><\/div>\n<div  style='height:50px' class='hr hr-invisible   avia-builder-el-8  el_after_av_social_share  el_before_av_comments_list '><span class='hr-inner ' ><span class='hr-inner-style'><\/span><\/span><\/div>\n<div  class='av-buildercomment  av-blog-meta-html-info-disabled av-blog-meta-tag-disabled  '><\/div>\n","protected":false},"excerpt":{"rendered":"","protected":false},"author":1,"featured_media":49331,"comment_status":"open","ping_status":"open","sticky":false,"template":"","format":"standard","meta":{"footnotes":""},"categories":[38],"tags":[],"class_list":["post-49330","post","type-post","status-publish","format-standard","has-post-thumbnail","hentry","category-regional"],"jetpack_featured_media_url":"https:\/\/radiorevelacionfm.cl\/wp-content\/uploads\/2025\/01\/image00002-2-1_optimized.jpeg","_links":{"self":[{"href":"https:\/\/radiorevelacionfm.cl\/index.php?rest_route=\/wp\/v2\/posts\/49330","targetHints":{"allow":["GET"]}}],"collection":[{"href":"https:\/\/radiorevelacionfm.cl\/index.php?rest_route=\/wp\/v2\/posts"}],"about":[{"href":"https:\/\/radiorevelacionfm.cl\/index.php?rest_route=\/wp\/v2\/types\/post"}],"author":[{"embeddable":true,"href":"https:\/\/radiorevelacionfm.cl\/index.php?rest_route=\/wp\/v2\/users\/1"}],"replies":[{"embeddable":true,"href":"https:\/\/radiorevelacionfm.cl\/index.php?rest_route=%2Fwp%2Fv2%2Fcomments&post=49330"}],"version-history":[{"count":1,"href":"https:\/\/radiorevelacionfm.cl\/index.php?rest_route=\/wp\/v2\/posts\/49330\/revisions"}],"predecessor-version":[{"id":49332,"href":"https:\/\/radiorevelacionfm.cl\/index.php?rest_route=\/wp\/v2\/posts\/49330\/revisions\/49332"}],"wp:featuredmedia":[{"embeddable":true,"href":"https:\/\/radiorevelacionfm.cl\/index.php?rest_route=\/wp\/v2\/media\/49331"}],"wp:attachment":[{"href":"https:\/\/radiorevelacionfm.cl\/index.php?rest_route=%2Fwp%2Fv2%2Fmedia&parent=49330"}],"wp:term":[{"taxonomy":"category","embeddable":true,"href":"https:\/\/radiorevelacionfm.cl\/index.php?rest_route=%2Fwp%2Fv2%2Fcategories&post=49330"},{"taxonomy":"post_tag","embeddable":true,"href":"https:\/\/radiorevelacionfm.cl\/index.php?rest_route=%2Fwp%2Fv2%2Ftags&post=49330"}],"curies":[{"name":"wp","href":"https:\/\/api.w.org\/{rel}","templated":true}]}}