{"id":49326,"date":"2025-01-02T18:15:51","date_gmt":"2025-01-02T21:15:51","guid":{"rendered":"https:\/\/radiorevelacionfm.cl\/?p=49326"},"modified":"2025-01-02T18:15:51","modified_gmt":"2025-01-02T21:15:51","slug":"cesar-es-el-primer-bebe-nacido-este-2025-en-la-region-de-aysen","status":"publish","type":"post","link":"https:\/\/radiorevelacionfm.cl\/?p=49326","title":{"rendered":"C\u00e9sar, es el primer beb\u00e9 nacido este 2025 en la regi\u00f3n de Ays\u00e9n"},"content":{"rendered":"<div class=\"flex_column av_one_full  flex_column_div av-zero-column-padding first  avia-builder-el-0  el_before_av_one_full  avia-builder-el-first  \" style='border-radius:0px; '><div  class='avia-image-container  av-styling-    avia-builder-el-1  avia-builder-el-no-sibling  avia-align-center '  itemprop=\"image\" itemscope=\"itemscope\" itemtype=\"https:\/\/schema.org\/ImageObject\"  ><div class='avia-image-container-inner'><div class='avia-image-overlay-wrap'><img decoding=\"async\" class='wp-image-49327 avia-img-lazy-loading-not-49327 avia_image' src=\"https:\/\/radiorevelacionfm.cl\/wp-content\/uploads\/2025\/01\/01-14-1_optimized.jpg\" alt='' title='01-(14)-(1)_optimized' height=\"600\" width=\"1067\"  itemprop=\"thumbnailUrl\" srcset=\"https:\/\/radiorevelacionfm.cl\/wp-content\/uploads\/2025\/01\/01-14-1_optimized.jpg 1067w, https:\/\/radiorevelacionfm.cl\/wp-content\/uploads\/2025\/01\/01-14-1_optimized-300x169.jpg 300w, https:\/\/radiorevelacionfm.cl\/wp-content\/uploads\/2025\/01\/01-14-1_optimized-1030x579.jpg 1030w, https:\/\/radiorevelacionfm.cl\/wp-content\/uploads\/2025\/01\/01-14-1_optimized-768x432.jpg 768w, https:\/\/radiorevelacionfm.cl\/wp-content\/uploads\/2025\/01\/01-14-1_optimized-705x396.jpg 705w, https:\/\/radiorevelacionfm.cl\/wp-content\/uploads\/2025\/01\/01-14-1_optimized-450x253.jpg 450w, https:\/\/radiorevelacionfm.cl\/wp-content\/uploads\/2025\/01\/01-14-1_optimized-600x337.jpg 600w\" sizes=\"(max-width: 1067px) 100vw, 1067px\" \/><\/div><\/div><\/div><\/div><div class=\"flex_column av_one_full  flex_column_div av-zero-column-padding first  avia-builder-el-2  el_after_av_one_full  el_before_av_one_full  column-top-margin\" style='border-radius:0px; '><section class=\"av_textblock_section \"  itemscope=\"itemscope\" itemtype=\"https:\/\/schema.org\/BlogPosting\" itemprop=\"blogPost\" ><div class='avia_textblock  '   itemprop=\"text\" ><p style=\"text-align: center;\"><strong><span style=\"font-size: 18pt;\">C\u00e9sar, es el primer beb\u00e9 nacido este 2025 en la regi\u00f3n de Ays\u00e9n <\/span><\/strong><\/p>\n<div id=\"gtx-trans\" style=\"position: absolute; left: -50px; top: 4.31534px;\">\n<div class=\"gtx-trans-icon\"><\/div>\n<\/div>\n<\/div><\/section><\/div><div class=\"flex_column av_one_full  flex_column_div av-zero-column-padding first  avia-builder-el-4  el_after_av_one_full  el_before_av_hr  column-top-margin\" style='border-radius:0px; '><section class=\"av_textblock_section \"  itemscope=\"itemscope\" itemtype=\"https:\/\/schema.org\/BlogPosting\" itemprop=\"blogPost\" ><div class='avia_textblock  '   itemprop=\"text\" ><p style=\"text-align: justify;\">La noche de este lunes 01 de enero, a las 21:35 hrs, naci\u00f3 C\u00e9sar Mu\u00f1oz Rehl, hijo de Karina Rehl y Julio Mu\u00f1oz, oriundos de Chile Chico, transform\u00e1ndose en el primer nacido de este 2025.<\/p>\n<p style=\"text-align: justify;\">El ni\u00f1o, que pes\u00f3 3.190 gramos y midi\u00f3 49 cent\u00edmetros, fue visitado por el Delegado Presidencial Regional de Ays\u00e9n, Jorge D\u00edaz; Seremi de Gobierno, \u00darsula Mix; Carmen Gloria Monsalve, Seremi de Salud Ays\u00e9n; Karina Acevedo, seremi de Desarrollo Social y Familia; Mauricio Cort\u00e9s, director (s) del Servicio de Salud Ays\u00e9n y el Director (s) del Hospital Regional Coyhaique, Daniel Aravena en el Servicio de Maternidad del HRC como parte de este tradicional hito del primer nacimiento del a\u00f1o en los hospitales p\u00fablicos del pa\u00eds.<\/p>\n<p style=\"text-align: justify;\">Karina Acevedo, seremi de Desarrollo Social y Familia, adem\u00e1s de celebrar la llegada del primer habitante de nuestra regi\u00f3n de este 2025 que reci\u00e9n comienza, destac\u00f3 los distintos programas que garantizan un buen desarrollo de vida de C\u00e9sar \u201csaludar al primer beb\u00e9 que nace en la regi\u00f3n de Ays\u00e9n, un beb\u00e9 que nace protegido, porque no solamente nace bajo la normativa que lo protege como infancia, sino tambi\u00e9n porque tiene una protecci\u00f3n desde el nacimiento, desde la gestaci\u00f3n con el Chile Crece M\u00e1s\u201d.<\/p>\n<p style=\"text-align: justify;\">M\u00e1s all\u00e1, destac\u00f3 la entrega del ajuar \u201cque les corresponde a la madre y al ni\u00f1o reci\u00e9n nacido, la cuna, la implementaci\u00f3n de estimulaci\u00f3n y el bienestar en esta primera etapa\u201d.<\/p>\n<p style=\"text-align: justify;\">En este emotivo d\u00eda, Daniel Aravena, director (s) del HRC, adem\u00e1s de celebrar el nacimiento del primer beb\u00e9 del a\u00f1o en el \u00fanico centro hospitalario de alta complejidad de Ays\u00e9n \u201cy a pesar de las distancias, a pesar del aislamiento geogr\u00e1fico, nuestros menores, en nuestro pa\u00eds por lo menos van a nacer, siempre, bajo las mejores condiciones de calidad y oportunidad de atenci\u00f3n de salud\u201d.<\/p>\n<p style=\"text-align: justify;\">En tanto, Mauricio Cort\u00e9s, director (s) del Servicio de Salud Ays\u00e9n, destac\u00f3 que como parte de un trabajo en red, la mam\u00e1, desde el 20 de diciembre se encontraba en la Casa de la Mujer Campesina a la espera del nacimiento de C\u00e9sar, su quinto hijo \u201cpara que tuviera un parto tranquilo. Estamos muy contento de haberlo recibido y que estemos todos presentes el d\u00eda de hoy ac\u00e1 en este importante hito\u201d.<\/p>\n<p style=\"text-align: justify;\">Por su parte, Carmen Gloria Monsalve, Seremi de Salud Ays\u00e9n, destac\u00f3 que C\u00e9sar \u201cnace en un pa\u00eds que le ofrece oportunidades muy significativas y que nos distinguen del resto de los pa\u00edses de Am\u00e9rica. Nace en un pa\u00eds en donde el sistema de salud p\u00fablico ha avanzado hacia el Copago 0, en una rep\u00fablica en donde las barreras de equidad y de dificultades de acceso se han ido trabajando de manera significativa y muy objetiva. Nace en uno de los pa\u00edses que tiene la mejor expectativa de vida, segundo despu\u00e9s de Canad\u00e1, que habla de un avance muy significativo en materia sanitaria, que seguimos impulsando en este gobierno. Y por \u00faltimo, nace con este tremendo apoyo que es el Programa de Apoyo al Reci\u00e9n Nacido en donde se establece una l\u00ednea base para todos los ni\u00f1os y ni\u00f1as que nacen en cualquiera de los dispositivos p\u00fablicos de la red sanitaria independiente de la situaci\u00f3n o de la previsi\u00f3n de la madre. Hoy d\u00eda C\u00e9sar nace en un contexto que sabemos que les va a entregar herramientas para poder avanzar hacia una vida mucho m\u00e1s justa. Estamos muy orgullosos de eso\u201d, finaliz\u00f3 la autoridad sanitaria.<\/p>\n<\/div><\/section><\/div><div  style='height:50px' class='hr hr-invisible   avia-builder-el-6  el_after_av_one_full  el_before_av_social_share '><span class='hr-inner ' ><span class='hr-inner-style'><\/span><\/span><\/div><\/p>\n<div  class='av-social-sharing-box  avia-builder-el-7  el_after_av_hr  el_before_av_hr  '><div class='av-share-box'><h5 class='av-share-link-description av-no-toc '>Compartir esta noticia<\/h5><ul class='av-share-box-list noLightbox'><li class='av-share-link av-social-link-facebook' ><a target=\"_blank\" aria-label=\"Compartir en Facebook\" href='https:\/\/www.facebook.com\/sharer.php?u=https:\/\/radiorevelacionfm.cl\/?p=49326&#038;t=C%C3%A9sar%2C%20es%20el%20primer%20beb%C3%A9%20nacido%20este%202025%20en%20la%20regi%C3%B3n%20de%20Ays%C3%A9n' aria-hidden='false' data-av_icon='\ue8f3' data-av_iconfont='entypo-fontello' title='' data-avia-related-tooltip='Compartir en Facebook' rel=\"noopener\"><span class='avia_hidden_link_text'>Compartir en Facebook<\/span><\/a><\/li><li class='av-share-link av-social-link-twitter' ><a target=\"_blank\" aria-label=\"Compartir en Twitter\" href='https:\/\/twitter.com\/share?text=C%C3%A9sar%2C%20es%20el%20primer%20beb%C3%A9%20nacido%20este%202025%20en%20la%20regi%C3%B3n%20de%20Ays%C3%A9n&#038;url=https:\/\/radiorevelacionfm.cl\/?p=49326' aria-hidden='false' data-av_icon='\ue8f1' data-av_iconfont='entypo-fontello' title='' data-avia-related-tooltip='Compartir en Twitter' rel=\"noopener\"><span class='avia_hidden_link_text'>Compartir en Twitter<\/span><\/a><\/li><li class='av-share-link av-social-link-whatsapp' ><a target=\"_blank\" aria-label=\"Compartir en Whatsapp\" href='https:\/\/api.whatsapp.com\/send?text=https:\/\/radiorevelacionfm.cl\/?p=49326' aria-hidden='false' data-av_icon='\uf232' data-av_iconfont='entypo-fontello' title='' data-avia-related-tooltip='Compartir en Whatsapp' rel=\"noopener\"><span class='avia_hidden_link_text'>Compartir en Whatsapp<\/span><\/a><\/li><li class='av-share-link av-social-link-linkedin' ><a target=\"_blank\" aria-label=\"Compartir en LinkedIn\" href='https:\/\/linkedin.com\/shareArticle?mini=true&#038;title=C%C3%A9sar%2C%20es%20el%20primer%20beb%C3%A9%20nacido%20este%202025%20en%20la%20regi%C3%B3n%20de%20Ays%C3%A9n&#038;url=https:\/\/radiorevelacionfm.cl\/?p=49326' aria-hidden='false' data-av_icon='\ue8fc' data-av_iconfont='entypo-fontello' title='' data-avia-related-tooltip='Compartir en LinkedIn' rel=\"noopener\"><span class='avia_hidden_link_text'>Compartir en LinkedIn<\/span><\/a><\/li><li class='av-share-link av-social-link-mail' ><a  aria-label=\"Compartir por correo\" href='mailto:?subject=C%C3%A9sar%2C%20es%20el%20primer%20beb%C3%A9%20nacido%20este%202025%20en%20la%20regi%C3%B3n%20de%20Ays%C3%A9n&#038;body=https:\/\/radiorevelacionfm.cl\/?p=49326' aria-hidden='false' data-av_icon='\ue805' data-av_iconfont='entypo-fontello' title='' data-avia-related-tooltip='Compartir por correo'><span class='avia_hidden_link_text'>Compartir por correo<\/span><\/a><\/li><\/ul><\/div><\/div>\n<div  style='height:50px' class='hr hr-invisible   avia-builder-el-8  el_after_av_social_share  el_before_av_comments_list '><span class='hr-inner ' ><span class='hr-inner-style'><\/span><\/span><\/div>\n<div  class='av-buildercomment  av-blog-meta-html-info-disabled av-blog-meta-tag-disabled  '><\/div>\n","protected":false},"excerpt":{"rendered":"","protected":false},"author":1,"featured_media":49327,"comment_status":"open","ping_status":"open","sticky":false,"template":"","format":"standard","meta":{"footnotes":""},"categories":[46],"tags":[],"class_list":["post-49326","post","type-post","status-publish","format-standard","has-post-thumbnail","hentry","category-salud"],"jetpack_featured_media_url":"https:\/\/radiorevelacionfm.cl\/wp-content\/uploads\/2025\/01\/01-14-1_optimized.jpg","_links":{"self":[{"href":"https:\/\/radiorevelacionfm.cl\/index.php?rest_route=\/wp\/v2\/posts\/49326","targetHints":{"allow":["GET"]}}],"collection":[{"href":"https:\/\/radiorevelacionfm.cl\/index.php?rest_route=\/wp\/v2\/posts"}],"about":[{"href":"https:\/\/radiorevelacionfm.cl\/index.php?rest_route=\/wp\/v2\/types\/post"}],"author":[{"embeddable":true,"href":"https:\/\/radiorevelacionfm.cl\/index.php?rest_route=\/wp\/v2\/users\/1"}],"replies":[{"embeddable":true,"href":"https:\/\/radiorevelacionfm.cl\/index.php?rest_route=%2Fwp%2Fv2%2Fcomments&post=49326"}],"version-history":[{"count":1,"href":"https:\/\/radiorevelacionfm.cl\/index.php?rest_route=\/wp\/v2\/posts\/49326\/revisions"}],"predecessor-version":[{"id":49328,"href":"https:\/\/radiorevelacionfm.cl\/index.php?rest_route=\/wp\/v2\/posts\/49326\/revisions\/49328"}],"wp:featuredmedia":[{"embeddable":true,"href":"https:\/\/radiorevelacionfm.cl\/index.php?rest_route=\/wp\/v2\/media\/49327"}],"wp:attachment":[{"href":"https:\/\/radiorevelacionfm.cl\/index.php?rest_route=%2Fwp%2Fv2%2Fmedia&parent=49326"}],"wp:term":[{"taxonomy":"category","embeddable":true,"href":"https:\/\/radiorevelacionfm.cl\/index.php?rest_route=%2Fwp%2Fv2%2Fcategories&post=49326"},{"taxonomy":"post_tag","embeddable":true,"href":"https:\/\/radiorevelacionfm.cl\/index.php?rest_route=%2Fwp%2Fv2%2Ftags&post=49326"}],"curies":[{"name":"wp","href":"https:\/\/api.w.org\/{rel}","templated":true}]}}