{"id":49324,"date":"2025-01-02T17:58:50","date_gmt":"2025-01-02T20:58:50","guid":{"rendered":"https:\/\/radiorevelacionfm.cl\/?p=49324"},"modified":"2025-01-02T17:58:50","modified_gmt":"2025-01-02T20:58:50","slug":"el-2025-inicio-en-la-region-con-tres-personas-heridas-de-gravedad-con-arma-cortante","status":"publish","type":"post","link":"https:\/\/radiorevelacionfm.cl\/?p=49324","title":{"rendered":"El 2025 inici\u00f3 en la regi\u00f3n con tres personas heridas de gravedad con arma cortante"},"content":{"rendered":"<div class=\"flex_column av_one_full  flex_column_div av-zero-column-padding first  avia-builder-el-0  el_before_av_one_full  avia-builder-el-first  \" style='border-radius:0px; '><div  class='avia-image-container  av-styling-    avia-builder-el-1  avia-builder-el-no-sibling  avia-align-center '  itemprop=\"image\" itemscope=\"itemscope\" itemtype=\"https:\/\/schema.org\/ImageObject\"  ><div class='avia-image-container-inner'><div class='avia-image-overlay-wrap'><img decoding=\"async\" class='wp-image-16354 avia-img-lazy-loading-not-16354 avia_image' src=\"https:\/\/radiorevelacionfm.cl\/wp-content\/uploads\/2022\/04\/PDI-Imagen-referencial-1-1.jpg\" alt='' title='PDI Imagen referencial (1) (1)' height=\"600\" width=\"900\"  itemprop=\"thumbnailUrl\" srcset=\"https:\/\/radiorevelacionfm.cl\/wp-content\/uploads\/2022\/04\/PDI-Imagen-referencial-1-1.jpg 900w, https:\/\/radiorevelacionfm.cl\/wp-content\/uploads\/2022\/04\/PDI-Imagen-referencial-1-1-300x200.jpg 300w, https:\/\/radiorevelacionfm.cl\/wp-content\/uploads\/2022\/04\/PDI-Imagen-referencial-1-1-768x512.jpg 768w, https:\/\/radiorevelacionfm.cl\/wp-content\/uploads\/2022\/04\/PDI-Imagen-referencial-1-1-705x470.jpg 705w, https:\/\/radiorevelacionfm.cl\/wp-content\/uploads\/2022\/04\/PDI-Imagen-referencial-1-1-600x400.jpg 600w\" sizes=\"(max-width: 900px) 100vw, 900px\" \/><\/div><\/div><\/div><\/div><div class=\"flex_column av_one_full  flex_column_div av-zero-column-padding first  avia-builder-el-2  el_after_av_one_full  el_before_av_one_full  column-top-margin\" style='border-radius:0px; '><section class=\"av_textblock_section \"  itemscope=\"itemscope\" itemtype=\"https:\/\/schema.org\/BlogPosting\" itemprop=\"blogPost\" ><div class='avia_textblock  '   itemprop=\"text\" ><p style=\"text-align: center;\"><strong><span style=\"font-size: 18pt;\">El 2025 inici\u00f3 en la regi\u00f3n con tres personas heridas de gravedad con arma cortante <\/span><\/strong><\/p>\n<div id=\"gtx-trans\" style=\"position: absolute; left: -50px; top: 4.31534px;\">\n<div class=\"gtx-trans-icon\"><\/div>\n<\/div>\n<\/div><\/section><\/div><div class=\"flex_column av_one_full  flex_column_div av-zero-column-padding first  avia-builder-el-4  el_after_av_one_full  el_before_av_hr  column-top-margin\" style='border-radius:0px; '><section class=\"av_textblock_section \"  itemscope=\"itemscope\" itemtype=\"https:\/\/schema.org\/BlogPosting\" itemprop=\"blogPost\" ><div class='avia_textblock  '   itemprop=\"text\" ><p style=\"text-align: justify;\">Con dos hechos de sangre, investigados por la Brigada de Homicidios Coyhaique, junto al Laboratorio de Criminal\u00edstica Regional, inici\u00f3 un nuevo a\u00f1o en la Regi\u00f3n de Ays\u00e9n.<\/p>\n<p style=\"text-align: justify;\">El primero guarda relaci\u00f3n con dos amigos que se encontraban a las afueras de un local en la comuna de Puerto Ays\u00e9n, durante la madrugada del 1 de enero, cuando un sujeto, desconocido para las v\u00edctimas, los increpa, sacando un arma cortante de sus pertenencias hiri\u00e9ndolos de gravedad para posteriormente darse a la fuga.<strong> \u201c<\/strong>El procedimiento investigativo fue requerido por el Ministerio P\u00fablico y guarda relaci\u00f3n con el delito de Lesiones Graves con Arma Cortante de dos sujetos de sexo masculino de 38 y 22 a\u00f1os de edad. Las circunstancias corresponden a que un grupo familiar concurri\u00f3 a un restaurante en la comuna de Puerto Ays\u00e9n, oportunidad en que la pareja de una de las v\u00edctimas ingres\u00f3 al local para participar en un karaoke, mientras que las dos v\u00edctimas, acompa\u00f1ados del hijo de su mujer, quedaron en el exterior del local. Al transcurrir los minutos las v\u00edctimas saludaron a un sujeto externo, oportunidad en que \u00e9ste se enoj\u00f3 y premunido con un arma cortante los agredi\u00f3 a ambos en la regi\u00f3n abdominal y hombro derecho\u201d, coment\u00f3 el subcomisario Maximiliano Crot, jefe (s) de la Brigada de Homicidios Coyhaique.<\/p>\n<p style=\"text-align: justify;\">El subcomisario agreg\u00f3 que lograron obtener registros de c\u00e1maras de seguridad y relatos de testigos que, ser\u00edan claves para dar con el paradero del victimario. Cabe hacer presente que las v\u00edctimas se encontrar\u00edan fuera de riesgo vital.<\/p>\n<p style=\"text-align: justify;\">El segundo hecho, tuvo lugar en la intersecci\u00f3n de las calles Los Coig\u00fces con Alejandro Guti\u00e9rrez, comuna de Coyhaique, a las afueras de una conocida botiller\u00eda del sector, en donde, a eso del mediod\u00eda, dos amigos se dirigieron a comprar al local comercial, cuando uno de ellos es abordado por el imputado, produci\u00e9ndose una discusi\u00f3n que, habr\u00eda terminado con uno de los involucrados herido de gravedad. \u201cLas circunstancias se desarrollaron mientras que la v\u00edctima, en compa\u00f1\u00eda de un amigo, se trasladaron a una botiller\u00eda en la comuna de Coyhaique y al momento de ingresar fue interceptado por el imputado, quien tiene 23 a\u00f1os de edad, y tras una discusi\u00f3n este imputado aprovech\u00f3 el descuido de la v\u00edctima para agredirlo con un arma cortante en la regi\u00f3n del t\u00f3rax posterior. Asimismo, el imputado huy\u00f3 del lugar y la v\u00edctima fue trasladada al Hospital Regional de Coyhaique donde se encuentra en riesgo vital\u201d, detall\u00f3 el subcomisario Crot.<\/p>\n<p style=\"text-align: justify;\">Respecto a las razones de ambos casos los investigadores de la Brigada de Homicidios Coyhaique no descartan que se pudiese tratar de rencillas anteriores o un ajuste de cuentas, sin embargo, la investigaci\u00f3n sigue en curso en coordinaci\u00f3n con el Ministerio P\u00fablico.<\/p>\n<\/div><\/section><\/div><div  style='height:50px' class='hr hr-invisible   avia-builder-el-6  el_after_av_one_full  el_before_av_social_share '><span class='hr-inner ' ><span class='hr-inner-style'><\/span><\/span><\/div><\/p>\n<div  class='av-social-sharing-box  avia-builder-el-7  el_after_av_hr  el_before_av_hr  '><div class='av-share-box'><h5 class='av-share-link-description av-no-toc '>Compartir esta noticia<\/h5><ul class='av-share-box-list noLightbox'><li class='av-share-link av-social-link-facebook' ><a target=\"_blank\" aria-label=\"Compartir en Facebook\" href='https:\/\/www.facebook.com\/sharer.php?u=https:\/\/radiorevelacionfm.cl\/?p=49324&#038;t=El%202025%20inici%C3%B3%20en%20la%20regi%C3%B3n%20con%20tres%20personas%20heridas%20de%20gravedad%20con%20arma%20cortante' aria-hidden='false' data-av_icon='\ue8f3' data-av_iconfont='entypo-fontello' title='' data-avia-related-tooltip='Compartir en Facebook' rel=\"noopener\"><span class='avia_hidden_link_text'>Compartir en Facebook<\/span><\/a><\/li><li class='av-share-link av-social-link-twitter' ><a target=\"_blank\" aria-label=\"Compartir en Twitter\" href='https:\/\/twitter.com\/share?text=El%202025%20inici%C3%B3%20en%20la%20regi%C3%B3n%20con%20tres%20personas%20heridas%20de%20gravedad%20con%20arma%20cortante&#038;url=https:\/\/radiorevelacionfm.cl\/?p=49324' aria-hidden='false' data-av_icon='\ue8f1' data-av_iconfont='entypo-fontello' title='' data-avia-related-tooltip='Compartir en Twitter' rel=\"noopener\"><span class='avia_hidden_link_text'>Compartir en Twitter<\/span><\/a><\/li><li class='av-share-link av-social-link-whatsapp' ><a target=\"_blank\" aria-label=\"Compartir en Whatsapp\" href='https:\/\/api.whatsapp.com\/send?text=https:\/\/radiorevelacionfm.cl\/?p=49324' aria-hidden='false' data-av_icon='\uf232' data-av_iconfont='entypo-fontello' title='' data-avia-related-tooltip='Compartir en Whatsapp' rel=\"noopener\"><span class='avia_hidden_link_text'>Compartir en Whatsapp<\/span><\/a><\/li><li class='av-share-link av-social-link-linkedin' ><a target=\"_blank\" aria-label=\"Compartir en LinkedIn\" href='https:\/\/linkedin.com\/shareArticle?mini=true&#038;title=El%202025%20inici%C3%B3%20en%20la%20regi%C3%B3n%20con%20tres%20personas%20heridas%20de%20gravedad%20con%20arma%20cortante&#038;url=https:\/\/radiorevelacionfm.cl\/?p=49324' aria-hidden='false' data-av_icon='\ue8fc' data-av_iconfont='entypo-fontello' title='' data-avia-related-tooltip='Compartir en LinkedIn' rel=\"noopener\"><span class='avia_hidden_link_text'>Compartir en LinkedIn<\/span><\/a><\/li><li class='av-share-link av-social-link-mail' ><a  aria-label=\"Compartir por correo\" href='mailto:?subject=El%202025%20inici%C3%B3%20en%20la%20regi%C3%B3n%20con%20tres%20personas%20heridas%20de%20gravedad%20con%20arma%20cortante&#038;body=https:\/\/radiorevelacionfm.cl\/?p=49324' aria-hidden='false' data-av_icon='\ue805' data-av_iconfont='entypo-fontello' title='' data-avia-related-tooltip='Compartir por correo'><span class='avia_hidden_link_text'>Compartir por correo<\/span><\/a><\/li><\/ul><\/div><\/div>\n<div  style='height:50px' class='hr hr-invisible   avia-builder-el-8  el_after_av_social_share  el_before_av_comments_list '><span class='hr-inner ' ><span class='hr-inner-style'><\/span><\/span><\/div>\n<div  class='av-buildercomment  av-blog-meta-html-info-disabled av-blog-meta-tag-disabled  '><\/div>\n","protected":false},"excerpt":{"rendered":"","protected":false},"author":1,"featured_media":16354,"comment_status":"open","ping_status":"open","sticky":false,"template":"","format":"standard","meta":{"footnotes":""},"categories":[36],"tags":[],"class_list":["post-49324","post","type-post","status-publish","format-standard","has-post-thumbnail","hentry","category-policial"],"jetpack_featured_media_url":"https:\/\/radiorevelacionfm.cl\/wp-content\/uploads\/2022\/04\/PDI-Imagen-referencial-1-1.jpg","_links":{"self":[{"href":"https:\/\/radiorevelacionfm.cl\/index.php?rest_route=\/wp\/v2\/posts\/49324","targetHints":{"allow":["GET"]}}],"collection":[{"href":"https:\/\/radiorevelacionfm.cl\/index.php?rest_route=\/wp\/v2\/posts"}],"about":[{"href":"https:\/\/radiorevelacionfm.cl\/index.php?rest_route=\/wp\/v2\/types\/post"}],"author":[{"embeddable":true,"href":"https:\/\/radiorevelacionfm.cl\/index.php?rest_route=\/wp\/v2\/users\/1"}],"replies":[{"embeddable":true,"href":"https:\/\/radiorevelacionfm.cl\/index.php?rest_route=%2Fwp%2Fv2%2Fcomments&post=49324"}],"version-history":[{"count":1,"href":"https:\/\/radiorevelacionfm.cl\/index.php?rest_route=\/wp\/v2\/posts\/49324\/revisions"}],"predecessor-version":[{"id":49325,"href":"https:\/\/radiorevelacionfm.cl\/index.php?rest_route=\/wp\/v2\/posts\/49324\/revisions\/49325"}],"wp:featuredmedia":[{"embeddable":true,"href":"https:\/\/radiorevelacionfm.cl\/index.php?rest_route=\/wp\/v2\/media\/16354"}],"wp:attachment":[{"href":"https:\/\/radiorevelacionfm.cl\/index.php?rest_route=%2Fwp%2Fv2%2Fmedia&parent=49324"}],"wp:term":[{"taxonomy":"category","embeddable":true,"href":"https:\/\/radiorevelacionfm.cl\/index.php?rest_route=%2Fwp%2Fv2%2Fcategories&post=49324"},{"taxonomy":"post_tag","embeddable":true,"href":"https:\/\/radiorevelacionfm.cl\/index.php?rest_route=%2Fwp%2Fv2%2Ftags&post=49324"}],"curies":[{"name":"wp","href":"https:\/\/api.w.org\/{rel}","templated":true}]}}