{"id":49321,"date":"2025-01-02T16:53:10","date_gmt":"2025-01-02T19:53:10","guid":{"rendered":"https:\/\/radiorevelacionfm.cl\/?p=49321"},"modified":"2025-01-02T16:53:10","modified_gmt":"2025-01-02T19:53:10","slug":"dan-a-conocer-ganadores-de-concurso-de-dibujo-la-mirada-de-ninos-ninas-y-adolescentes-de-aysen-sobre-trabajo-infantil","status":"publish","type":"post","link":"https:\/\/radiorevelacionfm.cl\/?p=49321","title":{"rendered":"Dan a conocer ganadores de Concurso de dibujo: La mirada de ni\u00f1os, ni\u00f1as y adolescentes de Ays\u00e9n sobre trabajo infantil"},"content":{"rendered":"<div class=\"flex_column av_one_full  flex_column_div av-zero-column-padding first  avia-builder-el-0  el_before_av_one_full  avia-builder-el-first  \" style='border-radius:0px; '><div  class='avia-image-container  av-styling-    avia-builder-el-1  avia-builder-el-no-sibling  avia-align-center '  itemprop=\"image\" itemscope=\"itemscope\" itemtype=\"https:\/\/schema.org\/ImageObject\"  ><div class='avia-image-container-inner'><div class='avia-image-overlay-wrap'><img decoding=\"async\" class='wp-image-49322 avia-img-lazy-loading-not-49322 avia_image' src=\"https:\/\/radiorevelacionfm.cl\/wp-content\/uploads\/2025\/01\/premiacionconcursodibujocreti_coyhaique-1_optimized.jpeg\" alt='' title='premiacionconcursodibujocreti_coyhaique-(1)_optimized' height=\"600\" width=\"800\"  itemprop=\"thumbnailUrl\" srcset=\"https:\/\/radiorevelacionfm.cl\/wp-content\/uploads\/2025\/01\/premiacionconcursodibujocreti_coyhaique-1_optimized.jpeg 800w, https:\/\/radiorevelacionfm.cl\/wp-content\/uploads\/2025\/01\/premiacionconcursodibujocreti_coyhaique-1_optimized-300x225.jpeg 300w, https:\/\/radiorevelacionfm.cl\/wp-content\/uploads\/2025\/01\/premiacionconcursodibujocreti_coyhaique-1_optimized-768x576.jpeg 768w, https:\/\/radiorevelacionfm.cl\/wp-content\/uploads\/2025\/01\/premiacionconcursodibujocreti_coyhaique-1_optimized-705x529.jpeg 705w, https:\/\/radiorevelacionfm.cl\/wp-content\/uploads\/2025\/01\/premiacionconcursodibujocreti_coyhaique-1_optimized-450x338.jpeg 450w, https:\/\/radiorevelacionfm.cl\/wp-content\/uploads\/2025\/01\/premiacionconcursodibujocreti_coyhaique-1_optimized-600x450.jpeg 600w\" sizes=\"(max-width: 800px) 100vw, 800px\" \/><\/div><\/div><\/div><\/div><div class=\"flex_column av_one_full  flex_column_div av-zero-column-padding first  avia-builder-el-2  el_after_av_one_full  el_before_av_one_full  column-top-margin\" style='border-radius:0px; '><section class=\"av_textblock_section \"  itemscope=\"itemscope\" itemtype=\"https:\/\/schema.org\/BlogPosting\" itemprop=\"blogPost\" ><div class='avia_textblock  '   itemprop=\"text\" ><p style=\"text-align: center;\"><strong><span style=\"font-size: 18pt;\">Dan a conocer ganadores de Concurso de dibujo: La mirada de ni\u00f1os, ni\u00f1as y adolescentes de Ays\u00e9n sobre trabajo infantil<\/span><\/strong><\/p>\n<div id=\"gtx-trans\" style=\"position: absolute; left: -50px; top: 4.31534px;\">\n<div class=\"gtx-trans-icon\"><\/div>\n<\/div>\n<\/div><\/section><\/div><div class=\"flex_column av_one_full  flex_column_div av-zero-column-padding first  avia-builder-el-4  el_after_av_one_full  el_before_av_hr  column-top-margin\" style='border-radius:0px; '><section class=\"av_textblock_section \"  itemscope=\"itemscope\" itemtype=\"https:\/\/schema.org\/BlogPosting\" itemprop=\"blogPost\" ><div class='avia_textblock  '   itemprop=\"text\" ><p style=\"text-align: justify;\">Gran inter\u00e9s suscit\u00f3 el concurso de dibujo organizado por el Comit\u00e9 Regional de Erradicaci\u00f3n del Trabajo Infantil y Protecci\u00f3n al Adolescente Trabajador (CRETI Ays\u00e9n) \u201cPongamos Fin al Trabajo Infantil\u201d donde se invit\u00f3 a ni\u00f1os, ni\u00f1as y adolescentes (NNA) a dibujar sobre el tema, los riesgos del trabajo infantil y c\u00f3mo se pueden proteger sus derechos.<\/p>\n<p style=\"text-align: justify;\">La Seremi de Trabajo y Previsi\u00f3n Social, Camila Covarrubias, l\u00edder del comit\u00e9 regional, afirmo, \u00abComo CRETI Ays\u00e9n, que es el Comit\u00e9 para la Erradicaci\u00f3n del Trabajo infantil y Protecci\u00f3n al Adolescente que Trabaja, llevamos adelante un concurso de dibujo sobre la erradicaci\u00f3n del trabajo infantil y tuvimos una gran convocatoria, participaron los ni\u00f1os, las ni\u00f1as, adolescentes, nos dimos cuenta que tambi\u00e9n fue fueron apoyados por sus familias y pudimos tener as\u00ed un resultado maravilloso, en el que pudimos escuchar sus voces, su opini\u00f3n, c\u00f3mo ellos piensan respecto a los derechos de los ni\u00f1os, las ni\u00f1as y los adolescentes, y tambi\u00e9n c\u00f3mo permitirse ellos so\u00f1ar con un mundo diferente\u00bb.<\/p>\n<p style=\"text-align: justify;\">Con respeto al trabajo infantil, la Seremi Camila Covarrubias mencion\u00f3 \u00abSeguiremos impulsando estas iniciativas porque el trabajo infantil es una situaci\u00f3n que sigue ocurriendo en nuestro pa\u00eds, no es ajeno a nuestra regi\u00f3n y por lo tanto, necesitamos visibilizarlo, necesitamos abordar esta tem\u00e1tica y como instituciones miembros del CRETI tambi\u00e9n dar nuestro aporte para abordar estos casos y que el trabajo infantil no est\u00e9 presente, ya que tiene muchas consecuencias negativas en la salud f\u00edsica, mental y emocional de ni\u00f1as , ni\u00f1os y adolescentes\u00bb.<\/p>\n<p style=\"text-align: justify;\">A su vez, el INDH, como parte del CRETI, particip\u00f3 de las tres premiaciones del concurso y como jurado del mismo. La profesional de la sede Ays\u00e9n, Carla Romo, relat\u00f3 sobre esta experiencia, \u201cEl Instituto Nacional de Derechos humanos es parte del CRETI regional, es una tarea que en realidad nos llena bastante de orgullo, porque finalmente logramos exponer la importancia de darle voz y participaci\u00f3n a ni\u00f1os, ni\u00f1as, adolescentes. Fui parte del jurado junto a las colegas de la Corporaci\u00f3n Opci\u00f3n, INJUV, Coaniquem, Subsecretar\u00eda de la Ni\u00f1ez, entre otras instituciones, y contarle a la comunidad que recibimos 170 dibujos. Fue una tarea dif\u00edcil, ardua, pero logramos obtener m\u00e1s de un ganador por categor\u00eda, incluso y muchas menciones honrosas. Al final premiamos a 19 ni\u00f1os, ni\u00f1as y adolescentes, y destacar que hoy d\u00eda nos encontramos en Puerto Ays\u00e9n, lugar donde hubo mayor cantidad de ganadores y ganadoras, algo que nos llena tambi\u00e9n de mucha satisfacci\u00f3n porque el trabajo infantil y la promoci\u00f3n respecto a derechos de ni\u00f1os, ni\u00f1as, adolescentes tambi\u00e9n tiene relaci\u00f3n a evitar el centralismo, a conocer el territorio y l\u00f3gicamente favorecer los espacios de participaci\u00f3n incidente\u201d.<\/p>\n<p style=\"text-align: justify;\">Sobre la expresi\u00f3n de la visi\u00f3n de los NNA, Carla Romo agreg\u00f3, \u201cEstamos muy contentas porque fue un concurso en donde recibimos importantes mensajes, este concurso tambi\u00e9n derriba a la mirada adultoc\u00e9ntrica, los ni\u00f1os y las ni\u00f1as son capaces, sin dudas, de poder expresar sus opiniones y pensamientos, respecto a lo que es el trabajo infantil como una vulneraci\u00f3n de derechos\u201d.<\/p>\n<p style=\"text-align: justify;\"><strong><u>Ganadores y menciones honrosas<\/u><\/strong><\/p>\n<p style=\"text-align: justify;\">Tal como manifest\u00f3 Carla Romo del INDH, el concurso de dibujo fue un \u00e9xito y la selecci\u00f3n fue compleja por la buena calidad de los mismos, teniendo 7 primeros lugares y 12 menciones honrosas de un total de 170 dibujos.<\/p>\n<p style=\"text-align: justify;\">Una de las menciones honrosas la obtuvo Eduardo Y\u00e1\u00f1ez, del Centro de Estudio Patagonia, quien coment\u00f3 sobre su inspiraci\u00f3n, \u00abEn vez de hacer un coraz\u00f3n normal lo hicimos como manos, como pidiendo el ni\u00f1o ayuda, para tener libertad y lo que merece un ni\u00f1o, educaci\u00f3n, jugar, ser libre y no estar trabajando\u00bb, quien coment\u00f3 que lo hizo conversando con su mam\u00e1 y hermana, inspir\u00e1ndose con distintas t\u00e9cnicas.<\/p>\n<p style=\"text-align: justify;\">Por su parte, Josefa Gonz\u00e1lez estudiante de 8 a\u00f1os del Colegio Kalem obtuvo una menci\u00f3n honrosa, dijo \u00abLos ni\u00f1os tienen que ser libres, jugar, estudiar y no trabajar\u00bb.<\/p>\n<p style=\"text-align: justify;\">En la categor\u00eda NT1, NT2 y Jardines Infantiles: se recibieron 23 dibujos. Ganador Eythan Saldivia Rodr\u00edguez, Nivel Transici\u00f3n I, Escuela Valle de la Luna de \u00d1irehuao. Menciones honrosas Lian Lema, Pre Kinder, Colegio Santa Teresa, Puerto Ays\u00e9n. Rayen Santana V\u00e1squez, Nivel Transici\u00f3n I, Escuela Valle de la Luna de \u00d1irehuao.<\/p>\n<p style=\"text-align: justify;\">En la categor\u00eda 1\u00b0, 2\u00b0 y 3\u00b0 b\u00e1sico: se recibieron 58 dibujos. Ganador Benjam\u00edn Igor Vivar, 3\u00b0 b\u00e1sico, Colegio Nuestra Divina Se\u00f1ora de la Providencia, Puerto Gaviota. Menciones Honrosas: Ayel\u00e9n Navarro V., 3\u00b0 b\u00e1sico, Colegio Sembradores, Coyhaique. Emma Mart\u00ednez Boldrini, 1\u00b0 A, Escuela Altamira, Coyhaique. Josefa Gonzalez Kovacs, 2\u00b0 A Colegio Kalem, Puerto Ays\u00e9n.<\/p>\n<p style=\"text-align: justify;\">En la categor\u00eda 4\u00b0, 5\u00b0 y 6\u00b0 b\u00e1sico se recibieron 37 dibujos. Ganadoras Amanda Navarrete, 6\u00b0B, Colegio Kalem, Puerto Ays\u00e9n. Sarai Ainol, 6\u00b0 B, Escuela Guido G\u00f3mez Mu\u00f1oz, Puerto Cisnes. Menciones Honrosas: Ocly S\u00e1nchez, 5\u00b0A, Colegio Kalem, Puerto Ays\u00e9n. Muriel Mayorga, 6\u00b0 B, Colegio Kalem, Puerto Ays\u00e9n. Martina Valenzuela L\u00f3pez, 6\u00b0 B, Colegio Kalem, Puerto Ays\u00e9n.<\/p>\n<p style=\"text-align: justify;\">En la categor\u00eda 7\u00b0 y 8\u00b0 b\u00e1sico se recibieron 25 dibujos. Ganadoras Mar\u00eda Andrade Lema, 7\u00b0 A, Colegio Kalem, Puerto Ays\u00e9n. Sof\u00eda Rebolledo, 8\u00b0 B, Colegio Kalem, Puerto Ays\u00e9n. Menciones Honrosas: Thayra Ruiz, 8\u00b0 B, Colegio Kalem, Puerto Ays\u00e9n. Geraldine Alvarado Ruiz, 7\u00b0 B, Colegio Kalem, Puerto Ays\u00e9n.<\/p>\n<p style=\"text-align: justify;\">En la categor\u00eda 1\u00b0 y 2\u00b0 medios se recibieron 18 dibujos. Ganador Bruno Aguilar Vidal, 1\u00b0 medio, Escuela Ricardo Navarrete, Coyhaique. Menciones Honrosas Camila Alvarado, 2\u00b0 medio A, Bicentenario. Eduardo Y\u00e1\u00f1ez B\u00f3rquez, 2\u00b0 medio, Centro de Estudios Patagonia, Coyhaique.<\/p>\n<p style=\"text-align: justify;\">Se realizaron tres premiaciones donde participaron la Seremi de Trabajo y Previsi\u00f3n Social, Camila Covarrubias, el Seremi de Justicia y DDHH, Samuel Navarro, el jefe de la oficina Ays\u00e9n del INDH, Joaqu\u00edn Bizama y la profesional Carla Romo, el Director regional de la Direcci\u00f3n del Trabajo, Christian Aros, la coordinadora regional de la Defensor\u00eda de la Ni\u00f1ez Ays\u00e9n, Rose Mu\u00f1oz y el Servicio Nacional de la Mujer y la Equidad de G\u00e9nero Ays\u00e9n, Sernameg, quienes agradecieron a las familias y docentes que se involucraron e incentivaron a los NNA para participar en el concurso.<\/p>\n<p style=\"text-align: justify;\">El jurado estuvo compuesto por M\u00f3nica Cuevas, Corporaci\u00f3n Opci\u00f3n; Carla Romo, INDH; G\u00e9nesis Arias, Injuv; Marlenne Mar\u00edn, Seremi de Desarrollo Social y Familia; Marcela Ugalde, Coaniquem; Vitalia Puchi, Seremi del Trabajo y Previsi\u00f3n Social Seremi Del Trabajo Ays\u00e9n.<\/p>\n<p style=\"text-align: justify;\">Cada ganador\/a y menciones honrosas recibieron un reconocimiento, donado por integrantes del CRETI; Seremi de Trabajo y Previsi\u00f3n Social, INDH, Seremi de Justicia y Derechos Humanos; Coaniquem; Seremi de Desarrollo Social y Familia; INJUV; Servicio Nacional de Migraciones y SERPAJ.<\/p>\n<p style=\"text-align: justify;\"><strong><u>La Estrategia Nacional para la Erradicaci\u00f3n del Trabajo Infantil y los CRETI <\/u><\/strong><\/p>\n<p style=\"text-align: justify;\">En este mismo tema, prontamente se entregar\u00e1 los resultados de la EANNA 2023, Encuesta de Actividades de Ni\u00f1os, Ni\u00f1as y Adolescentes, desarrollada por el Ministerio de desarrollo Social y Familia, Subsecretar\u00eda del Trabajo, Ministerio de Mujer y Equidad de G\u00e9nero UNICEF, levantada por el Instituto Nacional de Estad\u00edsticas, INE; donde se realiza un cruce de datos relacionados con trabajo infantil, y que por primera vez, tendr\u00e1n datos regionales.<\/p>\n<p style=\"text-align: justify;\">La Encuesta EANNA 2023, tiene por objetivo\u00a0conocer las principales actividades que realizan las ni\u00f1as, ni\u00f1os y adolescentes de nuestro pa\u00eds\u00a0y recoger informaci\u00f3n relevante que permita elaborar mejores pol\u00edticas p\u00fablicas para aumentar su bienestar y garantizar sus derechos.<\/p>\n<p style=\"text-align: justify;\">En el marco de la conmemoraci\u00f3n del D\u00eda Mundial contra el Trabajo Infantil, en junio, el ministro (s) del Trabajo, Giorgio Boccardo, firm\u00f3 el compromiso para fomentar la construcci\u00f3n de una nueva pol\u00edtica que aborde dicha problem\u00e1tica, en el marco de una nueva sesi\u00f3n de la\u00a0 Comisi\u00f3n Asesora Ministerial Para la Prevenci\u00f3n y Erradicaci\u00f3n del Trabajo Infantil y Protecci\u00f3n del Adolescente que Trabaja (CETI) y restando un a\u00f1o para el cierre de la implementaci\u00f3n de la \u201cEstrategia Nacional de Prevenci\u00f3n y Erradicaci\u00f3n del Trabajo Infantil y Protecci\u00f3n del Adolescente Trabajador 2015-2025\u201d.<\/p>\n<p style=\"text-align: justify;\">Desde 2015 el Ministerio del Trabajo y Previsi\u00f3n Social cuenta con la\u00a0Estrategia Nacional de y Erradicaci\u00f3n del Trabajo Infantil y Protecci\u00f3n del Adolescente Trabajador 2015-2025, que tiene como objetivo que ni\u00f1os, ni\u00f1as y adolescentes crezcan seguros, estudien y se desarrollen de manera plena. De esta forma, en 2025 se iniciar\u00e1 el proceso para la elaboraci\u00f3n de una nueva Estrategia Nacional que propiciar\u00e1 que Chile contin\u00fae con sus labores para la erradicaci\u00f3n del trabajo infantil y protecci\u00f3n de los adolescentes que trabajan.<\/p>\n<p style=\"text-align: justify;\">Hace menos de una semana se entregaron los datos nacionales con los resultados de la Encuesta de Actividades de Ni\u00f1os, Ni\u00f1as y Adolescentes 2023 (EANNA), que tiene por objetivo conocer las principales actividades que realizan las ni\u00f1as, ni\u00f1os y adolescentes de Chile y recoger informaci\u00f3n para la elaboraci\u00f3n de pol\u00edticas p\u00fablicas que aumenten bienestar y garanticen los derechos de NNA.<\/p>\n<p style=\"text-align: justify;\">Esta encuesta es relevante ya que se traduce en una actualizaci\u00f3n de los datos sobre trabajo infantil, cuya \u00faltima actualizaci\u00f3n data de 2012, adem\u00e1s de incorporar datos a nivel regional y seguir las recomendaciones emanadas de las resoluciones de la Conferencia Internacional de Estad\u00edsticos del Trabajo (CIET) para la medici\u00f3n de trabajo infantil. Prontamente se espera entregar los datos que, por primera vez, contamos como Regi\u00f3n de Ays\u00e9n.<\/p>\n<p style=\"text-align: justify;\">A nivel nacional, la estrategia es impulsada por la Comisi\u00f3n Asesora Ministerial para la y Erradicaci\u00f3n del Trabajo Infantil y Protecci\u00f3n del Adolescente que Trabaja (CETI), que tiene su s\u00edmil en cada regi\u00f3n, los CRETI, liderados por la Subsecretar\u00eda del Trabajo y las Seremis, respectivamente. En la Regi\u00f3n de Ays\u00e9n el CRETI es un comit\u00e9 activo, que se re\u00fane de manera bimensual, participando en instancias de sensibilizaci\u00f3n y difusi\u00f3n, est\u00e1 compuesto regionalmente por: las Seremis de Trabajo y Previsi\u00f3n Social; Justicia y DDHH; Desarrollo Social y Familia; Deportes; Segegob; Seremi de Salud; las direcciones regionales de INJUV, Direcci\u00f3n del Trabajo, Instituto de Deportes, adem\u00e1s del INDH, Defensor\u00eda de la Ni\u00f1ez, Servicio de Migraciones, Subsecretar\u00eda de la Ni\u00f1ez; Corporaci\u00f3n Opci\u00f3n; Carabineros de Chile; Coaniquem y Serpaj.<\/p>\n<p style=\"text-align: justify;\">Para mayor informaci\u00f3n, se puede revisar el sitio web <a href=\"http:\/\/www.noaltrabajoinfantil.cl\/\">www.noaltrabajoinfantil.cl<\/a>, donde hay un repositorio de boletines, estudios y otros insumos al alcance de la ciudadan\u00eda.<\/p>\n<\/div><\/section><\/div><div  style='height:50px' class='hr hr-invisible   avia-builder-el-6  el_after_av_one_full  el_before_av_social_share '><span class='hr-inner ' ><span class='hr-inner-style'><\/span><\/span><\/div><\/p>\n<div  class='av-social-sharing-box  avia-builder-el-7  el_after_av_hr  el_before_av_hr  '><div class='av-share-box'><h5 class='av-share-link-description av-no-toc '>Compartir esta noticia<\/h5><ul class='av-share-box-list noLightbox'><li class='av-share-link av-social-link-facebook' ><a target=\"_blank\" aria-label=\"Compartir en Facebook\" href='https:\/\/www.facebook.com\/sharer.php?u=https:\/\/radiorevelacionfm.cl\/?p=49321&#038;t=Dan%20a%20conocer%20ganadores%20de%20Concurso%20de%20dibujo%3A%20La%20mirada%20de%20ni%C3%B1os%2C%20ni%C3%B1as%20y%20adolescentes%20de%20Ays%C3%A9n%20sobre%20trabajo%20infantil' aria-hidden='false' data-av_icon='\ue8f3' data-av_iconfont='entypo-fontello' title='' data-avia-related-tooltip='Compartir en Facebook' rel=\"noopener\"><span class='avia_hidden_link_text'>Compartir en Facebook<\/span><\/a><\/li><li class='av-share-link av-social-link-twitter' ><a target=\"_blank\" aria-label=\"Compartir en Twitter\" href='https:\/\/twitter.com\/share?text=Dan%20a%20conocer%20ganadores%20de%20Concurso%20de%20dibujo%3A%20La%20mirada%20de%20ni%C3%B1os%2C%20ni%C3%B1as%20y%20adolescentes%20de%20Ays%C3%A9n%20sobre%20trabajo%20infantil&#038;url=https:\/\/radiorevelacionfm.cl\/?p=49321' aria-hidden='false' data-av_icon='\ue8f1' data-av_iconfont='entypo-fontello' title='' data-avia-related-tooltip='Compartir en Twitter' rel=\"noopener\"><span class='avia_hidden_link_text'>Compartir en Twitter<\/span><\/a><\/li><li class='av-share-link av-social-link-whatsapp' ><a target=\"_blank\" aria-label=\"Compartir en Whatsapp\" href='https:\/\/api.whatsapp.com\/send?text=https:\/\/radiorevelacionfm.cl\/?p=49321' aria-hidden='false' data-av_icon='\uf232' data-av_iconfont='entypo-fontello' title='' data-avia-related-tooltip='Compartir en Whatsapp' rel=\"noopener\"><span class='avia_hidden_link_text'>Compartir en Whatsapp<\/span><\/a><\/li><li class='av-share-link av-social-link-linkedin' ><a target=\"_blank\" aria-label=\"Compartir en LinkedIn\" href='https:\/\/linkedin.com\/shareArticle?mini=true&#038;title=Dan%20a%20conocer%20ganadores%20de%20Concurso%20de%20dibujo%3A%20La%20mirada%20de%20ni%C3%B1os%2C%20ni%C3%B1as%20y%20adolescentes%20de%20Ays%C3%A9n%20sobre%20trabajo%20infantil&#038;url=https:\/\/radiorevelacionfm.cl\/?p=49321' aria-hidden='false' data-av_icon='\ue8fc' data-av_iconfont='entypo-fontello' title='' data-avia-related-tooltip='Compartir en LinkedIn' rel=\"noopener\"><span class='avia_hidden_link_text'>Compartir en LinkedIn<\/span><\/a><\/li><li class='av-share-link av-social-link-mail' ><a  aria-label=\"Compartir por correo\" href='mailto:?subject=Dan%20a%20conocer%20ganadores%20de%20Concurso%20de%20dibujo%3A%20La%20mirada%20de%20ni%C3%B1os%2C%20ni%C3%B1as%20y%20adolescentes%20de%20Ays%C3%A9n%20sobre%20trabajo%20infantil&#038;body=https:\/\/radiorevelacionfm.cl\/?p=49321' aria-hidden='false' data-av_icon='\ue805' data-av_iconfont='entypo-fontello' title='' data-avia-related-tooltip='Compartir por correo'><span class='avia_hidden_link_text'>Compartir por correo<\/span><\/a><\/li><\/ul><\/div><\/div>\n<div  style='height:50px' class='hr hr-invisible   avia-builder-el-8  el_after_av_social_share  el_before_av_comments_list '><span class='hr-inner ' ><span class='hr-inner-style'><\/span><\/span><\/div>\n<div  class='av-buildercomment  av-blog-meta-html-info-disabled av-blog-meta-tag-disabled  '><\/div>\n","protected":false},"excerpt":{"rendered":"","protected":false},"author":1,"featured_media":49322,"comment_status":"open","ping_status":"open","sticky":false,"template":"","format":"standard","meta":{"footnotes":""},"categories":[38],"tags":[],"class_list":["post-49321","post","type-post","status-publish","format-standard","has-post-thumbnail","hentry","category-regional"],"jetpack_featured_media_url":"https:\/\/radiorevelacionfm.cl\/wp-content\/uploads\/2025\/01\/premiacionconcursodibujocreti_coyhaique-1_optimized.jpeg","_links":{"self":[{"href":"https:\/\/radiorevelacionfm.cl\/index.php?rest_route=\/wp\/v2\/posts\/49321","targetHints":{"allow":["GET"]}}],"collection":[{"href":"https:\/\/radiorevelacionfm.cl\/index.php?rest_route=\/wp\/v2\/posts"}],"about":[{"href":"https:\/\/radiorevelacionfm.cl\/index.php?rest_route=\/wp\/v2\/types\/post"}],"author":[{"embeddable":true,"href":"https:\/\/radiorevelacionfm.cl\/index.php?rest_route=\/wp\/v2\/users\/1"}],"replies":[{"embeddable":true,"href":"https:\/\/radiorevelacionfm.cl\/index.php?rest_route=%2Fwp%2Fv2%2Fcomments&post=49321"}],"version-history":[{"count":1,"href":"https:\/\/radiorevelacionfm.cl\/index.php?rest_route=\/wp\/v2\/posts\/49321\/revisions"}],"predecessor-version":[{"id":49323,"href":"https:\/\/radiorevelacionfm.cl\/index.php?rest_route=\/wp\/v2\/posts\/49321\/revisions\/49323"}],"wp:featuredmedia":[{"embeddable":true,"href":"https:\/\/radiorevelacionfm.cl\/index.php?rest_route=\/wp\/v2\/media\/49322"}],"wp:attachment":[{"href":"https:\/\/radiorevelacionfm.cl\/index.php?rest_route=%2Fwp%2Fv2%2Fmedia&parent=49321"}],"wp:term":[{"taxonomy":"category","embeddable":true,"href":"https:\/\/radiorevelacionfm.cl\/index.php?rest_route=%2Fwp%2Fv2%2Fcategories&post=49321"},{"taxonomy":"post_tag","embeddable":true,"href":"https:\/\/radiorevelacionfm.cl\/index.php?rest_route=%2Fwp%2Fv2%2Ftags&post=49321"}],"curies":[{"name":"wp","href":"https:\/\/api.w.org\/{rel}","templated":true}]}}