{"id":49318,"date":"2025-01-02T16:21:17","date_gmt":"2025-01-02T19:21:17","guid":{"rendered":"https:\/\/radiorevelacionfm.cl\/?p=49318"},"modified":"2025-01-02T16:21:17","modified_gmt":"2025-01-02T19:21:17","slug":"festival-chivero-de-rio-ibanez-2025-invita-a-disfrutar-de-tradiciones-campesinas-y-gastronomia-local-en-su-tercera-version","status":"publish","type":"post","link":"https:\/\/radiorevelacionfm.cl\/?p=49318","title":{"rendered":"Festival Chivero de R\u00edo Ib\u00e1\u00f1ez 2025 invita a disfrutar de tradiciones campesinas y gastronom\u00eda local en su tercera versi\u00f3n"},"content":{"rendered":"<div class=\"flex_column av_one_full  flex_column_div av-zero-column-padding first  avia-builder-el-0  el_before_av_one_full  avia-builder-el-first  \" style='border-radius:0px; '><div  class='avia-image-container  av-styling-    avia-builder-el-1  avia-builder-el-no-sibling  avia-align-center '  itemprop=\"image\" itemscope=\"itemscope\" itemtype=\"https:\/\/schema.org\/ImageObject\"  ><div class='avia-image-container-inner'><div class='avia-image-overlay-wrap'><img decoding=\"async\" class='wp-image-49319 avia-img-lazy-loading-not-49319 avia_image' src=\"https:\/\/radiorevelacionfm.cl\/wp-content\/uploads\/2025\/01\/1674145871603-1_optimized-1.jpg\" alt='' title='1674145871603-(1)_optimized (1)' height=\"600\" width=\"1066\"  itemprop=\"thumbnailUrl\" srcset=\"https:\/\/radiorevelacionfm.cl\/wp-content\/uploads\/2025\/01\/1674145871603-1_optimized-1.jpg 1066w, https:\/\/radiorevelacionfm.cl\/wp-content\/uploads\/2025\/01\/1674145871603-1_optimized-1-300x169.jpg 300w, https:\/\/radiorevelacionfm.cl\/wp-content\/uploads\/2025\/01\/1674145871603-1_optimized-1-1030x580.jpg 1030w, https:\/\/radiorevelacionfm.cl\/wp-content\/uploads\/2025\/01\/1674145871603-1_optimized-1-768x432.jpg 768w, https:\/\/radiorevelacionfm.cl\/wp-content\/uploads\/2025\/01\/1674145871603-1_optimized-1-705x397.jpg 705w, https:\/\/radiorevelacionfm.cl\/wp-content\/uploads\/2025\/01\/1674145871603-1_optimized-1-450x253.jpg 450w, https:\/\/radiorevelacionfm.cl\/wp-content\/uploads\/2025\/01\/1674145871603-1_optimized-1-600x338.jpg 600w\" sizes=\"(max-width: 1066px) 100vw, 1066px\" \/><\/div><\/div><\/div><\/div><div class=\"flex_column av_one_full  flex_column_div av-zero-column-padding first  avia-builder-el-2  el_after_av_one_full  el_before_av_one_full  column-top-margin\" style='border-radius:0px; '><section class=\"av_textblock_section \"  itemscope=\"itemscope\" itemtype=\"https:\/\/schema.org\/BlogPosting\" itemprop=\"blogPost\" ><div class='avia_textblock  '   itemprop=\"text\" ><p style=\"text-align: center;\"><strong><span style=\"font-size: 18pt;\">Festival Chivero de R\u00edo Ib\u00e1\u00f1ez 2025 invita a disfrutar de tradiciones campesinas y gastronom\u00eda local en su tercera versi\u00f3n<\/span><\/strong><\/p>\n<div id=\"gtx-trans\" style=\"position: absolute; left: -50px; top: 4.31534px;\">\n<div class=\"gtx-trans-icon\"><\/div>\n<\/div>\n<\/div><\/section><\/div><div class=\"flex_column av_one_full  flex_column_div av-zero-column-padding first  avia-builder-el-4  el_after_av_one_full  el_before_av_hr  column-top-margin\" style='border-radius:0px; '><section class=\"av_textblock_section \"  itemscope=\"itemscope\" itemtype=\"https:\/\/schema.org\/BlogPosting\" itemprop=\"blogPost\" ><div class='avia_textblock  '   itemprop=\"text\" ><p style=\"text-align: justify;\">El Comit\u00e9 de Productores Caprinos de R\u00edo Ib\u00e1\u00f1ez, junto con los productores usuarios de INDAP del Ministerio de Agricultura, invitan a la comunidad a participar en la tercera versi\u00f3n del Festival Chivero de R\u00edo Ib\u00e1\u00f1ez, que se realizar\u00e1 el pr\u00f3ximo s\u00e1bado 4 de enero de 2025 en el Campo de Jineteadas de Puerto Ib\u00e1\u00f1ez. Este evento costumbrista promete una jornada inolvidable, llena de actividades tradicionales, m\u00fasica,\u00a0gastronom\u00eda y mucho m\u00e1s, en un entorno y paisaje que celebra las ra\u00edces campesinas de la regi\u00f3n.<\/p>\n<p style=\"text-align: justify;\">\u00abEl Festival Chivero es una muestra del esfuerzo y la pasi\u00f3n de nuestros productores caprinos, quienes mantienen vivas las tradiciones campesinas que dan identidad a nuestra regi\u00f3n. En INDAP nos enorgullece apoyar estas iniciativas, que fortalecen el tejido rural y visibilizan el trabajo de nuestras familias campesinas\u00bb, se\u00f1al\u00f3 Yessica Lagos C\u00e1rdenas, directora regional de INDAP.<\/p>\n<p style=\"text-align: justify;\">Desde la organizaci\u00f3n, Rodrigo Castillo, representante del Comit\u00e9 de Productores Caprinos, destac\u00f3: \u00abQueremos invitar a toda la comunidad a disfrutar de un d\u00eda \u00fanico, con actividades para toda la familia, asados de chivos, comida t\u00edpica, artesan\u00edas, m\u00fasica costumbrista y la tradicional fiesta bailable. Nuestro festival celebra la identidad aysenina, acercando a las personas que viven ac\u00e1 y que nos visitan a nuestro patrimonio cultural, y da \u00e9nfasis al rubro chivero como parte de nuestro sello gastron\u00f3mico y econ\u00f3mico aqu\u00ed en R\u00edo Ib\u00e1\u00f1ez.\u00bb<\/p>\n<p style=\"text-align: justify;\">El Festival Chivero de R\u00edo Ib\u00e1\u00f1ez en su versi\u00f3n 2025 contar\u00e1 con un nutrido programa que incluye el arreo de chivas, la tradicional jura caprina, concurso de orde\u00f1as de chivas, presentaciones de artistas locales, deliciosos asados de chivo al palo, demostraciones de trabajo con perros, jineteadas, concursos, premios, y una amplia variedad de gastronom\u00eda. Adem\u00e1s, la fiesta bailable junto al grupo musical \u00abLos Hermanos Vargas\u00bb ser\u00e1 el broche de oro para una jornada que promete diversi\u00f3n para todas las edades.<\/p>\n<p style=\"text-align: justify;\">Esta actividad, que desde la organizaci\u00f3n y con la colaboraci\u00f3n de INDAP busca resaltar la importancia de la producci\u00f3n caprina y su aporte al desarrollo rural, es una instancia para disfrutar, aprender y compartir en familia. R\u00edo Ib\u00e1\u00f1ez espera a toda nuestra comunidad aysenina el 4 de enero para vivir una experiencia \u00fanica que une tradiciones, sabor y cultura.<\/p>\n<\/div><\/section><\/div><div  style='height:50px' class='hr hr-invisible   avia-builder-el-6  el_after_av_one_full  el_before_av_social_share '><span class='hr-inner ' ><span class='hr-inner-style'><\/span><\/span><\/div><\/p>\n<div  class='av-social-sharing-box  avia-builder-el-7  el_after_av_hr  el_before_av_hr  '><div class='av-share-box'><h5 class='av-share-link-description av-no-toc '>Compartir esta noticia<\/h5><ul class='av-share-box-list noLightbox'><li class='av-share-link av-social-link-facebook' ><a target=\"_blank\" aria-label=\"Compartir en Facebook\" href='https:\/\/www.facebook.com\/sharer.php?u=https:\/\/radiorevelacionfm.cl\/?p=49318&#038;t=Festival%20Chivero%20de%20R%C3%ADo%20Ib%C3%A1%C3%B1ez%202025%20invita%20a%20disfrutar%20de%20tradiciones%20campesinas%20y%20gastronom%C3%ADa%20local%20en%20su%20tercera%20versi%C3%B3n' aria-hidden='false' data-av_icon='\ue8f3' data-av_iconfont='entypo-fontello' title='' data-avia-related-tooltip='Compartir en Facebook' rel=\"noopener\"><span class='avia_hidden_link_text'>Compartir en Facebook<\/span><\/a><\/li><li class='av-share-link av-social-link-twitter' ><a target=\"_blank\" aria-label=\"Compartir en Twitter\" href='https:\/\/twitter.com\/share?text=Festival%20Chivero%20de%20R%C3%ADo%20Ib%C3%A1%C3%B1ez%202025%20invita%20a%20disfrutar%20de%20tradiciones%20campesinas%20y%20gastronom%C3%ADa%20local%20en%20su%20tercera%20versi%C3%B3n&#038;url=https:\/\/radiorevelacionfm.cl\/?p=49318' aria-hidden='false' data-av_icon='\ue8f1' data-av_iconfont='entypo-fontello' title='' data-avia-related-tooltip='Compartir en Twitter' rel=\"noopener\"><span class='avia_hidden_link_text'>Compartir en Twitter<\/span><\/a><\/li><li class='av-share-link av-social-link-whatsapp' ><a target=\"_blank\" aria-label=\"Compartir en Whatsapp\" href='https:\/\/api.whatsapp.com\/send?text=https:\/\/radiorevelacionfm.cl\/?p=49318' aria-hidden='false' data-av_icon='\uf232' data-av_iconfont='entypo-fontello' title='' data-avia-related-tooltip='Compartir en Whatsapp' rel=\"noopener\"><span class='avia_hidden_link_text'>Compartir en Whatsapp<\/span><\/a><\/li><li class='av-share-link av-social-link-linkedin' ><a target=\"_blank\" aria-label=\"Compartir en LinkedIn\" href='https:\/\/linkedin.com\/shareArticle?mini=true&#038;title=Festival%20Chivero%20de%20R%C3%ADo%20Ib%C3%A1%C3%B1ez%202025%20invita%20a%20disfrutar%20de%20tradiciones%20campesinas%20y%20gastronom%C3%ADa%20local%20en%20su%20tercera%20versi%C3%B3n&#038;url=https:\/\/radiorevelacionfm.cl\/?p=49318' aria-hidden='false' data-av_icon='\ue8fc' data-av_iconfont='entypo-fontello' title='' data-avia-related-tooltip='Compartir en LinkedIn' rel=\"noopener\"><span class='avia_hidden_link_text'>Compartir en LinkedIn<\/span><\/a><\/li><li class='av-share-link av-social-link-mail' ><a  aria-label=\"Compartir por correo\" href='mailto:?subject=Festival%20Chivero%20de%20R%C3%ADo%20Ib%C3%A1%C3%B1ez%202025%20invita%20a%20disfrutar%20de%20tradiciones%20campesinas%20y%20gastronom%C3%ADa%20local%20en%20su%20tercera%20versi%C3%B3n&#038;body=https:\/\/radiorevelacionfm.cl\/?p=49318' aria-hidden='false' data-av_icon='\ue805' data-av_iconfont='entypo-fontello' title='' data-avia-related-tooltip='Compartir por correo'><span class='avia_hidden_link_text'>Compartir por correo<\/span><\/a><\/li><\/ul><\/div><\/div>\n<div  style='height:50px' class='hr hr-invisible   avia-builder-el-8  el_after_av_social_share  el_before_av_comments_list '><span class='hr-inner ' ><span class='hr-inner-style'><\/span><\/span><\/div>\n<div  class='av-buildercomment  av-blog-meta-html-info-disabled av-blog-meta-tag-disabled  '><\/div>\n","protected":false},"excerpt":{"rendered":"","protected":false},"author":1,"featured_media":49319,"comment_status":"open","ping_status":"open","sticky":false,"template":"","format":"standard","meta":{"footnotes":""},"categories":[38],"tags":[],"class_list":["post-49318","post","type-post","status-publish","format-standard","has-post-thumbnail","hentry","category-regional"],"jetpack_featured_media_url":"https:\/\/radiorevelacionfm.cl\/wp-content\/uploads\/2025\/01\/1674145871603-1_optimized-1.jpg","_links":{"self":[{"href":"https:\/\/radiorevelacionfm.cl\/index.php?rest_route=\/wp\/v2\/posts\/49318","targetHints":{"allow":["GET"]}}],"collection":[{"href":"https:\/\/radiorevelacionfm.cl\/index.php?rest_route=\/wp\/v2\/posts"}],"about":[{"href":"https:\/\/radiorevelacionfm.cl\/index.php?rest_route=\/wp\/v2\/types\/post"}],"author":[{"embeddable":true,"href":"https:\/\/radiorevelacionfm.cl\/index.php?rest_route=\/wp\/v2\/users\/1"}],"replies":[{"embeddable":true,"href":"https:\/\/radiorevelacionfm.cl\/index.php?rest_route=%2Fwp%2Fv2%2Fcomments&post=49318"}],"version-history":[{"count":1,"href":"https:\/\/radiorevelacionfm.cl\/index.php?rest_route=\/wp\/v2\/posts\/49318\/revisions"}],"predecessor-version":[{"id":49320,"href":"https:\/\/radiorevelacionfm.cl\/index.php?rest_route=\/wp\/v2\/posts\/49318\/revisions\/49320"}],"wp:featuredmedia":[{"embeddable":true,"href":"https:\/\/radiorevelacionfm.cl\/index.php?rest_route=\/wp\/v2\/media\/49319"}],"wp:attachment":[{"href":"https:\/\/radiorevelacionfm.cl\/index.php?rest_route=%2Fwp%2Fv2%2Fmedia&parent=49318"}],"wp:term":[{"taxonomy":"category","embeddable":true,"href":"https:\/\/radiorevelacionfm.cl\/index.php?rest_route=%2Fwp%2Fv2%2Fcategories&post=49318"},{"taxonomy":"post_tag","embeddable":true,"href":"https:\/\/radiorevelacionfm.cl\/index.php?rest_route=%2Fwp%2Fv2%2Ftags&post=49318"}],"curies":[{"name":"wp","href":"https:\/\/api.w.org\/{rel}","templated":true}]}}