{"id":49315,"date":"2025-01-03T09:58:33","date_gmt":"2025-01-03T12:58:33","guid":{"rendered":"https:\/\/radiorevelacionfm.cl\/?p=49315"},"modified":"2025-01-03T09:58:33","modified_gmt":"2025-01-03T12:58:33","slug":"museo-regional-de-aysen-cumple-7-anos-de-intenso-trabajo-patrimonial","status":"publish","type":"post","link":"https:\/\/radiorevelacionfm.cl\/?p=49315","title":{"rendered":"Museo Regional de Ays\u00e9n cumple 7 a\u00f1os de intenso trabajo patrimonial"},"content":{"rendered":"<div class=\"flex_column av_one_full  flex_column_div av-zero-column-padding first  avia-builder-el-0  el_before_av_one_full  avia-builder-el-first  \" style='border-radius:0px; '><div  class='avia-image-container  av-styling-    avia-builder-el-1  avia-builder-el-no-sibling  avia-align-center '  itemprop=\"image\" itemscope=\"itemscope\" itemtype=\"https:\/\/schema.org\/ImageObject\"  ><div class='avia-image-container-inner'><div class='avia-image-overlay-wrap'><img decoding=\"async\" class='wp-image-49316 avia-img-lazy-loading-not-49316 avia_image' src=\"https:\/\/radiorevelacionfm.cl\/wp-content\/uploads\/2025\/01\/MRA16-1-1-1.jpg\" alt='' title='MRA16 (1) (1) (1)' height=\"600\" width=\"899\"  itemprop=\"thumbnailUrl\" srcset=\"https:\/\/radiorevelacionfm.cl\/wp-content\/uploads\/2025\/01\/MRA16-1-1-1.jpg 899w, https:\/\/radiorevelacionfm.cl\/wp-content\/uploads\/2025\/01\/MRA16-1-1-1-300x200.jpg 300w, https:\/\/radiorevelacionfm.cl\/wp-content\/uploads\/2025\/01\/MRA16-1-1-1-768x513.jpg 768w, https:\/\/radiorevelacionfm.cl\/wp-content\/uploads\/2025\/01\/MRA16-1-1-1-705x471.jpg 705w, https:\/\/radiorevelacionfm.cl\/wp-content\/uploads\/2025\/01\/MRA16-1-1-1-450x300.jpg 450w, https:\/\/radiorevelacionfm.cl\/wp-content\/uploads\/2025\/01\/MRA16-1-1-1-600x400.jpg 600w\" sizes=\"(max-width: 899px) 100vw, 899px\" \/><\/div><\/div><\/div><\/div><div class=\"flex_column av_one_full  flex_column_div av-zero-column-padding first  avia-builder-el-2  el_after_av_one_full  el_before_av_one_full  column-top-margin\" style='border-radius:0px; '><section class=\"av_textblock_section \"  itemscope=\"itemscope\" itemtype=\"https:\/\/schema.org\/BlogPosting\" itemprop=\"blogPost\" ><div class='avia_textblock  '   itemprop=\"text\" ><p style=\"text-align: center;\"><span style=\"font-size: 18pt;\"><b>Museo Regional de Ays\u00e9n cumple 7 a\u00f1os de intenso trabajo patrimonial<\/b><\/span><\/p>\n<div id=\"gtx-trans\" style=\"position: absolute; left: -50px; top: 4.31534px;\">\n<div class=\"gtx-trans-icon\"><\/div>\n<\/div>\n<\/div><\/section><\/div><div class=\"flex_column av_one_full  flex_column_div av-zero-column-padding first  avia-builder-el-4  el_after_av_one_full  el_before_av_hr  column-top-margin\" style='border-radius:0px; '><section class=\"av_textblock_section \"  itemscope=\"itemscope\" itemtype=\"https:\/\/schema.org\/BlogPosting\" itemprop=\"blogPost\" ><div class='avia_textblock  '   itemprop=\"text\" ><p style=\"text-align: justify;\">El 3 de enero de 2018 se inauguraba el Museo Regional de Ays\u00e9n y 2 d\u00edas despu\u00e9s comenzaba a llenarse de visitantes \u00e1vidos por recorrer la Exposici\u00f3n Permanente en Pulper\u00eda y los restaurados edificios que hab\u00edan pertenecido a la Sociedad Industrial de Ays\u00e9n en la primera mitad del siglo XX.<\/p>\n<p style=\"text-align: justify;\">De este modo, las y los habitantes de la Regi\u00f3n de Ays\u00e9n cumpl\u00edan el anhelado sue\u00f1o de contar con una estructura moderna y funcional que resguarde y difunda el patrimonio y la historia de nuestra cultura e identidad.<\/p>\n<p style=\"text-align: justify;\">Ese 2018 avanz\u00f3 r\u00e1pido con la inauguraci\u00f3n de la exposici\u00f3n \u201cCet\u00e1ceos, de la tierra al mar\u201d del Museo Nacional de Historia Natural, muestra que por primera vez llegaba a Ays\u00e9n, entrando de esta forma al circuito de exposiciones temporales. En marzo de 2019 se abrieron la exposici\u00f3n permanente regional, el auditorio, el dep\u00f3sito de colecciones y las salas de trabajo, espacios que han permitido una labor continuada del equipo del museo, dirigido por Gustavo Saldivia.<\/p>\n<p style=\"text-align: justify;\">Para Gustavo, estos 7 a\u00f1os han significado, adem\u00e1s de un arduo trabajo de todo su equipo, un aprendizaje continuo sobre la enorme tarea de apreciar y dar a conocer el patrimonio de todas y todos los ayseninos: \u201cComo Museo Regional de Ays\u00e9n, estamos muy contentos celebrando nuestro s\u00e9ptimo a\u00f1o de vida y queremos invitarlos a que nos sigan acompa\u00f1ando a celebrar este viernes 3 de enero en el Museo Regional de Ays\u00e9n. Por supuesto que estar\u00e1 abierto a p\u00fablico desde las 10 de la ma\u00f1ana, pero a las cuatro de la tarde comenzaremos con actividades especiales, donde habr\u00e1 juegos para las familias. Tendremos un lindo regalo de nuestras amigas de Z\u00edngara y KoykeTribal con un n\u00famero de danza y cerraremos en el auditorio a las 7 de la tarde con un concierto de guitarra de nuestro laureado m\u00fasico regional Juan Mouras. Las invitamos, los invitamos, a que por favor no falten y nos acompa\u00f1en a que pasemos un lindo viernes en familia\u201d.<\/p>\n<p style=\"text-align: justify;\">El seremi de Cultura Ays\u00e9n, Felipe Quiroz, celebr\u00f3 el crecimiento sostenido del Museo Regional de Ays\u00e9n en estos 7 a\u00f1os: \u201cPara nuestro Gobierno, es un tremendo orgullo contar con un museo de calidad mundial en una regi\u00f3n con las dificultades territoriales que presenta Ays\u00e9n. Haber podido rescatar un lugar patrimonial e hist\u00f3rico y convertirlo en un punto neur\u00e1lgico cultural de la ciudad para disfrute de todas las familias ayseninas y los visitantes for\u00e1neos, ha sido una labor digna de felicitar y qu\u00e9 mejor que hacerlo en el propio museo regional este 2025 con la enorme cartelera que se nos viene\u201d.<\/p>\n<p style=\"text-align: justify;\">La directora regional del Servicio de Patrimonio Cultural Ays\u00e9n, Claudia Cantero, dijo que el museo \u201cha continuado con el Servicio Nacional del Patrimonio Cultural y con el Ministerio de las Culturas realizando actividades de investigaci\u00f3n, de difusi\u00f3n, de exhibici\u00f3n de nuestro patrimonio natural, cultural, inmaterial de Ays\u00e9n. Es importante que se conozca lo que realiza el museo. Para nosotros como servicio es un orgullo tener un museo de la calidad que tenemos ac\u00e1 en la regi\u00f3n y la invitaci\u00f3n, por supuesto, es a acompa\u00f1arnos ese d\u00eda a conocer lo que se realiza en nuestro museo\u201d.<\/p>\n<p style=\"text-align: justify;\">En 2022, el Museo Regional de Ays\u00e9n recibi\u00f3 el premio Mejor Museo Nuevo en Am\u00e9rica Latina, galard\u00f3n que entrega la organizaci\u00f3n internacional Leading Culture Destinations, LCD Awards, con sede en Berl\u00edn, Alemania. Este importante reconocimiento, conocido como el \u201cOscar de los museos\u201d, releva las ofertas m\u00e1s excepcionales de los destinos culturales l\u00edderes y emergentes del mundo.<\/p>\n<p style=\"text-align: justify;\">El a\u00f1o 2024 el Museo Regional de Ays\u00e9n cerr\u00f3 con m\u00e1s de 25 mil visitantes en 12 meses, lo que refleja un crecimiento permanente en el trabajo vinculado con organizaciones territoriales, artistas, las comunidades educativas, organismos no gubernamentales y entidades p\u00fablicas.<\/p>\n<p style=\"text-align: justify;\">Durante los meses de enero y febrero de 2025, el museo volver\u00e1 a abrir sus puertas los d\u00edas domingo desde las 3 a las 7 de la tarde.<\/p>\n<\/div><\/section><\/div><div  style='height:50px' class='hr hr-invisible   avia-builder-el-6  el_after_av_one_full  el_before_av_social_share '><span class='hr-inner ' ><span class='hr-inner-style'><\/span><\/span><\/div><\/p>\n<div  class='av-social-sharing-box  avia-builder-el-7  el_after_av_hr  el_before_av_hr  '><div class='av-share-box'><h5 class='av-share-link-description av-no-toc '>Compartir esta noticia<\/h5><ul class='av-share-box-list noLightbox'><li class='av-share-link av-social-link-facebook' ><a target=\"_blank\" aria-label=\"Compartir en Facebook\" href='https:\/\/www.facebook.com\/sharer.php?u=https:\/\/radiorevelacionfm.cl\/?p=49315&#038;t=Museo%20Regional%20de%20Ays%C3%A9n%20cumple%207%20a%C3%B1os%20de%20intenso%20trabajo%20patrimonial' aria-hidden='false' data-av_icon='\ue8f3' data-av_iconfont='entypo-fontello' title='' data-avia-related-tooltip='Compartir en Facebook' rel=\"noopener\"><span class='avia_hidden_link_text'>Compartir en Facebook<\/span><\/a><\/li><li class='av-share-link av-social-link-twitter' ><a target=\"_blank\" aria-label=\"Compartir en Twitter\" href='https:\/\/twitter.com\/share?text=Museo%20Regional%20de%20Ays%C3%A9n%20cumple%207%20a%C3%B1os%20de%20intenso%20trabajo%20patrimonial&#038;url=https:\/\/radiorevelacionfm.cl\/?p=49315' aria-hidden='false' data-av_icon='\ue8f1' data-av_iconfont='entypo-fontello' title='' data-avia-related-tooltip='Compartir en Twitter' rel=\"noopener\"><span class='avia_hidden_link_text'>Compartir en Twitter<\/span><\/a><\/li><li class='av-share-link av-social-link-whatsapp' ><a target=\"_blank\" aria-label=\"Compartir en Whatsapp\" href='https:\/\/api.whatsapp.com\/send?text=https:\/\/radiorevelacionfm.cl\/?p=49315' aria-hidden='false' data-av_icon='\uf232' data-av_iconfont='entypo-fontello' title='' data-avia-related-tooltip='Compartir en Whatsapp' rel=\"noopener\"><span class='avia_hidden_link_text'>Compartir en Whatsapp<\/span><\/a><\/li><li class='av-share-link av-social-link-linkedin' ><a target=\"_blank\" aria-label=\"Compartir en LinkedIn\" href='https:\/\/linkedin.com\/shareArticle?mini=true&#038;title=Museo%20Regional%20de%20Ays%C3%A9n%20cumple%207%20a%C3%B1os%20de%20intenso%20trabajo%20patrimonial&#038;url=https:\/\/radiorevelacionfm.cl\/?p=49315' aria-hidden='false' data-av_icon='\ue8fc' data-av_iconfont='entypo-fontello' title='' data-avia-related-tooltip='Compartir en LinkedIn' rel=\"noopener\"><span class='avia_hidden_link_text'>Compartir en LinkedIn<\/span><\/a><\/li><li class='av-share-link av-social-link-mail' ><a  aria-label=\"Compartir por correo\" href='mailto:?subject=Museo%20Regional%20de%20Ays%C3%A9n%20cumple%207%20a%C3%B1os%20de%20intenso%20trabajo%20patrimonial&#038;body=https:\/\/radiorevelacionfm.cl\/?p=49315' aria-hidden='false' data-av_icon='\ue805' data-av_iconfont='entypo-fontello' title='' data-avia-related-tooltip='Compartir por correo'><span class='avia_hidden_link_text'>Compartir por correo<\/span><\/a><\/li><\/ul><\/div><\/div>\n<div  style='height:50px' class='hr hr-invisible   avia-builder-el-8  el_after_av_social_share  el_before_av_comments_list '><span class='hr-inner ' ><span class='hr-inner-style'><\/span><\/span><\/div>\n<div  class='av-buildercomment  av-blog-meta-html-info-disabled av-blog-meta-tag-disabled  '><\/div>\n","protected":false},"excerpt":{"rendered":"","protected":false},"author":1,"featured_media":49316,"comment_status":"open","ping_status":"open","sticky":false,"template":"","format":"standard","meta":{"footnotes":""},"categories":[52],"tags":[],"class_list":["post-49315","post","type-post","status-publish","format-standard","has-post-thumbnail","hentry","category-cultura"],"jetpack_featured_media_url":"https:\/\/radiorevelacionfm.cl\/wp-content\/uploads\/2025\/01\/MRA16-1-1-1.jpg","_links":{"self":[{"href":"https:\/\/radiorevelacionfm.cl\/index.php?rest_route=\/wp\/v2\/posts\/49315","targetHints":{"allow":["GET"]}}],"collection":[{"href":"https:\/\/radiorevelacionfm.cl\/index.php?rest_route=\/wp\/v2\/posts"}],"about":[{"href":"https:\/\/radiorevelacionfm.cl\/index.php?rest_route=\/wp\/v2\/types\/post"}],"author":[{"embeddable":true,"href":"https:\/\/radiorevelacionfm.cl\/index.php?rest_route=\/wp\/v2\/users\/1"}],"replies":[{"embeddable":true,"href":"https:\/\/radiorevelacionfm.cl\/index.php?rest_route=%2Fwp%2Fv2%2Fcomments&post=49315"}],"version-history":[{"count":1,"href":"https:\/\/radiorevelacionfm.cl\/index.php?rest_route=\/wp\/v2\/posts\/49315\/revisions"}],"predecessor-version":[{"id":49317,"href":"https:\/\/radiorevelacionfm.cl\/index.php?rest_route=\/wp\/v2\/posts\/49315\/revisions\/49317"}],"wp:featuredmedia":[{"embeddable":true,"href":"https:\/\/radiorevelacionfm.cl\/index.php?rest_route=\/wp\/v2\/media\/49316"}],"wp:attachment":[{"href":"https:\/\/radiorevelacionfm.cl\/index.php?rest_route=%2Fwp%2Fv2%2Fmedia&parent=49315"}],"wp:term":[{"taxonomy":"category","embeddable":true,"href":"https:\/\/radiorevelacionfm.cl\/index.php?rest_route=%2Fwp%2Fv2%2Fcategories&post=49315"},{"taxonomy":"post_tag","embeddable":true,"href":"https:\/\/radiorevelacionfm.cl\/index.php?rest_route=%2Fwp%2Fv2%2Ftags&post=49315"}],"curies":[{"name":"wp","href":"https:\/\/api.w.org\/{rel}","templated":true}]}}