{"id":49312,"date":"2025-01-02T14:33:38","date_gmt":"2025-01-02T17:33:38","guid":{"rendered":"https:\/\/radiorevelacionfm.cl\/?p=49312"},"modified":"2025-01-02T14:33:38","modified_gmt":"2025-01-02T17:33:38","slug":"veinte-profesores-del-slep-aysen-se-capacitan-en-fortalezas-del-caracter","status":"publish","type":"post","link":"https:\/\/radiorevelacionfm.cl\/?p=49312","title":{"rendered":"Veinte profesores del SLEP Ays\u00e9n se capacitan en Fortalezas del Car\u00e1cter"},"content":{"rendered":"<div class=\"flex_column av_one_full  flex_column_div av-zero-column-padding first  avia-builder-el-0  el_before_av_one_full  avia-builder-el-first  \" style='border-radius:0px; '><div  class='avia-image-container  av-styling-    avia-builder-el-1  avia-builder-el-no-sibling  avia-align-center '  itemprop=\"image\" itemscope=\"itemscope\" itemtype=\"https:\/\/schema.org\/ImageObject\"  ><div class='avia-image-container-inner'><div class='avia-image-overlay-wrap'><img decoding=\"async\" class='wp-image-49313 avia-img-lazy-loading-not-49313 avia_image' src=\"https:\/\/radiorevelacionfm.cl\/wp-content\/uploads\/2025\/01\/img_6172-1_optimized-1.jpg\" alt='' title='img_6172-(1)_optimized (1)' height=\"600\" width=\"900\"  itemprop=\"thumbnailUrl\" srcset=\"https:\/\/radiorevelacionfm.cl\/wp-content\/uploads\/2025\/01\/img_6172-1_optimized-1.jpg 900w, https:\/\/radiorevelacionfm.cl\/wp-content\/uploads\/2025\/01\/img_6172-1_optimized-1-300x200.jpg 300w, https:\/\/radiorevelacionfm.cl\/wp-content\/uploads\/2025\/01\/img_6172-1_optimized-1-768x512.jpg 768w, https:\/\/radiorevelacionfm.cl\/wp-content\/uploads\/2025\/01\/img_6172-1_optimized-1-705x470.jpg 705w, https:\/\/radiorevelacionfm.cl\/wp-content\/uploads\/2025\/01\/img_6172-1_optimized-1-450x300.jpg 450w, https:\/\/radiorevelacionfm.cl\/wp-content\/uploads\/2025\/01\/img_6172-1_optimized-1-600x400.jpg 600w\" sizes=\"(max-width: 900px) 100vw, 900px\" \/><\/div><\/div><\/div><\/div><div class=\"flex_column av_one_full  flex_column_div av-zero-column-padding first  avia-builder-el-2  el_after_av_one_full  el_before_av_one_full  column-top-margin\" style='border-radius:0px; '><section class=\"av_textblock_section \"  itemscope=\"itemscope\" itemtype=\"https:\/\/schema.org\/BlogPosting\" itemprop=\"blogPost\" ><div class='avia_textblock  '   itemprop=\"text\" ><p style=\"text-align: center;\"><strong><span style=\"font-size: 18pt;\">Veinte profesores del SLEP Ays\u00e9n se capacitan en Fortalezas del Car\u00e1cter<\/span><\/strong><\/p>\n<div id=\"gtx-trans\" style=\"position: absolute; left: -50px; top: 4.31534px;\">\n<div class=\"gtx-trans-icon\"><\/div>\n<\/div>\n<\/div><\/section><\/div><div class=\"flex_column av_one_full  flex_column_div av-zero-column-padding first  avia-builder-el-4  el_after_av_one_full  el_before_av_hr  column-top-margin\" style='border-radius:0px; '><section class=\"av_textblock_section \"  itemscope=\"itemscope\" itemtype=\"https:\/\/schema.org\/BlogPosting\" itemprop=\"blogPost\" ><div class='avia_textblock  '   itemprop=\"text\" ><p style=\"text-align: justify;\">Profesionales de los equipos de 3 escuelas del SLEP de Ays\u00e9n, que son parte de Efecto Colectivo, se capacitaron en Fortalezas del Car\u00e1cter, dictado por la Fundaci\u00f3n Astoreca programa que comenzar\u00e1n a trabajar en sus escuelas a partir de marzo 2025, en colaboraci\u00f3n con Cuenca Viva y KommPakt Chile.<\/p>\n<p style=\"text-align: justify;\">En un ambiente de entusiasmo, compromiso y participaci\u00f3n activa, profesores, equipos directivos y asistentes de la educaci\u00f3n participaron de esta jornada, cuyo \u00e9nfasis estuvo en la importancia de sumar a toda la comunidad escolar en la implementaci\u00f3n del programa y as\u00ed impactar positivamente en los estudiantes..<\/p>\n<p style=\"text-align: justify;\">Para Mat\u00edas Moller, Jefe de Formaci\u00f3n de Fundaci\u00f3n Astoreca \u201cvenir a Ays\u00e9n es muy importante porque junto a nuestra experiencia con el Programa, y lo que hacen bien en la regi\u00f3n y en las escuelas, podemos ayudar a que los ni\u00f1os, ni\u00f1as y j\u00f3venes del territorio puedan\u00a0 potenciar enormemente sus fortalezas, haciendo que puedan desarrollar una vida buena consigo mismo, los dem\u00e1s y el mundo\u00bb.<\/p>\n<p style=\"text-align: justify;\">A partir del a\u00f1o escolar 2025 la Escuela Libertador Bernardo O&#8217;Higgins de Puerto Guadal, la Escuela Tulio Burgos Rivera de Mall\u00edn Grande y la Escuela G-45 de Puerto Bertrand comenzar\u00e1n a trabajar, a trav\u00e9s de la cultura escolar y la ense\u00f1anza expl\u00edcita, fortalezas del car\u00e1cter, tales como entusiasmo, prop\u00f3sito, respeto, af\u00e1n de superaci\u00f3n y hacer las cosas bien.<\/p>\n<p style=\"text-align: justify;\">Marisol Galilea, del SLEP de Ays\u00e9n, comenta que el cambio de cultura de una escuela no es de un d\u00eda para otro, nos tenemos que ir convenciendo d\u00eda a d\u00eda, porque lo que uno hace en lo cotidiano debe ser con intenci\u00f3n.<\/p>\n<p style=\"text-align: justify;\">Varios de los docentes participantes se ve\u00edan muy motivados con lo aprendido, sobre todo por la importancia del reforzamiento de la parte socio afectiva de los estudiantes, por el nivel de la capacitaci\u00f3n de tan buena calidad y tan atingente a la realidad que ellos enfrentan d\u00eda a d\u00eda en sus escuelas.<\/p>\n<p style=\"text-align: justify;\">Mencionaron adem\u00e1s, la importancia de adquirir esta herramienta para\u00a0 mejorar no solo el d\u00eda a d\u00eda, sino que tambi\u00e9n el futuro de sus estudiantes y as\u00ed construir una sociedad mejor, ya que este programa inculca y fortalece lo que requiere el ser humano para ser un aporte a nuestra sociedad.<\/p>\n<p style=\"text-align: justify;\">Fondo Efecto Colectivo es una iniciativa impulsada por Fundaci\u00f3n Reimagina con el apoyo de BHP Foundation, que tiene el patrocinio de Mineduc y Unesco, alianza que busca promover,\u00a0 impulsar y escalar innovaciones educativas probadas para generar un impacto significativo en la transformaci\u00f3n de la educaci\u00f3n p\u00fablica a nivel nacional.<\/p>\n<\/div><\/section><\/div><div  style='height:50px' class='hr hr-invisible   avia-builder-el-6  el_after_av_one_full  el_before_av_social_share '><span class='hr-inner ' ><span class='hr-inner-style'><\/span><\/span><\/div><\/p>\n<div  class='av-social-sharing-box  avia-builder-el-7  el_after_av_hr  el_before_av_hr  '><div class='av-share-box'><h5 class='av-share-link-description av-no-toc '>Compartir esta noticia<\/h5><ul class='av-share-box-list noLightbox'><li class='av-share-link av-social-link-facebook' ><a target=\"_blank\" aria-label=\"Compartir en Facebook\" href='https:\/\/www.facebook.com\/sharer.php?u=https:\/\/radiorevelacionfm.cl\/?p=49312&#038;t=Veinte%20profesores%20del%20SLEP%20Ays%C3%A9n%20se%20capacitan%20en%20Fortalezas%20del%20Car%C3%A1cter' aria-hidden='false' data-av_icon='\ue8f3' data-av_iconfont='entypo-fontello' title='' data-avia-related-tooltip='Compartir en Facebook' rel=\"noopener\"><span class='avia_hidden_link_text'>Compartir en Facebook<\/span><\/a><\/li><li class='av-share-link av-social-link-twitter' ><a target=\"_blank\" aria-label=\"Compartir en Twitter\" href='https:\/\/twitter.com\/share?text=Veinte%20profesores%20del%20SLEP%20Ays%C3%A9n%20se%20capacitan%20en%20Fortalezas%20del%20Car%C3%A1cter&#038;url=https:\/\/radiorevelacionfm.cl\/?p=49312' aria-hidden='false' data-av_icon='\ue8f1' data-av_iconfont='entypo-fontello' title='' data-avia-related-tooltip='Compartir en Twitter' rel=\"noopener\"><span class='avia_hidden_link_text'>Compartir en Twitter<\/span><\/a><\/li><li class='av-share-link av-social-link-whatsapp' ><a target=\"_blank\" aria-label=\"Compartir en Whatsapp\" href='https:\/\/api.whatsapp.com\/send?text=https:\/\/radiorevelacionfm.cl\/?p=49312' aria-hidden='false' data-av_icon='\uf232' data-av_iconfont='entypo-fontello' title='' data-avia-related-tooltip='Compartir en Whatsapp' rel=\"noopener\"><span class='avia_hidden_link_text'>Compartir en Whatsapp<\/span><\/a><\/li><li class='av-share-link av-social-link-linkedin' ><a target=\"_blank\" aria-label=\"Compartir en LinkedIn\" href='https:\/\/linkedin.com\/shareArticle?mini=true&#038;title=Veinte%20profesores%20del%20SLEP%20Ays%C3%A9n%20se%20capacitan%20en%20Fortalezas%20del%20Car%C3%A1cter&#038;url=https:\/\/radiorevelacionfm.cl\/?p=49312' aria-hidden='false' data-av_icon='\ue8fc' data-av_iconfont='entypo-fontello' title='' data-avia-related-tooltip='Compartir en LinkedIn' rel=\"noopener\"><span class='avia_hidden_link_text'>Compartir en LinkedIn<\/span><\/a><\/li><li class='av-share-link av-social-link-mail' ><a  aria-label=\"Compartir por correo\" href='mailto:?subject=Veinte%20profesores%20del%20SLEP%20Ays%C3%A9n%20se%20capacitan%20en%20Fortalezas%20del%20Car%C3%A1cter&#038;body=https:\/\/radiorevelacionfm.cl\/?p=49312' aria-hidden='false' data-av_icon='\ue805' data-av_iconfont='entypo-fontello' title='' data-avia-related-tooltip='Compartir por correo'><span class='avia_hidden_link_text'>Compartir por correo<\/span><\/a><\/li><\/ul><\/div><\/div>\n<div  style='height:50px' class='hr hr-invisible   avia-builder-el-8  el_after_av_social_share  el_before_av_comments_list '><span class='hr-inner ' ><span class='hr-inner-style'><\/span><\/span><\/div>\n<div  class='av-buildercomment  av-blog-meta-html-info-disabled av-blog-meta-tag-disabled  '><\/div>\n","protected":false},"excerpt":{"rendered":"","protected":false},"author":1,"featured_media":49313,"comment_status":"open","ping_status":"open","sticky":false,"template":"","format":"standard","meta":{"footnotes":""},"categories":[49],"tags":[],"class_list":["post-49312","post","type-post","status-publish","format-standard","has-post-thumbnail","hentry","category-educacion"],"jetpack_featured_media_url":"https:\/\/radiorevelacionfm.cl\/wp-content\/uploads\/2025\/01\/img_6172-1_optimized-1.jpg","_links":{"self":[{"href":"https:\/\/radiorevelacionfm.cl\/index.php?rest_route=\/wp\/v2\/posts\/49312","targetHints":{"allow":["GET"]}}],"collection":[{"href":"https:\/\/radiorevelacionfm.cl\/index.php?rest_route=\/wp\/v2\/posts"}],"about":[{"href":"https:\/\/radiorevelacionfm.cl\/index.php?rest_route=\/wp\/v2\/types\/post"}],"author":[{"embeddable":true,"href":"https:\/\/radiorevelacionfm.cl\/index.php?rest_route=\/wp\/v2\/users\/1"}],"replies":[{"embeddable":true,"href":"https:\/\/radiorevelacionfm.cl\/index.php?rest_route=%2Fwp%2Fv2%2Fcomments&post=49312"}],"version-history":[{"count":1,"href":"https:\/\/radiorevelacionfm.cl\/index.php?rest_route=\/wp\/v2\/posts\/49312\/revisions"}],"predecessor-version":[{"id":49314,"href":"https:\/\/radiorevelacionfm.cl\/index.php?rest_route=\/wp\/v2\/posts\/49312\/revisions\/49314"}],"wp:featuredmedia":[{"embeddable":true,"href":"https:\/\/radiorevelacionfm.cl\/index.php?rest_route=\/wp\/v2\/media\/49313"}],"wp:attachment":[{"href":"https:\/\/radiorevelacionfm.cl\/index.php?rest_route=%2Fwp%2Fv2%2Fmedia&parent=49312"}],"wp:term":[{"taxonomy":"category","embeddable":true,"href":"https:\/\/radiorevelacionfm.cl\/index.php?rest_route=%2Fwp%2Fv2%2Fcategories&post=49312"},{"taxonomy":"post_tag","embeddable":true,"href":"https:\/\/radiorevelacionfm.cl\/index.php?rest_route=%2Fwp%2Fv2%2Ftags&post=49312"}],"curies":[{"name":"wp","href":"https:\/\/api.w.org\/{rel}","templated":true}]}}