{"id":49309,"date":"2025-01-02T11:22:41","date_gmt":"2025-01-02T14:22:41","guid":{"rendered":"https:\/\/radiorevelacionfm.cl\/?p=49309"},"modified":"2025-01-02T11:22:41","modified_gmt":"2025-01-02T14:22:41","slug":"federacion-campesina-de-aysen-impulsa-innovacion-y-desarrollo-con-gira-tecnologica-nacional","status":"publish","type":"post","link":"https:\/\/radiorevelacionfm.cl\/?p=49309","title":{"rendered":"Federaci\u00f3n Campesina de Ays\u00e9n impulsa innovaci\u00f3n y desarrollo con gira tecnol\u00f3gica nacional"},"content":{"rendered":"<div class=\"flex_column av_one_full  flex_column_div av-zero-column-padding first  avia-builder-el-0  el_before_av_one_full  avia-builder-el-first  \" style='border-radius:0px; '><div  class='avia-image-container  av-styling-    avia-builder-el-1  avia-builder-el-no-sibling  avia-align-center '  itemprop=\"image\" itemscope=\"itemscope\" itemtype=\"https:\/\/schema.org\/ImageObject\"  ><div class='avia-image-container-inner'><div class='avia-image-overlay-wrap'><img decoding=\"async\" class='wp-image-49310 avia-img-lazy-loading-not-49310 avia_image' src=\"https:\/\/radiorevelacionfm.cl\/wp-content\/uploads\/2025\/01\/gira1-1_optimized-1.jpeg\" alt='' title='gira1-(1)_optimized (1)' height=\"600\" width=\"797\"  itemprop=\"thumbnailUrl\" srcset=\"https:\/\/radiorevelacionfm.cl\/wp-content\/uploads\/2025\/01\/gira1-1_optimized-1.jpeg 797w, https:\/\/radiorevelacionfm.cl\/wp-content\/uploads\/2025\/01\/gira1-1_optimized-1-300x226.jpeg 300w, https:\/\/radiorevelacionfm.cl\/wp-content\/uploads\/2025\/01\/gira1-1_optimized-1-768x578.jpeg 768w, https:\/\/radiorevelacionfm.cl\/wp-content\/uploads\/2025\/01\/gira1-1_optimized-1-705x531.jpeg 705w, https:\/\/radiorevelacionfm.cl\/wp-content\/uploads\/2025\/01\/gira1-1_optimized-1-450x339.jpeg 450w, https:\/\/radiorevelacionfm.cl\/wp-content\/uploads\/2025\/01\/gira1-1_optimized-1-600x452.jpeg 600w\" sizes=\"(max-width: 797px) 100vw, 797px\" \/><\/div><\/div><\/div><\/div><div class=\"flex_column av_one_full  flex_column_div av-zero-column-padding first  avia-builder-el-2  el_after_av_one_full  el_before_av_one_full  column-top-margin\" style='border-radius:0px; '><section class=\"av_textblock_section \"  itemscope=\"itemscope\" itemtype=\"https:\/\/schema.org\/BlogPosting\" itemprop=\"blogPost\" ><div class='avia_textblock  '   itemprop=\"text\" ><p style=\"text-align: center;\"><strong><span style=\"font-size: 18pt;\">Federaci\u00f3n Campesina de Ays\u00e9n impulsa innovaci\u00f3n y desarrollo con gira tecnol\u00f3gica nacional<\/span><\/strong><\/p>\n<div id=\"gtx-trans\" style=\"position: absolute; left: -50px; top: 4.31534px;\">\n<div class=\"gtx-trans-icon\"><\/div>\n<\/div>\n<\/div><\/section><\/div><div class=\"flex_column av_one_full  flex_column_div av-zero-column-padding first  avia-builder-el-4  el_after_av_one_full  el_before_av_hr  column-top-margin\" style='border-radius:0px; '><section class=\"av_textblock_section \"  itemscope=\"itemscope\" itemtype=\"https:\/\/schema.org\/BlogPosting\" itemprop=\"blogPost\" ><div class='avia_textblock  '   itemprop=\"text\" ><p style=\"text-align: justify;\">Gracias al financiamiento del FNDR 8% del Gobierno Regional de Ays\u00e9n, una delegaci\u00f3n de 12 representantes de la Federaci\u00f3n Campesina Agropecuaria y Forestal Ays\u00e9n Patagonia Verde, integrada por socios\/as, directivos\/as y representantes de organizaciones rurales, llev\u00f3 a cabo una gira tecnol\u00f3gica en cuatro regiones del pa\u00eds. Los participantes, provenientes de diversos sectores rurales como Palaviccini, Bah\u00eda Murta, R\u00edo Traihuanca, Puerto Tranquilo y Seis Lagunas, estuvieron acompa\u00f1ados por el ingeniero forestal Marcelo Sanhueza, acad\u00e9mico de la Universidad de Ays\u00e9n, quien aport\u00f3 su experiencia y conocimientos a las actividades realizadas.<\/p>\n<p style=\"text-align: justify;\">La gira inici\u00f3 con un taller organizado por el Grupo de Investigaciones Agrarias (GIA) en la Regi\u00f3n Metropolitana, asociado a la Universidad Academia de Humanismo Cristiano. Bajo el t\u00edtulo \u00abSituaci\u00f3n de las Organizaciones Rurales y Desaf\u00edos para su Incidencia en Pol\u00edticas P\u00fablicas\u00bb, el taller abord\u00f3 temas como la especificidad socioecon\u00f3mica de la peque\u00f1a producci\u00f3n campesina, la representaci\u00f3n organizacional y los desaf\u00edos para influir en pol\u00edticas p\u00fablicas. Este espacio cont\u00f3 con la relator\u00eda del ge\u00f3grafo Sergio R\u00edos Castillo, quien comparti\u00f3 su vasta experiencia de m\u00e1s de cuatro d\u00e9cadas, destacando la importancia de la participaci\u00f3n, la descentralizaci\u00f3n y la autogesti\u00f3n.<\/p>\n<p style=\"text-align: justify;\">Posteriormente, la delegaci\u00f3n se traslad\u00f3 a la Regi\u00f3n del Biob\u00edo para visitar la f\u00e1brica BioAislant en Los \u00c1ngeles, una innovadora empresa dedicada a la producci\u00f3n de aislantes naturales a partir de lana de oveja. Este producto, reconocido por su eficiencia t\u00e9rmica y sustentabilidad, representa una oportunidad para revitalizar la agricultura familiar campesina e ind\u00edgena, especialmente en Ays\u00e9n, donde la ganader\u00eda ovina alcanza las 178 mil cabezas. Durante la visita, la delegaci\u00f3n fue recibida por el gerente general de BioAislant, Francisco Arriagada, y su asistente comercial, Madelein G\u00f3mez, quienes mostraron cada etapa del proceso productivo, destacando la participaci\u00f3n femenina en la cadena de valor.<\/p>\n<p style=\"text-align: justify;\">La delegaci\u00f3n tambi\u00e9n visit\u00f3 el laboratorio IRRIFER Ltda en Chill\u00e1n, dirigido por el Dr. Iv\u00e1n Vidal, profesor titular de la Universidad de Concepci\u00f3n. Este centro, especializado en an\u00e1lisis de suelos, plantas y aguas, se presenta como una herramienta clave para mejorar la productividad agr\u00edcola y promover pr\u00e1cticas sostenibles en la regi\u00f3n. Durante la visita, se exploraron las posibilidades de replicar estas tecnolog\u00edas en Ays\u00e9n, beneficiando a peque\u00f1os agricultores y contribuyendo al avance del nuevo Sistema de Incentivos para la Gesti\u00f3n Sostenible de Suelos (SIGESS).<\/p>\n<p style=\"text-align: justify;\">En el Fundo El Alaz\u00e1n, la delegaci\u00f3n conoci\u00f3 la Estaci\u00f3n Experimental \u00abMarcelo Tima P\u00e9ndola\u00bb de la Universidad de Concepci\u00f3n, donde se presentaron modelos productivos basados en la crianza de ganado y la producci\u00f3n sostenible. Estas experiencias fueron enriquecedoras para los participantes, quienes valoraron los enfoques en bienestar animal, manejo sustentable y tecnolog\u00edas de producci\u00f3n.<\/p>\n<p style=\"text-align: justify;\">La Federaci\u00f3n Campesina Agropecuaria y Forestal Ays\u00e9n Patagonia Verde agradeci\u00f3 la oportunidad de participar en esta gira, destacando que no solo permiti\u00f3 adquirir conocimientos t\u00e9cnicos en agroindustria y sostenibilidad, sino que tambi\u00e9n reforz\u00f3 la articulaci\u00f3n y liderazgo de dirigentes campesinos en la regi\u00f3n. La colaboraci\u00f3n de la Universidad de Ays\u00e9n fue clave para el \u00e9xito de esta iniciativa, que subraya el compromiso con el desarrollo rural y la innovaci\u00f3n como ejes fundamentales para el progreso de Ays\u00e9n.<\/p>\n<p style=\"text-align: justify;\">Finalmente, la gira concluy\u00f3 con una visita a Comercial AgriAroma Ltda en Molina, Regi\u00f3n del Maule. Esta empresa, liderada por Guillermo Fuentes Espinoza, destaca por su capacidad de dise\u00f1ar y fabricar equipos para la producci\u00f3n de aceites esenciales, alcoholes y otros productos derivados de bot\u00e1nicos y frutales. Durante la visita, se exploraron oportunidades para diversificar la producci\u00f3n en Ays\u00e9n, utilizando recursos como maqui, calafate y rosa mosqueta, adem\u00e1s de cultivos innovadores como lavanda y or\u00e9gano.<\/p>\n<p style=\"text-align: justify;\">Con esta experiencia, la Federaci\u00f3n reafirma su compromiso de fortalecer las capacidades de las comunidades rurales y avanzar hacia un modelo de desarrollo m\u00e1s sostenible, inclusivo y articulado con las pol\u00edticas p\u00fablicas.<\/p>\n<\/div><\/section><\/div><div  style='height:50px' class='hr hr-invisible   avia-builder-el-6  el_after_av_one_full  el_before_av_social_share '><span class='hr-inner ' ><span class='hr-inner-style'><\/span><\/span><\/div><\/p>\n<div  class='av-social-sharing-box  avia-builder-el-7  el_after_av_hr  el_before_av_hr  '><div class='av-share-box'><h5 class='av-share-link-description av-no-toc '>Compartir esta noticia<\/h5><ul class='av-share-box-list noLightbox'><li class='av-share-link av-social-link-facebook' ><a target=\"_blank\" aria-label=\"Compartir en Facebook\" href='https:\/\/www.facebook.com\/sharer.php?u=https:\/\/radiorevelacionfm.cl\/?p=49309&#038;t=Federaci%C3%B3n%20Campesina%20de%20Ays%C3%A9n%20impulsa%20innovaci%C3%B3n%20y%20desarrollo%20con%20gira%20tecnol%C3%B3gica%20nacional' aria-hidden='false' data-av_icon='\ue8f3' data-av_iconfont='entypo-fontello' title='' data-avia-related-tooltip='Compartir en Facebook' rel=\"noopener\"><span class='avia_hidden_link_text'>Compartir en Facebook<\/span><\/a><\/li><li class='av-share-link av-social-link-twitter' ><a target=\"_blank\" aria-label=\"Compartir en Twitter\" href='https:\/\/twitter.com\/share?text=Federaci%C3%B3n%20Campesina%20de%20Ays%C3%A9n%20impulsa%20innovaci%C3%B3n%20y%20desarrollo%20con%20gira%20tecnol%C3%B3gica%20nacional&#038;url=https:\/\/radiorevelacionfm.cl\/?p=49309' aria-hidden='false' data-av_icon='\ue8f1' data-av_iconfont='entypo-fontello' title='' data-avia-related-tooltip='Compartir en Twitter' rel=\"noopener\"><span class='avia_hidden_link_text'>Compartir en Twitter<\/span><\/a><\/li><li class='av-share-link av-social-link-whatsapp' ><a target=\"_blank\" aria-label=\"Compartir en Whatsapp\" href='https:\/\/api.whatsapp.com\/send?text=https:\/\/radiorevelacionfm.cl\/?p=49309' aria-hidden='false' data-av_icon='\uf232' data-av_iconfont='entypo-fontello' title='' data-avia-related-tooltip='Compartir en Whatsapp' rel=\"noopener\"><span class='avia_hidden_link_text'>Compartir en Whatsapp<\/span><\/a><\/li><li class='av-share-link av-social-link-linkedin' ><a target=\"_blank\" aria-label=\"Compartir en LinkedIn\" href='https:\/\/linkedin.com\/shareArticle?mini=true&#038;title=Federaci%C3%B3n%20Campesina%20de%20Ays%C3%A9n%20impulsa%20innovaci%C3%B3n%20y%20desarrollo%20con%20gira%20tecnol%C3%B3gica%20nacional&#038;url=https:\/\/radiorevelacionfm.cl\/?p=49309' aria-hidden='false' data-av_icon='\ue8fc' data-av_iconfont='entypo-fontello' title='' data-avia-related-tooltip='Compartir en LinkedIn' rel=\"noopener\"><span class='avia_hidden_link_text'>Compartir en LinkedIn<\/span><\/a><\/li><li class='av-share-link av-social-link-mail' ><a  aria-label=\"Compartir por correo\" href='mailto:?subject=Federaci%C3%B3n%20Campesina%20de%20Ays%C3%A9n%20impulsa%20innovaci%C3%B3n%20y%20desarrollo%20con%20gira%20tecnol%C3%B3gica%20nacional&#038;body=https:\/\/radiorevelacionfm.cl\/?p=49309' aria-hidden='false' data-av_icon='\ue805' data-av_iconfont='entypo-fontello' title='' data-avia-related-tooltip='Compartir por correo'><span class='avia_hidden_link_text'>Compartir por correo<\/span><\/a><\/li><\/ul><\/div><\/div>\n<div  style='height:50px' class='hr hr-invisible   avia-builder-el-8  el_after_av_social_share  el_before_av_comments_list '><span class='hr-inner ' ><span class='hr-inner-style'><\/span><\/span><\/div>\n<div  class='av-buildercomment  av-blog-meta-html-info-disabled av-blog-meta-tag-disabled  '><\/div>\n","protected":false},"excerpt":{"rendered":"","protected":false},"author":1,"featured_media":49310,"comment_status":"open","ping_status":"open","sticky":false,"template":"","format":"standard","meta":{"footnotes":""},"categories":[38],"tags":[],"class_list":["post-49309","post","type-post","status-publish","format-standard","has-post-thumbnail","hentry","category-regional"],"jetpack_featured_media_url":"https:\/\/radiorevelacionfm.cl\/wp-content\/uploads\/2025\/01\/gira1-1_optimized-1.jpeg","_links":{"self":[{"href":"https:\/\/radiorevelacionfm.cl\/index.php?rest_route=\/wp\/v2\/posts\/49309","targetHints":{"allow":["GET"]}}],"collection":[{"href":"https:\/\/radiorevelacionfm.cl\/index.php?rest_route=\/wp\/v2\/posts"}],"about":[{"href":"https:\/\/radiorevelacionfm.cl\/index.php?rest_route=\/wp\/v2\/types\/post"}],"author":[{"embeddable":true,"href":"https:\/\/radiorevelacionfm.cl\/index.php?rest_route=\/wp\/v2\/users\/1"}],"replies":[{"embeddable":true,"href":"https:\/\/radiorevelacionfm.cl\/index.php?rest_route=%2Fwp%2Fv2%2Fcomments&post=49309"}],"version-history":[{"count":1,"href":"https:\/\/radiorevelacionfm.cl\/index.php?rest_route=\/wp\/v2\/posts\/49309\/revisions"}],"predecessor-version":[{"id":49311,"href":"https:\/\/radiorevelacionfm.cl\/index.php?rest_route=\/wp\/v2\/posts\/49309\/revisions\/49311"}],"wp:featuredmedia":[{"embeddable":true,"href":"https:\/\/radiorevelacionfm.cl\/index.php?rest_route=\/wp\/v2\/media\/49310"}],"wp:attachment":[{"href":"https:\/\/radiorevelacionfm.cl\/index.php?rest_route=%2Fwp%2Fv2%2Fmedia&parent=49309"}],"wp:term":[{"taxonomy":"category","embeddable":true,"href":"https:\/\/radiorevelacionfm.cl\/index.php?rest_route=%2Fwp%2Fv2%2Fcategories&post=49309"},{"taxonomy":"post_tag","embeddable":true,"href":"https:\/\/radiorevelacionfm.cl\/index.php?rest_route=%2Fwp%2Fv2%2Ftags&post=49309"}],"curies":[{"name":"wp","href":"https:\/\/api.w.org\/{rel}","templated":true}]}}