{"id":49304,"date":"2025-01-02T15:13:35","date_gmt":"2025-01-02T18:13:35","guid":{"rendered":"https:\/\/radiorevelacionfm.cl\/?p=49304"},"modified":"2025-01-02T15:13:35","modified_gmt":"2025-01-02T18:13:35","slug":"sandoval-y-debate-por-reforma-de-pensiones-aqui-todo-el-mundo-tiene-que-ceder-para-llegar-a-un-acuerdo","status":"publish","type":"post","link":"https:\/\/radiorevelacionfm.cl\/?p=49304","title":{"rendered":"Sandoval y debate por reforma de pensiones: \u201cAqu\u00ed todo el mundo tiene que ceder para llegar a un acuerdo\u201d"},"content":{"rendered":"<div class=\"flex_column av_one_full  flex_column_div av-zero-column-padding first  avia-builder-el-0  el_before_av_one_full  avia-builder-el-first  \" style='border-radius:0px; '><div  class='avia-image-container  av-styling-    avia-builder-el-1  avia-builder-el-no-sibling  avia-align-center '  itemprop=\"image\" itemscope=\"itemscope\" itemtype=\"https:\/\/schema.org\/ImageObject\"  ><div class='avia-image-container-inner'><div class='avia-image-overlay-wrap'><img decoding=\"async\" class='wp-image-49305 avia-img-lazy-loading-not-49305 avia_image' src=\"https:\/\/radiorevelacionfm.cl\/wp-content\/uploads\/2025\/01\/FOTO-16-1-1.jpg\" alt='' title='FOTO (16) (1) (1)' height=\"600\" width=\"900\"  itemprop=\"thumbnailUrl\" srcset=\"https:\/\/radiorevelacionfm.cl\/wp-content\/uploads\/2025\/01\/FOTO-16-1-1.jpg 900w, https:\/\/radiorevelacionfm.cl\/wp-content\/uploads\/2025\/01\/FOTO-16-1-1-300x200.jpg 300w, https:\/\/radiorevelacionfm.cl\/wp-content\/uploads\/2025\/01\/FOTO-16-1-1-768x512.jpg 768w, https:\/\/radiorevelacionfm.cl\/wp-content\/uploads\/2025\/01\/FOTO-16-1-1-705x470.jpg 705w, https:\/\/radiorevelacionfm.cl\/wp-content\/uploads\/2025\/01\/FOTO-16-1-1-450x300.jpg 450w, https:\/\/radiorevelacionfm.cl\/wp-content\/uploads\/2025\/01\/FOTO-16-1-1-600x400.jpg 600w\" sizes=\"(max-width: 900px) 100vw, 900px\" \/><\/div><\/div><\/div><\/div><div class=\"flex_column av_one_full  flex_column_div av-zero-column-padding first  avia-builder-el-2  el_after_av_one_full  el_before_av_one_full  column-top-margin\" style='border-radius:0px; '><section class=\"av_textblock_section \"  itemscope=\"itemscope\" itemtype=\"https:\/\/schema.org\/BlogPosting\" itemprop=\"blogPost\" ><div class='avia_textblock  '   itemprop=\"text\" ><p style=\"text-align: center;\"><span style=\"font-size: 18pt;\"><strong>Sandoval y debate por reforma de pensiones: <\/strong><strong>\u201cAqu\u00ed todo el mundo tiene que ceder para llegar a un acuerdo\u201d<\/strong><\/span><\/p>\n<div id=\"gtx-trans\" style=\"position: absolute; left: -50px; top: 4.31534px;\">\n<div class=\"gtx-trans-icon\"><\/div>\n<\/div>\n<\/div><\/section><\/div><div class=\"flex_column av_one_full  flex_column_div av-zero-column-padding first  avia-builder-el-4  el_after_av_one_full  el_before_av_hr  column-top-margin\" style='border-radius:0px; '><section class=\"av_textblock_section \"  itemscope=\"itemscope\" itemtype=\"https:\/\/schema.org\/BlogPosting\" itemprop=\"blogPost\" ><div class='avia_textblock  '   itemprop=\"text\" ><p style=\"text-align: justify;\">Enero es un mes clave en el debate por la reforma al sistema de pensiones. En ese contexto es que el senador David Sandoval se\u00f1al\u00f3, en los \u00faltimos d\u00edas, en el programa Al Pan Pan de diario El Mostrador que \u201caqu\u00ed todo el mundo tiene que ceder para llegar a un acuerdo\u201d.<\/p>\n<p style=\"text-align: justify;\">Para Sandoval \u201cno ha sido f\u00e1cil el trabajo\u201d, pero por lo mismo recalc\u00f3 que lo importante es poner sobre la mesa el inter\u00e9s de todas las personas que ven en esta iniciativa una soluci\u00f3n al problema de las pensiones en Chile. \u201cM\u00e1s all\u00e1 de quien firme la reforma, aqu\u00ed lo m\u00e1s importante es resolver el problema de fondo, y el problema de fondo es que los chilenos y chilenas necesitan un sistema previsional que se haga cargo estructuralmente del tema\u201d, enfatiz\u00f3.<\/p>\n<p style=\"text-align: justify;\">Por lo mismo, el parlamentario insisti\u00f3 en que es clave concretar los cambios que se necesitan y que, a su juicio, no se pueden dilatar m\u00e1s, si bien al mismo tiempo cree que \u00e9sta no es la soluci\u00f3n global al tema. \u201cEs un avance, es un paso importante, como fue la reforma previsional que impuls\u00f3 la presidenta Bachelet en su minuto, como fue la segunda reforma importante, (con) la PGU que impuls\u00f3 el presidente Pi\u00f1era, ahora, bueno, (este) es un tercer paso, pero tampoco es la soluci\u00f3n global del problema\u201d, puntualiz\u00f3.<\/p>\n<p style=\"text-align: justify;\">Respecto a las palabras en los \u00faltimos d\u00edas del presidente Gabriel Boric, cuestionando a las AFP, Sandoval considera que no son determinantes considerando la importancia que tiene el tema. \u201cPas\u00f3 lo mismo respecto a la filtraci\u00f3n del segundo informe de la Comisi\u00f3n T\u00e9cnica, que gener\u00f3 toda una discusi\u00f3n p\u00fablica. Ni la filtraci\u00f3n fue relevante para la tramitaci\u00f3n de la reforma, ni las expresiones del presidente son determinantes para afectar un tema tan natural\u201d, indic\u00f3.<\/p>\n<p style=\"text-align: justify;\">Con todo, indic\u00f3 que aqu\u00ed lo fundamental es hacerse cargo del problema. \u201cM\u00e1s que las posiciones coyunturales es b\u00e1sica y esencialmente la urgencia que tenemos en Chile de tener una reforma y un sistema que realmente se haga cargo de las dificultades y de los problemas que tenemos. No es una soluci\u00f3n integral, pero es una base en la que el pa\u00eds tiene que transitar\u201d, subray\u00f3.<\/p>\n<p style=\"text-align: justify;\">El legislador est\u00e1 optimista en que se pueda avanzar en el proyecto, enfatizando que \u201cestamos haciendo todos los esfuerzos para colaborar en esa direcci\u00f3n, porque creo que hay que resolverlo de una vez por todas\u201d.<\/p>\n<p style=\"text-align: justify;\">Cabe se\u00f1alar que, durante la pr\u00f3xima semana, la comisi\u00f3n de Trabajo de la C\u00e1mara Alta retomar\u00e1 el debate para avanzar en esta iniciativa, discusi\u00f3n que luego debe pasar a la sala del Senado para someter a votaci\u00f3n de los legisladores el proyecto.<\/p>\n<\/div><\/section><\/div><div  style='height:50px' class='hr hr-invisible   avia-builder-el-6  el_after_av_one_full  el_before_av_social_share '><span class='hr-inner ' ><span class='hr-inner-style'><\/span><\/span><\/div><\/p>\n<div  class='av-social-sharing-box  avia-builder-el-7  el_after_av_hr  el_before_av_hr  '><div class='av-share-box'><h5 class='av-share-link-description av-no-toc '>Compartir esta noticia<\/h5><ul class='av-share-box-list noLightbox'><li class='av-share-link av-social-link-facebook' ><a target=\"_blank\" aria-label=\"Compartir en Facebook\" href='https:\/\/www.facebook.com\/sharer.php?u=https:\/\/radiorevelacionfm.cl\/?p=49304&#038;t=Sandoval%20y%20debate%20por%20reforma%20de%20pensiones%3A%20%E2%80%9CAqu%C3%AD%20todo%20el%20mundo%20tiene%20que%20ceder%20para%20llegar%20a%20un%20acuerdo%E2%80%9D' aria-hidden='false' data-av_icon='\ue8f3' data-av_iconfont='entypo-fontello' title='' data-avia-related-tooltip='Compartir en Facebook' rel=\"noopener\"><span class='avia_hidden_link_text'>Compartir en Facebook<\/span><\/a><\/li><li class='av-share-link av-social-link-twitter' ><a target=\"_blank\" aria-label=\"Compartir en Twitter\" href='https:\/\/twitter.com\/share?text=Sandoval%20y%20debate%20por%20reforma%20de%20pensiones%3A%20%E2%80%9CAqu%C3%AD%20todo%20el%20mundo%20tiene%20que%20ceder%20para%20llegar%20a%20un%20acuerdo%E2%80%9D&#038;url=https:\/\/radiorevelacionfm.cl\/?p=49304' aria-hidden='false' data-av_icon='\ue8f1' data-av_iconfont='entypo-fontello' title='' data-avia-related-tooltip='Compartir en Twitter' rel=\"noopener\"><span class='avia_hidden_link_text'>Compartir en Twitter<\/span><\/a><\/li><li class='av-share-link av-social-link-whatsapp' ><a target=\"_blank\" aria-label=\"Compartir en Whatsapp\" href='https:\/\/api.whatsapp.com\/send?text=https:\/\/radiorevelacionfm.cl\/?p=49304' aria-hidden='false' data-av_icon='\uf232' data-av_iconfont='entypo-fontello' title='' data-avia-related-tooltip='Compartir en Whatsapp' rel=\"noopener\"><span class='avia_hidden_link_text'>Compartir en Whatsapp<\/span><\/a><\/li><li class='av-share-link av-social-link-linkedin' ><a target=\"_blank\" aria-label=\"Compartir en LinkedIn\" href='https:\/\/linkedin.com\/shareArticle?mini=true&#038;title=Sandoval%20y%20debate%20por%20reforma%20de%20pensiones%3A%20%E2%80%9CAqu%C3%AD%20todo%20el%20mundo%20tiene%20que%20ceder%20para%20llegar%20a%20un%20acuerdo%E2%80%9D&#038;url=https:\/\/radiorevelacionfm.cl\/?p=49304' aria-hidden='false' data-av_icon='\ue8fc' data-av_iconfont='entypo-fontello' title='' data-avia-related-tooltip='Compartir en LinkedIn' rel=\"noopener\"><span class='avia_hidden_link_text'>Compartir en LinkedIn<\/span><\/a><\/li><li class='av-share-link av-social-link-mail' ><a  aria-label=\"Compartir por correo\" href='mailto:?subject=Sandoval%20y%20debate%20por%20reforma%20de%20pensiones%3A%20%E2%80%9CAqu%C3%AD%20todo%20el%20mundo%20tiene%20que%20ceder%20para%20llegar%20a%20un%20acuerdo%E2%80%9D&#038;body=https:\/\/radiorevelacionfm.cl\/?p=49304' aria-hidden='false' data-av_icon='\ue805' data-av_iconfont='entypo-fontello' title='' data-avia-related-tooltip='Compartir por correo'><span class='avia_hidden_link_text'>Compartir por correo<\/span><\/a><\/li><\/ul><\/div><\/div>\n<div  style='height:50px' class='hr hr-invisible   avia-builder-el-8  el_after_av_social_share  el_before_av_comments_list '><span class='hr-inner ' ><span class='hr-inner-style'><\/span><\/span><\/div>\n<div  class='av-buildercomment  av-blog-meta-html-info-disabled av-blog-meta-tag-disabled  '><\/div>\n","protected":false},"excerpt":{"rendered":"","protected":false},"author":1,"featured_media":49305,"comment_status":"open","ping_status":"open","sticky":false,"template":"","format":"standard","meta":{"footnotes":""},"categories":[35],"tags":[],"class_list":["post-49304","post","type-post","status-publish","format-standard","has-post-thumbnail","hentry","category-politica"],"jetpack_featured_media_url":"https:\/\/radiorevelacionfm.cl\/wp-content\/uploads\/2025\/01\/FOTO-16-1-1.jpg","_links":{"self":[{"href":"https:\/\/radiorevelacionfm.cl\/index.php?rest_route=\/wp\/v2\/posts\/49304","targetHints":{"allow":["GET"]}}],"collection":[{"href":"https:\/\/radiorevelacionfm.cl\/index.php?rest_route=\/wp\/v2\/posts"}],"about":[{"href":"https:\/\/radiorevelacionfm.cl\/index.php?rest_route=\/wp\/v2\/types\/post"}],"author":[{"embeddable":true,"href":"https:\/\/radiorevelacionfm.cl\/index.php?rest_route=\/wp\/v2\/users\/1"}],"replies":[{"embeddable":true,"href":"https:\/\/radiorevelacionfm.cl\/index.php?rest_route=%2Fwp%2Fv2%2Fcomments&post=49304"}],"version-history":[{"count":1,"href":"https:\/\/radiorevelacionfm.cl\/index.php?rest_route=\/wp\/v2\/posts\/49304\/revisions"}],"predecessor-version":[{"id":49306,"href":"https:\/\/radiorevelacionfm.cl\/index.php?rest_route=\/wp\/v2\/posts\/49304\/revisions\/49306"}],"wp:featuredmedia":[{"embeddable":true,"href":"https:\/\/radiorevelacionfm.cl\/index.php?rest_route=\/wp\/v2\/media\/49305"}],"wp:attachment":[{"href":"https:\/\/radiorevelacionfm.cl\/index.php?rest_route=%2Fwp%2Fv2%2Fmedia&parent=49304"}],"wp:term":[{"taxonomy":"category","embeddable":true,"href":"https:\/\/radiorevelacionfm.cl\/index.php?rest_route=%2Fwp%2Fv2%2Fcategories&post=49304"},{"taxonomy":"post_tag","embeddable":true,"href":"https:\/\/radiorevelacionfm.cl\/index.php?rest_route=%2Fwp%2Fv2%2Ftags&post=49304"}],"curies":[{"name":"wp","href":"https:\/\/api.w.org\/{rel}","templated":true}]}}