{"id":49300,"date":"2025-01-02T10:47:52","date_gmt":"2025-01-02T13:47:52","guid":{"rendered":"https:\/\/radiorevelacionfm.cl\/?p=49300"},"modified":"2025-01-02T10:47:52","modified_gmt":"2025-01-02T13:47:52","slug":"balance-de-educacion-en-2024-destacan-instalacion-de-la-nueva-educacion-publica-infraestructura-y-fortalecimiento-de-la-educacion-superior-regional","status":"publish","type":"post","link":"https:\/\/radiorevelacionfm.cl\/?p=49300","title":{"rendered":"Balance de Educaci\u00f3n en 2024: destacan instalaci\u00f3n de la Nueva Educaci\u00f3n P\u00fablica, infraestructura, y fortalecimiento de la Educaci\u00f3n Superior regional"},"content":{"rendered":"<div class=\"flex_column av_one_full  flex_column_div av-zero-column-padding first  avia-builder-el-0  el_before_av_one_full  avia-builder-el-first  \" style='border-radius:0px; '><div  class='avia-image-container  av-styling-    avia-builder-el-1  avia-builder-el-no-sibling  avia-align-center '  itemprop=\"image\" itemscope=\"itemscope\" itemtype=\"https:\/\/schema.org\/ImageObject\"  ><div class='avia-image-container-inner'><div class='avia-image-overlay-wrap'><img decoding=\"async\" class='wp-image-49302 avia-img-lazy-loading-not-49302 avia_image' src=\"https:\/\/radiorevelacionfm.cl\/wp-content\/uploads\/2025\/01\/rs-escuela-espana-1_optimized-1_optimized-1.jpg\" alt='' title='rs-escuela-espa\u00f1a-(1)_optimized-(1)_optimized (1)' height=\"600\" width=\"901\"  itemprop=\"thumbnailUrl\" srcset=\"https:\/\/radiorevelacionfm.cl\/wp-content\/uploads\/2025\/01\/rs-escuela-espana-1_optimized-1_optimized-1.jpg 901w, https:\/\/radiorevelacionfm.cl\/wp-content\/uploads\/2025\/01\/rs-escuela-espana-1_optimized-1_optimized-1-300x200.jpg 300w, https:\/\/radiorevelacionfm.cl\/wp-content\/uploads\/2025\/01\/rs-escuela-espana-1_optimized-1_optimized-1-768x511.jpg 768w, https:\/\/radiorevelacionfm.cl\/wp-content\/uploads\/2025\/01\/rs-escuela-espana-1_optimized-1_optimized-1-705x469.jpg 705w, https:\/\/radiorevelacionfm.cl\/wp-content\/uploads\/2025\/01\/rs-escuela-espana-1_optimized-1_optimized-1-450x300.jpg 450w, https:\/\/radiorevelacionfm.cl\/wp-content\/uploads\/2025\/01\/rs-escuela-espana-1_optimized-1_optimized-1-600x400.jpg 600w\" sizes=\"(max-width: 901px) 100vw, 901px\" \/><\/div><\/div><\/div><\/div><div class=\"flex_column av_one_full  flex_column_div av-zero-column-padding first  avia-builder-el-2  el_after_av_one_full  el_before_av_one_full  column-top-margin\" style='border-radius:0px; '><section class=\"av_textblock_section \"  itemscope=\"itemscope\" itemtype=\"https:\/\/schema.org\/BlogPosting\" itemprop=\"blogPost\" ><div class='avia_textblock  '   itemprop=\"text\" ><p style=\"text-align: center;\"><span style=\"font-size: 18pt;\"><b>Balance de Educaci\u00f3n en 2024: destacan instalaci\u00f3n de la Nueva Educaci\u00f3n P\u00fablica, infraestructura, y fortalecimiento de la Educaci\u00f3n Superior regional<\/b><\/span><\/p>\n<div id=\"gtx-trans\" style=\"position: absolute; left: -50px; top: 4.31534px;\">\n<div class=\"gtx-trans-icon\"><\/div>\n<\/div>\n<\/div><\/section><\/div><div class=\"flex_column av_one_full  flex_column_div av-zero-column-padding first  avia-builder-el-4  el_after_av_one_full  el_before_av_hr  column-top-margin\" style='border-radius:0px; '><section class=\"av_textblock_section \"  itemscope=\"itemscope\" itemtype=\"https:\/\/schema.org\/BlogPosting\" itemprop=\"blogPost\" ><div class='avia_textblock  '   itemprop=\"text\" ><p class=\"v1MsoNormal\" style=\"text-align: justify;\">La SEREMI de Educaci\u00f3n, Isabel Garrido, realiz\u00f3 un positivo balance regional del a\u00f1o 2024 en el sector Educaci\u00f3n, destacando la instalaci\u00f3n del Servicio Local de Educaci\u00f3n P\u00fablica Ays\u00e9n, el mejoramiento de la infraestructura escolar, y la estabilizaci\u00f3n de la educaci\u00f3n superior. Junto con ello, destac\u00f3 la presentaci\u00f3n de una serie de proyectos de ley que atienden temas largamente anhelados, como la reparaci\u00f3n de la Deuda Hist\u00f3rica y el Fin al CAE.<\/p>\n<p class=\"v1MsoNormal\" style=\"text-align: justify;\"><b>Un a\u00f1o de la instalaci\u00f3n del Servicio Local de Educaci\u00f3n P\u00fablica Ays\u00e9n<\/b><\/p>\n<p class=\"v1MsoNormal\" style=\"text-align: justify;\">El 1 de enero de 2024 se concret\u00f3 la instalaci\u00f3n de la Nueva Educaci\u00f3n P\u00fablica en la Regi\u00f3n de Ays\u00e9n, con el traspaso de las 66 escuelas y jardines infantiles municipales al Servicio Local. Al respecto, la SEREMI se\u00f1al\u00f3 que \u00abel balance del primer a\u00f1o de funcionamiento del SLEP Ays\u00e9n es claramente positivo. Tenemos un servicio p\u00fablico que ha logrado llevar con normalidad procesos cr\u00edticos como el pago de remuneraciones, abastecimiento de insumos b\u00e1sicos, transporte escolar, entre otros, lo que le permite centrarse en la mejora de los aprendizajes. Sin duda hay puntos que mejorar, pero se ve una clara mejora de los primeros SLEP que se instalaron sin experiencia previa y muy poco apoyo\u00bb.<\/p>\n<p class=\"v1MsoNormal\" style=\"text-align: justify;\"><b>Mejoras en infraestructura escolar p\u00fablica<\/b><\/p>\n<p class=\"v1MsoNormal\" style=\"text-align: justify;\">La SEREMI destac\u00f3 que en el a\u00f1o en curso se terminaron las obras de 6 establecimientos en Ib\u00e1\u00f1ez, Coyhaique, Ays\u00e9n y Tortel, y se dio inicio a otros 15 mejoramientos de infraestructura de distintas comunas. Dichos proyectos son financiados por el Ministerio de Educaci\u00f3n, y ejecutados tanto por municipios como por el SLEP Ays\u00e9n. \u00abComo Gobierno dispusimos de fondos especiales para que los municipios traspasaran las escuelas en las mejores condiciones, y, gracias al compromiso de todos los actores, logramos beneficiar a m\u00e1s de 20 escuelas con una inversi\u00f3n de $6 mil millones de pesos\u00bb. Hoy esos proyectos est\u00e1n en curso, y se suman a otros 10 que fueron presentados por el SLEP Ays\u00e9n durante 2024. Es una inversi\u00f3n in\u00e9dita, incluso tiene impactos positivos en el crecimiento econ\u00f3mico, que ya estamos viendo en la Regi\u00f3n\u00bb, recalc\u00f3 la SEREMI.<\/p>\n<p class=\"v1MsoNormal\" style=\"text-align: justify;\">Adem\u00e1s, destac\u00f3 el avance de proyectos emblem\u00e1ticos, como fue la obtenci\u00f3n de la Recomendaci\u00f3n Satisfactoria (RS) para la reposici\u00f3n de la Escuela Diferencial Espa\u00f1a de Coyhaique. \u00ab<span lang=\"ES\">Este hito permitir\u00e1 seguir avanzando en la concreci\u00f3n de este anhelado proyecto, que ha tenido como protagonista a una comunidad educativa muy presente. Lo anterior fue posible gracias al trabajo intersectorial articulado por el Gobierno, la dedicaci\u00f3n del equipo del SLEP Ays\u00e9n, y los avances previos que logr\u00f3 el municipio y todos los actores que han trabajado por la Escuela Espa\u00f1a\u00bb.<\/span><\/p>\n<p class=\"v1MsoNormal\" style=\"text-align: justify;\">Isabel Garrido indic\u00f3 que, una vez obtenido el RS del proyecto, se inicia una nueva etapa que tiene relaci\u00f3n con un proceso administrativo para la identificaci\u00f3n presupuestaria y el convenio con la Direcci\u00f3n de Arquitectura del Ministerio de Obras P\u00fablicas. \u00abEsto permitir\u00e1 realizar la consultor\u00eda para la actualizaci\u00f3n de la normativa vigente del dise\u00f1o de reposici\u00f3n y as\u00ed seguir avanzando hacia el inicio de las obras tan esperadas por la comunidad educativa\u00bb.<\/p>\n<p class=\"v1MsoNormal\" style=\"text-align: justify;\"><b>Estabilizaci\u00f3n de la educaci\u00f3n superior regional<\/b><\/p>\n<p class=\"v1MsoNormal\" style=\"text-align: justify;\">El 2024 estuvo marcado por la estabilizaci\u00f3n de la educaci\u00f3n superior regional, luego de un convulsionado 2023 debido a dificultades financieras en diversas instituciones. A ra\u00edz de aquello, la Superintendencia de Educaci\u00f3n Superior inici\u00f3 procesos de fiscalizaci\u00f3n, que a nivel regional concluyeron con el nombramiento de un Administrador Provisional en la Universidad de Ays\u00e9n, y el cierre del IP-CFT Los Lagos.<\/p>\n<p class=\"v1MsoNormal\" style=\"text-align: justify;\">Al respecto, la SEREMI destac\u00f3 que la Universidad de Ays\u00e9n hoy va por buen camino. \u00abComo Gobierno movilizamos a las instituciones para que tomen las decisiones en el momento justo y logren la recuperaci\u00f3n de nuestra Universidad Regional. En su cuenta p\u00fablica, el Administrador Provisional Juan Pablo Prieto, inform\u00f3 que hoy el patrimonio de la Universidad pas\u00f3 de negativo a positivo, se concret\u00f3 la compra de un inmueble en la ciudad, se ha avanzado en el edificio fundacional del Campus R\u00edo Simpson y se abrieron 2 nuevas carreras. Vemos que la Universidad de Ays\u00e9n ha salido de la crisis y va por la senda del fortalecimiento institucional.\u00bb<\/p>\n<p class=\"v1MsoNormal\" style=\"text-align: justify;\">Por su parte, el IP-CFT Los Lagos concreta su proceso de cierre con el apoyo del CFT Estatal de Ays\u00e9n, instituci\u00f3n que se hizo cargo de titular a casi 400 estudiantes que quedaron con su proceso educativo inconcluso. \u00abEllo da cuenta del compromiso p\u00fablico de nuestro CFT Estatal, que, con pocos a\u00f1os de funcionamiento, asumi\u00f3 la tarea de permitir un cierre adecuado a la comunidad universitaria de Los Lagos. Adem\u00e1s, con esto, el CFT Estatal abri\u00f3 una nueva sede en Coyhaique con 7 nuevas carreras pensadas en el desarrollo productivo de la capital regional\u00bb.<\/p>\n<p class=\"v1MsoNormal\" style=\"text-align: justify;\"><b>Proyectos de ley en tramitaci\u00f3n<\/b><\/p>\n<p class=\"v1MsoNormal\" style=\"text-align: justify;\">Junto con los hitos regionales, la SEREMI destac\u00f3 la presentaci\u00f3n de proyectos de ley que responden a demandas largamente anheladas por los actores ligados al mundo educativo. Entre ellos, relev\u00f3 el avance en el Congreso Nacional el proyecto de Ley que propone una reparaci\u00f3n a la Deuda Hist\u00f3rica Docente, el cual fue presentado por el Presidente Boric en el mes de octubre. \u00abEsta iniciativa plantea realizar un pago individual, por \u00fanica vez, de $4,5 millones a cada docente afectado, partiendo por aquellos de mayor edad.\u00bb<\/p>\n<p style=\"text-align: justify;\">Tambi\u00e9n avanza en el parlamento el proyecto que termina con el CAE y propone un nuevo Financiamiento para la Educaci\u00f3n Superior (FES). \u00abEl proyecto de ley busca entregar una soluci\u00f3n a las deudas educativas, incluyendo el CAE, Fondo Solidario y CORFO, terminando con la pesada mochila con que cargan las familias, las instituciones y el propio estado. Adem\u00e1s, propone un sistema de financiamiento que reemplaza los actuales cr\u00e9ditos bancarios por un instrumento m\u00e1s moderno y eficiente, con pagos contingentes al ingreso\u00bb concluy\u00f3 la SEREMI.<\/p>\n<\/div><\/section><\/div><div  style='height:50px' class='hr hr-invisible   avia-builder-el-6  el_after_av_one_full  el_before_av_social_share '><span class='hr-inner ' ><span class='hr-inner-style'><\/span><\/span><\/div><\/p>\n<div  class='av-social-sharing-box  avia-builder-el-7  el_after_av_hr  el_before_av_hr  '><div class='av-share-box'><h5 class='av-share-link-description av-no-toc '>Compartir esta noticia<\/h5><ul class='av-share-box-list noLightbox'><li class='av-share-link av-social-link-facebook' ><a target=\"_blank\" aria-label=\"Compartir en Facebook\" href='https:\/\/www.facebook.com\/sharer.php?u=https:\/\/radiorevelacionfm.cl\/?p=49300&#038;t=Balance%20de%20Educaci%C3%B3n%20en%202024%3A%20destacan%20instalaci%C3%B3n%20de%20la%20Nueva%20Educaci%C3%B3n%20P%C3%BAblica%2C%20infraestructura%2C%20y%20fortalecimiento%20de%20la%20Educaci%C3%B3n%20Superior%20regional' aria-hidden='false' data-av_icon='\ue8f3' data-av_iconfont='entypo-fontello' title='' data-avia-related-tooltip='Compartir en Facebook' rel=\"noopener\"><span class='avia_hidden_link_text'>Compartir en Facebook<\/span><\/a><\/li><li class='av-share-link av-social-link-twitter' ><a target=\"_blank\" aria-label=\"Compartir en Twitter\" href='https:\/\/twitter.com\/share?text=Balance%20de%20Educaci%C3%B3n%20en%202024%3A%20destacan%20instalaci%C3%B3n%20de%20la%20Nueva%20Educaci%C3%B3n%20P%C3%BAblica%2C%20infraestructura%2C%20y%20fortalecimiento%20de%20la%20Educaci%C3%B3n%20Superior%20regional&#038;url=https:\/\/radiorevelacionfm.cl\/?p=49300' aria-hidden='false' data-av_icon='\ue8f1' data-av_iconfont='entypo-fontello' title='' data-avia-related-tooltip='Compartir en Twitter' rel=\"noopener\"><span class='avia_hidden_link_text'>Compartir en Twitter<\/span><\/a><\/li><li class='av-share-link av-social-link-whatsapp' ><a target=\"_blank\" aria-label=\"Compartir en Whatsapp\" href='https:\/\/api.whatsapp.com\/send?text=https:\/\/radiorevelacionfm.cl\/?p=49300' aria-hidden='false' data-av_icon='\uf232' data-av_iconfont='entypo-fontello' title='' data-avia-related-tooltip='Compartir en Whatsapp' rel=\"noopener\"><span class='avia_hidden_link_text'>Compartir en Whatsapp<\/span><\/a><\/li><li class='av-share-link av-social-link-linkedin' ><a target=\"_blank\" aria-label=\"Compartir en LinkedIn\" href='https:\/\/linkedin.com\/shareArticle?mini=true&#038;title=Balance%20de%20Educaci%C3%B3n%20en%202024%3A%20destacan%20instalaci%C3%B3n%20de%20la%20Nueva%20Educaci%C3%B3n%20P%C3%BAblica%2C%20infraestructura%2C%20y%20fortalecimiento%20de%20la%20Educaci%C3%B3n%20Superior%20regional&#038;url=https:\/\/radiorevelacionfm.cl\/?p=49300' aria-hidden='false' data-av_icon='\ue8fc' data-av_iconfont='entypo-fontello' title='' data-avia-related-tooltip='Compartir en LinkedIn' rel=\"noopener\"><span class='avia_hidden_link_text'>Compartir en LinkedIn<\/span><\/a><\/li><li class='av-share-link av-social-link-mail' ><a  aria-label=\"Compartir por correo\" href='mailto:?subject=Balance%20de%20Educaci%C3%B3n%20en%202024%3A%20destacan%20instalaci%C3%B3n%20de%20la%20Nueva%20Educaci%C3%B3n%20P%C3%BAblica%2C%20infraestructura%2C%20y%20fortalecimiento%20de%20la%20Educaci%C3%B3n%20Superior%20regional&#038;body=https:\/\/radiorevelacionfm.cl\/?p=49300' aria-hidden='false' data-av_icon='\ue805' data-av_iconfont='entypo-fontello' title='' data-avia-related-tooltip='Compartir por correo'><span class='avia_hidden_link_text'>Compartir por correo<\/span><\/a><\/li><\/ul><\/div><\/div>\n<div  style='height:50px' class='hr hr-invisible   avia-builder-el-8  el_after_av_social_share  el_before_av_comments_list '><span class='hr-inner ' ><span class='hr-inner-style'><\/span><\/span><\/div>\n<div  class='av-buildercomment  av-blog-meta-html-info-disabled av-blog-meta-tag-disabled  '><\/div>\n","protected":false},"excerpt":{"rendered":"","protected":false},"author":1,"featured_media":49302,"comment_status":"open","ping_status":"open","sticky":false,"template":"","format":"standard","meta":{"footnotes":""},"categories":[49],"tags":[],"class_list":["post-49300","post","type-post","status-publish","format-standard","has-post-thumbnail","hentry","category-educacion"],"jetpack_featured_media_url":"https:\/\/radiorevelacionfm.cl\/wp-content\/uploads\/2025\/01\/rs-escuela-espana-1_optimized-1_optimized-1.jpg","_links":{"self":[{"href":"https:\/\/radiorevelacionfm.cl\/index.php?rest_route=\/wp\/v2\/posts\/49300","targetHints":{"allow":["GET"]}}],"collection":[{"href":"https:\/\/radiorevelacionfm.cl\/index.php?rest_route=\/wp\/v2\/posts"}],"about":[{"href":"https:\/\/radiorevelacionfm.cl\/index.php?rest_route=\/wp\/v2\/types\/post"}],"author":[{"embeddable":true,"href":"https:\/\/radiorevelacionfm.cl\/index.php?rest_route=\/wp\/v2\/users\/1"}],"replies":[{"embeddable":true,"href":"https:\/\/radiorevelacionfm.cl\/index.php?rest_route=%2Fwp%2Fv2%2Fcomments&post=49300"}],"version-history":[{"count":1,"href":"https:\/\/radiorevelacionfm.cl\/index.php?rest_route=\/wp\/v2\/posts\/49300\/revisions"}],"predecessor-version":[{"id":49303,"href":"https:\/\/radiorevelacionfm.cl\/index.php?rest_route=\/wp\/v2\/posts\/49300\/revisions\/49303"}],"wp:featuredmedia":[{"embeddable":true,"href":"https:\/\/radiorevelacionfm.cl\/index.php?rest_route=\/wp\/v2\/media\/49302"}],"wp:attachment":[{"href":"https:\/\/radiorevelacionfm.cl\/index.php?rest_route=%2Fwp%2Fv2%2Fmedia&parent=49300"}],"wp:term":[{"taxonomy":"category","embeddable":true,"href":"https:\/\/radiorevelacionfm.cl\/index.php?rest_route=%2Fwp%2Fv2%2Fcategories&post=49300"},{"taxonomy":"post_tag","embeddable":true,"href":"https:\/\/radiorevelacionfm.cl\/index.php?rest_route=%2Fwp%2Fv2%2Ftags&post=49300"}],"curies":[{"name":"wp","href":"https:\/\/api.w.org\/{rel}","templated":true}]}}