{"id":4930,"date":"2021-06-05T16:22:38","date_gmt":"2021-06-05T19:22:38","guid":{"rendered":"https:\/\/radiorevelacionfm.cl\/?p=4930"},"modified":"2021-06-05T16:22:38","modified_gmt":"2021-06-05T19:22:38","slug":"aprueban-ampliacion-del-programa-de-recambio-de-calefactores-para-zona-saturada-de-coyhaique","status":"publish","type":"post","link":"https:\/\/radiorevelacionfm.cl\/?p=4930","title":{"rendered":"Aprueban ampliaci\u00f3n del Programa de Recambio de Calefactores para zona saturada de Coyhaique"},"content":{"rendered":"<div class=\"flex_column av_one_full  flex_column_div av-zero-column-padding first  avia-builder-el-0  el_before_av_one_full  avia-builder-el-first  \" style='border-radius:0px; '><div  class='avia-image-container  av-styling-    avia-builder-el-1  avia-builder-el-no-sibling  avia-align-center '  itemprop=\"image\" itemscope=\"itemscope\" itemtype=\"https:\/\/schema.org\/ImageObject\"  ><div class='avia-image-container-inner'><div class='avia-image-overlay-wrap'><img decoding=\"async\" class='wp-image-4931 avia-img-lazy-loading-not-4931 avia_image' src=\"https:\/\/radiorevelacionfm.cl\/wp-content\/uploads\/2021\/06\/Recambio-C-1.jpg\" alt='' title='Recambio C (1)' height=\"600\" width=\"1067\"  itemprop=\"thumbnailUrl\" srcset=\"https:\/\/radiorevelacionfm.cl\/wp-content\/uploads\/2021\/06\/Recambio-C-1.jpg 1067w, https:\/\/radiorevelacionfm.cl\/wp-content\/uploads\/2021\/06\/Recambio-C-1-300x169.jpg 300w, https:\/\/radiorevelacionfm.cl\/wp-content\/uploads\/2021\/06\/Recambio-C-1-1030x579.jpg 1030w, https:\/\/radiorevelacionfm.cl\/wp-content\/uploads\/2021\/06\/Recambio-C-1-768x432.jpg 768w, https:\/\/radiorevelacionfm.cl\/wp-content\/uploads\/2021\/06\/Recambio-C-1-705x396.jpg 705w, https:\/\/radiorevelacionfm.cl\/wp-content\/uploads\/2021\/06\/Recambio-C-1-600x337.jpg 600w\" sizes=\"(max-width: 1067px) 100vw, 1067px\" \/><\/div><\/div><\/div><\/div><div class=\"flex_column av_one_full  flex_column_div av-zero-column-padding first  avia-builder-el-2  el_after_av_one_full  el_before_av_one_full  column-top-margin\" style='border-radius:0px; '><section class=\"av_textblock_section \"  itemscope=\"itemscope\" itemtype=\"https:\/\/schema.org\/BlogPosting\" itemprop=\"blogPost\" ><div class='avia_textblock  '   itemprop=\"text\" ><p style=\"text-align: center;\"><strong><span style=\"font-size: 18pt;\">Aprueban ampliaci\u00f3n del Programa de Recambio de Calefactores para zona saturada de Coyhaique<\/span><\/strong><\/p>\n<div id=\"gtx-trans\" style=\"position: absolute; left: -50px; top: 4.31534px;\">\n<div class=\"gtx-trans-icon\"><\/div>\n<\/div>\n<\/div><\/section><\/div><div class=\"flex_column av_one_full  flex_column_div av-zero-column-padding first  avia-builder-el-4  el_after_av_one_full  el_before_av_hr  column-top-margin\" style='border-radius:0px; '><section class=\"av_textblock_section \"  itemscope=\"itemscope\" itemtype=\"https:\/\/schema.org\/BlogPosting\" itemprop=\"blogPost\" ><div class='avia_textblock  '   itemprop=\"text\" ><p style=\"text-align: justify;\">La medida que fue aprobada con mayor\u00eda absoluta por parte del consejo regional de ays\u00e9n, permitir\u00e1 recambiar calefactores a le\u00f1a por alternativas menos contaminantes de alta potencia \u201cagradezco a todos los consejeros y consejeras que siguen apoyando estas iniciativas que van en directo beneficio de las familias de la zona saturada de coyhaique mejorando su calidad de vida y la salud de las personas\u201d, destac\u00f3 la seremi, agregando que\u00a0\u00a0\u201ccada vez son m\u00e1s las familias que han querido adherirse a este recambio de calefactores, ya llevamos 7.463 familias que han sido beneficiadas con el recambio de calefactores, estamos muy pr\u00f3ximos a alcanzar el 50% de la meta del plan de descontaminaci\u00f3n atmosf\u00e9rica pero a\u00fan tenemos familias que necesitan hacer este recambio a una calefacci\u00f3n m\u00e1s sustentable.\u201d,\u00a0explic\u00f3 m\u00f3nica sald\u00edas,\u00a0anunciando que ya se est\u00e1n ejecutando las instalaciones del \u00faltimo llamado y que pronto se abrir\u00e1 la postulaci\u00f3n al recambio el\u00e9ctrico.<\/p>\n<p style=\"text-align: justify;\">La propuesta defendida, considera una ampliaci\u00f3n de 4 mil millones para el programa de recambio calefactores que beneficiar\u00e1 a familias de todo el pol\u00edgono de Coyhaique. Los nuevos recursos se ver\u00e1n reflejados en las instalaciones y llamados programados para los a\u00f1os 2022 y 2023\u00a0\u201cAvanzar en descontaminaci\u00f3n es avanzar en salud p\u00fablica y calidad de vida de nuestras familias, razones fundadas para apoyar con recursos el recambio de calefactores, en esta ocasi\u00f3n Coyhaique\u2026 pero buscando alternativas para avanzar en otras comunidades y territorios de nuestra Regi\u00f3n\u201d,\u00a0declar\u00f3 el consejero regional Ra\u00fal Rudolphi.<\/p>\n<p style=\"text-align: justify;\">El programa se enmarca en el plan de descontaminaci\u00f3n atmosf\u00e9rica PDA, instrumento que indica la hoja de ruta para que los distintos servicios p\u00fablicos implementen medidas para mejorar la calidad del aire, es as\u00ed como en 2016 se estableci\u00f3 la meta de 10 mil recambios calefactores en la zona saturada, meta que luego fue aumentada a 15 mil con la publicaci\u00f3n del nuevo PDA en 2019.<\/p>\n<p style=\"text-align: justify;\">Por su parte la consejera regional y presidenta de la Comisi\u00f3n de Medio Ambiente RIMA, Andrea Mac\u00edas, destac\u00f3\u00a0\u201cComo consejera regional me parece relevante la aprobaci\u00f3n de estos 4 mil millones de pesos para la ampliaci\u00f3n del programa de recambio de calefactores que se enmarca dentro de las medidas\u00a0 del PDA para la ciudad de Coyhaique, es una respuesta desde el estado y particularmente con la venia del Gobierno Regional con la finalidad de disminuir las emisiones contaminantes \u00a0(\u2026) la invitaci\u00f3n es a seguir sumando fuerzas, a avanzar, a llamar a la comunidad para que pueda hacerse parte de las postulaciones y entre todos y todas poder ayudar a descontaminar nuestra ciudad\u201d<\/p>\n<p style=\"text-align: justify;\">Finalmente la Seremi del Medio Ambiente agradeci\u00f3 nuevamente los recursos que reforzar\u00e1n el programa de recambio e invit\u00f3 a las familias a seguir postulando, a preferir calefacci\u00f3n sustentable y a seguir las recomendaciones y restricciones indicadas en este periodo de Gesti\u00f3n de Episodios Cr\u00edticos GEC, que se mantendr\u00e1 hasta el 30 de septiembre.<\/p>\n<\/div><\/section><\/div><div  style='height:50px' class='hr hr-invisible   avia-builder-el-6  el_after_av_one_full  el_before_av_social_share '><span class='hr-inner ' ><span class='hr-inner-style'><\/span><\/span><\/div><\/p>\n<div  class='av-social-sharing-box  avia-builder-el-7  el_after_av_hr  el_before_av_hr  '><div class='av-share-box'><h5 class='av-share-link-description av-no-toc '>Compartir esta noticia<\/h5><ul class='av-share-box-list noLightbox'><li class='av-share-link av-social-link-facebook' ><a target=\"_blank\" aria-label=\"Compartir en Facebook\" href='https:\/\/www.facebook.com\/sharer.php?u=https:\/\/radiorevelacionfm.cl\/?p=4930&#038;t=Aprueban%20ampliaci%C3%B3n%20del%20Programa%20de%20Recambio%20de%20Calefactores%20para%20zona%20saturada%20de%20Coyhaique' aria-hidden='false' data-av_icon='\ue8f3' data-av_iconfont='entypo-fontello' title='' data-avia-related-tooltip='Compartir en Facebook' rel=\"noopener\"><span class='avia_hidden_link_text'>Compartir en Facebook<\/span><\/a><\/li><li class='av-share-link av-social-link-twitter' ><a target=\"_blank\" aria-label=\"Compartir en Twitter\" href='https:\/\/twitter.com\/share?text=Aprueban%20ampliaci%C3%B3n%20del%20Programa%20de%20Recambio%20de%20Calefactores%20para%20zona%20saturada%20de%20Coyhaique&#038;url=https:\/\/radiorevelacionfm.cl\/?p=4930' aria-hidden='false' data-av_icon='\ue8f1' data-av_iconfont='entypo-fontello' title='' data-avia-related-tooltip='Compartir en Twitter' rel=\"noopener\"><span class='avia_hidden_link_text'>Compartir en Twitter<\/span><\/a><\/li><li class='av-share-link av-social-link-whatsapp' ><a target=\"_blank\" aria-label=\"Compartir en Whatsapp\" href='https:\/\/api.whatsapp.com\/send?text=https:\/\/radiorevelacionfm.cl\/?p=4930' aria-hidden='false' data-av_icon='\uf232' data-av_iconfont='entypo-fontello' title='' data-avia-related-tooltip='Compartir en Whatsapp' rel=\"noopener\"><span class='avia_hidden_link_text'>Compartir en Whatsapp<\/span><\/a><\/li><li class='av-share-link av-social-link-linkedin' ><a target=\"_blank\" aria-label=\"Compartir en LinkedIn\" href='https:\/\/linkedin.com\/shareArticle?mini=true&#038;title=Aprueban%20ampliaci%C3%B3n%20del%20Programa%20de%20Recambio%20de%20Calefactores%20para%20zona%20saturada%20de%20Coyhaique&#038;url=https:\/\/radiorevelacionfm.cl\/?p=4930' aria-hidden='false' data-av_icon='\ue8fc' data-av_iconfont='entypo-fontello' title='' data-avia-related-tooltip='Compartir en LinkedIn' rel=\"noopener\"><span class='avia_hidden_link_text'>Compartir en LinkedIn<\/span><\/a><\/li><li class='av-share-link av-social-link-mail' ><a  aria-label=\"Compartir por correo\" href='mailto:?subject=Aprueban%20ampliaci%C3%B3n%20del%20Programa%20de%20Recambio%20de%20Calefactores%20para%20zona%20saturada%20de%20Coyhaique&#038;body=https:\/\/radiorevelacionfm.cl\/?p=4930' aria-hidden='false' data-av_icon='\ue805' data-av_iconfont='entypo-fontello' title='' data-avia-related-tooltip='Compartir por correo'><span class='avia_hidden_link_text'>Compartir por correo<\/span><\/a><\/li><\/ul><\/div><\/div>\n<div  style='height:50px' class='hr hr-invisible   avia-builder-el-8  el_after_av_social_share  el_before_av_comments_list '><span class='hr-inner ' ><span class='hr-inner-style'><\/span><\/span><\/div>\n<div  class='av-buildercomment  av-blog-meta-html-info-disabled av-blog-meta-tag-disabled  '><\/div>\n","protected":false},"excerpt":{"rendered":"","protected":false},"author":1,"featured_media":4931,"comment_status":"open","ping_status":"open","sticky":false,"template":"","format":"standard","meta":{"footnotes":""},"categories":[39],"tags":[],"class_list":["post-4930","post","type-post","status-publish","format-standard","has-post-thumbnail","hentry","category-medio-ambiente"],"jetpack_featured_media_url":"https:\/\/radiorevelacionfm.cl\/wp-content\/uploads\/2021\/06\/Recambio-C-1.jpg","_links":{"self":[{"href":"https:\/\/radiorevelacionfm.cl\/index.php?rest_route=\/wp\/v2\/posts\/4930","targetHints":{"allow":["GET"]}}],"collection":[{"href":"https:\/\/radiorevelacionfm.cl\/index.php?rest_route=\/wp\/v2\/posts"}],"about":[{"href":"https:\/\/radiorevelacionfm.cl\/index.php?rest_route=\/wp\/v2\/types\/post"}],"author":[{"embeddable":true,"href":"https:\/\/radiorevelacionfm.cl\/index.php?rest_route=\/wp\/v2\/users\/1"}],"replies":[{"embeddable":true,"href":"https:\/\/radiorevelacionfm.cl\/index.php?rest_route=%2Fwp%2Fv2%2Fcomments&post=4930"}],"version-history":[{"count":1,"href":"https:\/\/radiorevelacionfm.cl\/index.php?rest_route=\/wp\/v2\/posts\/4930\/revisions"}],"predecessor-version":[{"id":4932,"href":"https:\/\/radiorevelacionfm.cl\/index.php?rest_route=\/wp\/v2\/posts\/4930\/revisions\/4932"}],"wp:featuredmedia":[{"embeddable":true,"href":"https:\/\/radiorevelacionfm.cl\/index.php?rest_route=\/wp\/v2\/media\/4931"}],"wp:attachment":[{"href":"https:\/\/radiorevelacionfm.cl\/index.php?rest_route=%2Fwp%2Fv2%2Fmedia&parent=4930"}],"wp:term":[{"taxonomy":"category","embeddable":true,"href":"https:\/\/radiorevelacionfm.cl\/index.php?rest_route=%2Fwp%2Fv2%2Fcategories&post=4930"},{"taxonomy":"post_tag","embeddable":true,"href":"https:\/\/radiorevelacionfm.cl\/index.php?rest_route=%2Fwp%2Fv2%2Ftags&post=4930"}],"curies":[{"name":"wp","href":"https:\/\/api.w.org\/{rel}","templated":true}]}}