{"id":49294,"date":"2025-01-02T10:10:50","date_gmt":"2025-01-02T13:10:50","guid":{"rendered":"https:\/\/radiorevelacionfm.cl\/?p=49294"},"modified":"2025-01-02T10:10:50","modified_gmt":"2025-01-02T13:10:50","slug":"delegado-jorge-diaz-guzman-impulsamos-politicas-para-reactivar-la-economia-regional","status":"publish","type":"post","link":"https:\/\/radiorevelacionfm.cl\/?p=49294","title":{"rendered":"Delegado Jorge D\u00edaz Guzm\u00e1n: \u201cImpulsamos pol\u00edticas para reactivar la econom\u00eda regional\u201d"},"content":{"rendered":"<div class=\"flex_column av_one_full  flex_column_div av-zero-column-padding first  avia-builder-el-0  el_before_av_one_full  avia-builder-el-first  \" style='border-radius:0px; '><div  class='avia-image-container  av-styling-    avia-builder-el-1  avia-builder-el-no-sibling  avia-align-center '  itemprop=\"image\" itemscope=\"itemscope\" itemtype=\"https:\/\/schema.org\/ImageObject\"  ><div class='avia-image-container-inner'><div class='avia-image-overlay-wrap'><img decoding=\"async\" class='wp-image-49295 avia-img-lazy-loading-not-49295 avia_image' src=\"https:\/\/radiorevelacionfm.cl\/wp-content\/uploads\/2024\/12\/img_2643-2_optimized-1.jpg\" alt='' title='img_2643-(2)_optimized (1)' height=\"600\" width=\"900\"  itemprop=\"thumbnailUrl\" srcset=\"https:\/\/radiorevelacionfm.cl\/wp-content\/uploads\/2024\/12\/img_2643-2_optimized-1.jpg 900w, https:\/\/radiorevelacionfm.cl\/wp-content\/uploads\/2024\/12\/img_2643-2_optimized-1-300x200.jpg 300w, https:\/\/radiorevelacionfm.cl\/wp-content\/uploads\/2024\/12\/img_2643-2_optimized-1-768x512.jpg 768w, https:\/\/radiorevelacionfm.cl\/wp-content\/uploads\/2024\/12\/img_2643-2_optimized-1-705x470.jpg 705w, https:\/\/radiorevelacionfm.cl\/wp-content\/uploads\/2024\/12\/img_2643-2_optimized-1-450x300.jpg 450w, https:\/\/radiorevelacionfm.cl\/wp-content\/uploads\/2024\/12\/img_2643-2_optimized-1-600x400.jpg 600w\" sizes=\"(max-width: 900px) 100vw, 900px\" \/><\/div><\/div><\/div><\/div><div class=\"flex_column av_one_full  flex_column_div av-zero-column-padding first  avia-builder-el-2  el_after_av_one_full  el_before_av_one_full  column-top-margin\" style='border-radius:0px; '><section class=\"av_textblock_section \"  itemscope=\"itemscope\" itemtype=\"https:\/\/schema.org\/BlogPosting\" itemprop=\"blogPost\" ><div class='avia_textblock  '   itemprop=\"text\" ><p style=\"text-align: center;\"><strong><span style=\"font-size: 18pt;\">Delegado Jorge D\u00edaz Guzm\u00e1n: \u201cImpulsamos pol\u00edticas para reactivar la econom\u00eda regional\u201d<\/span><\/strong><\/p>\n<div id=\"gtx-trans\" style=\"position: absolute; left: -50px; top: 4.31534px;\">\n<div class=\"gtx-trans-icon\"><\/div>\n<\/div>\n<\/div><\/section><\/div><div class=\"flex_column av_one_full  flex_column_div av-zero-column-padding first  avia-builder-el-4  el_after_av_one_full  el_before_av_hr  column-top-margin\" style='border-radius:0px; '><section class=\"av_textblock_section \"  itemscope=\"itemscope\" itemtype=\"https:\/\/schema.org\/BlogPosting\" itemprop=\"blogPost\" ><div class='avia_textblock  '   itemprop=\"text\" ><p style=\"font-weight: 400; text-align: justify;\">La reactivaci\u00f3n econ\u00f3mica regional durante 2025 es una de las prioridades de la gesti\u00f3n del Delegado Presidencial Regional, Jorge D\u00edaz Guzm\u00e1n, mediante el fortalecimiento de la articulaci\u00f3n de las secretar\u00edas regionales ministeriales y servicios p\u00fablicos presentes en el territorio.<\/p>\n<p style=\"font-weight: 400; text-align: justify;\">El Delegado Jorge D\u00edaz destac\u00f3 la tendencia del PIB Regional con crecimiento positivo en el tercer trimestre de 2024 y el restablecimiento de la actividad tur\u00edstica en niveles previos a la pandemia, reafirmando la importancia de impulsar medidas tendientes a apoyar el sector productivo y de servicios de la regi\u00f3n.<\/p>\n<p style=\"font-weight: 400; text-align: justify;\">\u201cEstamos afianzando las coordinaciones de nuestro gabinete, para actuar coordinadamente con el sector productivo y apoyar la red de servicios y oferta tur\u00edstica regional. Para ello, es clave la coordinaci\u00f3n de nuestros servicios locales, para lo cual estamos trabajando una agenda destinada a potenciar, por una parte, el turismo y la log\u00edstica que este sector requiere y, por otra, aportar recursos a trav\u00e9s de Sercotec y Corfo para potenciar diversos emprendimientos a trav\u00e9s del Gobierno Regional\u201d, destac\u00f3.<\/p>\n<p style=\"font-weight: 400; text-align: justify;\">Tras la \u00faltima reuni\u00f3n de Gabinete Regional del a\u00f1o 2024, agreg\u00f3 que \u201chemos estado focalizados en la ejecuci\u00f3n de nuestro presupuesto, poniendo \u00e9nfasis en lo que viene para el a\u00f1o 2025\u201d.<\/p>\n<p style=\"font-weight: 400; text-align: justify;\">\u201cHemos sostenido reuniones de gabinete en su conjunto y sectoriales con el gabinete econ\u00f3mico, de infraestructura y social -concluy\u00f3-, porque debemos ejecutar adecuadamente el Presupuesto 2025, como tambi\u00e9n abrir espacios de conversaci\u00f3n con el sector privado para el desarrollo de proyectos que se est\u00e1n tramitando en nuestra regi\u00f3n, en el \u00e1mbito de la pesca y acuicultura, miner\u00eda, sector silvoagropecuario, en el \u00e1mbito del deporte, como es el centro de monta\u00f1a El Fraile, es decir, estamos trabajando para que nuestro gabinete se ponga en sinton\u00eda con el crecimiento econ\u00f3mico en nuestra regi\u00f3n. Vamos avanzando de manera importante y ya tenemos un plan para el primer trimestre del a\u00f1o 2025\u201d, subray\u00f3.<\/p>\n<p style=\"font-weight: 400; text-align: justify;\">Entre las iniciativas destacadas, el delegado mencion\u00f3 el nuevo terminal del Aeropuerto de Balmaceda, primera obra concesionada en la regi\u00f3n, con una inversi\u00f3n que supera los 44 mil millones de pesos, genera cerca de 300 empleos y que triplicar\u00e1 la capacidad de transporte de pasajeros, pasando de un mill\u00f3n de personas anuales a tres millones aproximadamente.<\/p>\n<p style=\"font-weight: 400; text-align: justify;\">Del mismo modo, el Plan de Emergencia Habitacional tiene una meta de 1.293 viviendas en la regi\u00f3n, destacando el proyecto Chacra G.<\/p>\n<p style=\"font-weight: 400; text-align: justify;\">En salud p\u00fablica se inaugurar\u00e1 el Hospital Leopoldo Ortega de Chile Chico y el nuevo Centro de Salud Comunitaria (Cosam) de Puerto Ays\u00e9n, adem\u00e1s de avanzarse en el proceso para la reposici\u00f3n de nuevos puentes Palena y Rosselot, que eliminar\u00e1n las restricciones de carga para el transporte mayor de la regi\u00f3n.<\/p>\n<\/div><\/section><\/div><div  style='height:50px' class='hr hr-invisible   avia-builder-el-6  el_after_av_one_full  el_before_av_social_share '><span class='hr-inner ' ><span class='hr-inner-style'><\/span><\/span><\/div><\/p>\n<div  class='av-social-sharing-box  avia-builder-el-7  el_after_av_hr  el_before_av_hr  '><div class='av-share-box'><h5 class='av-share-link-description av-no-toc '>Compartir esta noticia<\/h5><ul class='av-share-box-list noLightbox'><li class='av-share-link av-social-link-facebook' ><a target=\"_blank\" aria-label=\"Compartir en Facebook\" href='https:\/\/www.facebook.com\/sharer.php?u=https:\/\/radiorevelacionfm.cl\/?p=49294&#038;t=Delegado%20Jorge%20D%C3%ADaz%20Guzm%C3%A1n%3A%20%E2%80%9CImpulsamos%20pol%C3%ADticas%20para%20reactivar%20la%20econom%C3%ADa%20regional%E2%80%9D' aria-hidden='false' data-av_icon='\ue8f3' data-av_iconfont='entypo-fontello' title='' data-avia-related-tooltip='Compartir en Facebook' rel=\"noopener\"><span class='avia_hidden_link_text'>Compartir en Facebook<\/span><\/a><\/li><li class='av-share-link av-social-link-twitter' ><a target=\"_blank\" aria-label=\"Compartir en Twitter\" href='https:\/\/twitter.com\/share?text=Delegado%20Jorge%20D%C3%ADaz%20Guzm%C3%A1n%3A%20%E2%80%9CImpulsamos%20pol%C3%ADticas%20para%20reactivar%20la%20econom%C3%ADa%20regional%E2%80%9D&#038;url=https:\/\/radiorevelacionfm.cl\/?p=49294' aria-hidden='false' data-av_icon='\ue8f1' data-av_iconfont='entypo-fontello' title='' data-avia-related-tooltip='Compartir en Twitter' rel=\"noopener\"><span class='avia_hidden_link_text'>Compartir en Twitter<\/span><\/a><\/li><li class='av-share-link av-social-link-whatsapp' ><a target=\"_blank\" aria-label=\"Compartir en Whatsapp\" href='https:\/\/api.whatsapp.com\/send?text=https:\/\/radiorevelacionfm.cl\/?p=49294' aria-hidden='false' data-av_icon='\uf232' data-av_iconfont='entypo-fontello' title='' data-avia-related-tooltip='Compartir en Whatsapp' rel=\"noopener\"><span class='avia_hidden_link_text'>Compartir en Whatsapp<\/span><\/a><\/li><li class='av-share-link av-social-link-linkedin' ><a target=\"_blank\" aria-label=\"Compartir en LinkedIn\" href='https:\/\/linkedin.com\/shareArticle?mini=true&#038;title=Delegado%20Jorge%20D%C3%ADaz%20Guzm%C3%A1n%3A%20%E2%80%9CImpulsamos%20pol%C3%ADticas%20para%20reactivar%20la%20econom%C3%ADa%20regional%E2%80%9D&#038;url=https:\/\/radiorevelacionfm.cl\/?p=49294' aria-hidden='false' data-av_icon='\ue8fc' data-av_iconfont='entypo-fontello' title='' data-avia-related-tooltip='Compartir en LinkedIn' rel=\"noopener\"><span class='avia_hidden_link_text'>Compartir en LinkedIn<\/span><\/a><\/li><li class='av-share-link av-social-link-mail' ><a  aria-label=\"Compartir por correo\" href='mailto:?subject=Delegado%20Jorge%20D%C3%ADaz%20Guzm%C3%A1n%3A%20%E2%80%9CImpulsamos%20pol%C3%ADticas%20para%20reactivar%20la%20econom%C3%ADa%20regional%E2%80%9D&#038;body=https:\/\/radiorevelacionfm.cl\/?p=49294' aria-hidden='false' data-av_icon='\ue805' data-av_iconfont='entypo-fontello' title='' data-avia-related-tooltip='Compartir por correo'><span class='avia_hidden_link_text'>Compartir por correo<\/span><\/a><\/li><\/ul><\/div><\/div>\n<div  style='height:50px' class='hr hr-invisible   avia-builder-el-8  el_after_av_social_share  el_before_av_comments_list '><span class='hr-inner ' ><span class='hr-inner-style'><\/span><\/span><\/div>\n<div  class='av-buildercomment  av-blog-meta-html-info-disabled av-blog-meta-tag-disabled  '><\/div>\n","protected":false},"excerpt":{"rendered":"","protected":false},"author":1,"featured_media":49295,"comment_status":"open","ping_status":"open","sticky":false,"template":"","format":"standard","meta":{"footnotes":""},"categories":[38],"tags":[],"class_list":["post-49294","post","type-post","status-publish","format-standard","has-post-thumbnail","hentry","category-regional"],"jetpack_featured_media_url":"https:\/\/radiorevelacionfm.cl\/wp-content\/uploads\/2024\/12\/img_2643-2_optimized-1.jpg","_links":{"self":[{"href":"https:\/\/radiorevelacionfm.cl\/index.php?rest_route=\/wp\/v2\/posts\/49294","targetHints":{"allow":["GET"]}}],"collection":[{"href":"https:\/\/radiorevelacionfm.cl\/index.php?rest_route=\/wp\/v2\/posts"}],"about":[{"href":"https:\/\/radiorevelacionfm.cl\/index.php?rest_route=\/wp\/v2\/types\/post"}],"author":[{"embeddable":true,"href":"https:\/\/radiorevelacionfm.cl\/index.php?rest_route=\/wp\/v2\/users\/1"}],"replies":[{"embeddable":true,"href":"https:\/\/radiorevelacionfm.cl\/index.php?rest_route=%2Fwp%2Fv2%2Fcomments&post=49294"}],"version-history":[{"count":1,"href":"https:\/\/radiorevelacionfm.cl\/index.php?rest_route=\/wp\/v2\/posts\/49294\/revisions"}],"predecessor-version":[{"id":49296,"href":"https:\/\/radiorevelacionfm.cl\/index.php?rest_route=\/wp\/v2\/posts\/49294\/revisions\/49296"}],"wp:featuredmedia":[{"embeddable":true,"href":"https:\/\/radiorevelacionfm.cl\/index.php?rest_route=\/wp\/v2\/media\/49295"}],"wp:attachment":[{"href":"https:\/\/radiorevelacionfm.cl\/index.php?rest_route=%2Fwp%2Fv2%2Fmedia&parent=49294"}],"wp:term":[{"taxonomy":"category","embeddable":true,"href":"https:\/\/radiorevelacionfm.cl\/index.php?rest_route=%2Fwp%2Fv2%2Fcategories&post=49294"},{"taxonomy":"post_tag","embeddable":true,"href":"https:\/\/radiorevelacionfm.cl\/index.php?rest_route=%2Fwp%2Fv2%2Ftags&post=49294"}],"curies":[{"name":"wp","href":"https:\/\/api.w.org\/{rel}","templated":true}]}}