{"id":49292,"date":"2024-12-31T15:08:42","date_gmt":"2024-12-31T18:08:42","guid":{"rendered":"https:\/\/radiorevelacionfm.cl\/?p=49292"},"modified":"2024-12-31T15:08:42","modified_gmt":"2024-12-31T18:08:42","slug":"capturan-a-profugo-de-la-justicia-por-delito-de-violacion-ocurrido-el-ano-2021-en-coyhaique","status":"publish","type":"post","link":"https:\/\/radiorevelacionfm.cl\/?p=49292","title":{"rendered":"Capturan a pr\u00f3fugo de la justicia por delito de violaci\u00f3n ocurrido el a\u00f1o 2021 en Coyhaique"},"content":{"rendered":"<div class=\"flex_column av_one_full  flex_column_div av-zero-column-padding first  avia-builder-el-0  el_before_av_one_full  avia-builder-el-first  \" style='border-radius:0px; '><div  class='avia-image-container  av-styling-    avia-builder-el-1  avia-builder-el-no-sibling  avia-align-center '  itemprop=\"image\" itemscope=\"itemscope\" itemtype=\"https:\/\/schema.org\/ImageObject\"  ><div class='avia-image-container-inner'><div class='avia-image-overlay-wrap'><img decoding=\"async\" class='wp-image-5289 avia-img-lazy-loading-not-5289 avia_image' src=\"https:\/\/radiorevelacionfm.cl\/wp-content\/uploads\/2021\/06\/pdi-archivo-1-1.jpg\" alt='' title='pdi-archivo (1) (1)' height=\"600\" width=\"904\"  itemprop=\"thumbnailUrl\" srcset=\"https:\/\/radiorevelacionfm.cl\/wp-content\/uploads\/2021\/06\/pdi-archivo-1-1.jpg 904w, https:\/\/radiorevelacionfm.cl\/wp-content\/uploads\/2021\/06\/pdi-archivo-1-1-300x199.jpg 300w, https:\/\/radiorevelacionfm.cl\/wp-content\/uploads\/2021\/06\/pdi-archivo-1-1-768x510.jpg 768w, https:\/\/radiorevelacionfm.cl\/wp-content\/uploads\/2021\/06\/pdi-archivo-1-1-705x468.jpg 705w, https:\/\/radiorevelacionfm.cl\/wp-content\/uploads\/2021\/06\/pdi-archivo-1-1-600x398.jpg 600w\" sizes=\"(max-width: 904px) 100vw, 904px\" \/><\/div><\/div><\/div><\/div><div class=\"flex_column av_one_full  flex_column_div av-zero-column-padding first  avia-builder-el-2  el_after_av_one_full  el_before_av_one_full  column-top-margin\" style='border-radius:0px; '><section class=\"av_textblock_section \"  itemscope=\"itemscope\" itemtype=\"https:\/\/schema.org\/BlogPosting\" itemprop=\"blogPost\" ><div class='avia_textblock  '   itemprop=\"text\" ><p style=\"text-align: center;\"><strong><span style=\"font-size: 18pt;\">Capturan a pr\u00f3fugo de la justicia por delito de violaci\u00f3n ocurrido el a\u00f1o 2021 en Coyhaique<\/span><\/strong><\/p>\n<div id=\"gtx-trans\" style=\"position: absolute; left: -50px; top: 4.31534px;\">\n<div class=\"gtx-trans-icon\"><\/div>\n<\/div>\n<\/div><\/section><\/div><div class=\"flex_column av_one_full  flex_column_div av-zero-column-padding first  avia-builder-el-4  el_after_av_one_full  el_before_av_hr  column-top-margin\" style='border-radius:0px; '><section class=\"av_textblock_section \"  itemscope=\"itemscope\" itemtype=\"https:\/\/schema.org\/BlogPosting\" itemprop=\"blogPost\" ><div class='avia_textblock  '   itemprop=\"text\" ><p style=\"text-align: justify;\">En un operativo liderado por la Brigada Investigadora de Delitos Sexuales (BRISEX) de Coyhaique, un hombre, pr\u00f3fugo de la justicia, fue detenido tras meses de b\u00fasqueda. El individuo deb\u00eda cumplir una condena por un delito cometido en enero de 2021, seg\u00fan determinaci\u00f3n del Juzgado de Garant\u00eda de Coyhaique. \u201cEl d\u00eda de hoy, funcionarios de esta brigada especializada, a ra\u00edz de una serie de diligencias investigativas llevadas por esta, tales como empadronamientos, an\u00e1lisis de informaci\u00f3n, entre otras medidas intrusivas, lograron la ubicaci\u00f3n y detenci\u00f3n de un sujeto de 24 a\u00f1os de edad, quien registraba en su contra una orden de detenci\u00f3n por el delito de violaci\u00f3n de mayor de 14 a\u00f1os. Lo anterior se enmarca en una investigaci\u00f3n que se llev\u00f3 a cabo por detectives de esta brigada, la que data desde el a\u00f1o 2021, hecho por los cuales, en el a\u00f1o 2023, fue condenado a la pena de 7 a\u00f1os de presidio mayor en su grado m\u00ednimo\u201d, coment\u00f3 el comisario Fernando \u00c1lvarez, jefe de la Brisex Coyhaique.<\/p>\n<p style=\"text-align: justify;\">De acuerdo con la investigaci\u00f3n realizada en conjunto con la Fiscal\u00eda Local de Coyhaique, el imputado, en el contexto de una fiesta, llev\u00f3 a la v\u00edctima a un sitio eriazo en donde, pese a la resistencia de la mujer, concret\u00f3 la agresi\u00f3n sexual mediante el uso de la fuerza. Tras ser condenado, el hombre se mantuvo pr\u00f3fugo desde noviembre de 2023, desplaz\u00e1ndose por diferentes domicilios para evitar su captura. Finalmente, las diligencias policiales permitieron localizarlo en el domicilio de su madre.<\/p>\n<p style=\"text-align: justify;\">El detenido fue trasladado al Centro de Cumplimiento Penitenciario (CCP) de Coyhaique, donde comenzar\u00e1 a cumplir su condena.<\/p>\n<\/div><\/section><\/div><div  style='height:50px' class='hr hr-invisible   avia-builder-el-6  el_after_av_one_full  el_before_av_social_share '><span class='hr-inner ' ><span class='hr-inner-style'><\/span><\/span><\/div><\/p>\n<div  class='av-social-sharing-box  avia-builder-el-7  el_after_av_hr  el_before_av_hr  '><div class='av-share-box'><h5 class='av-share-link-description av-no-toc '>Compartir esta noticia<\/h5><ul class='av-share-box-list noLightbox'><li class='av-share-link av-social-link-facebook' ><a target=\"_blank\" aria-label=\"Compartir en Facebook\" href='https:\/\/www.facebook.com\/sharer.php?u=https:\/\/radiorevelacionfm.cl\/?p=49292&#038;t=Capturan%20a%20pr%C3%B3fugo%20de%20la%20justicia%20por%20delito%20de%20violaci%C3%B3n%20ocurrido%20el%20a%C3%B1o%202021%20en%20Coyhaique' aria-hidden='false' data-av_icon='\ue8f3' data-av_iconfont='entypo-fontello' title='' data-avia-related-tooltip='Compartir en Facebook' rel=\"noopener\"><span class='avia_hidden_link_text'>Compartir en Facebook<\/span><\/a><\/li><li class='av-share-link av-social-link-twitter' ><a target=\"_blank\" aria-label=\"Compartir en Twitter\" href='https:\/\/twitter.com\/share?text=Capturan%20a%20pr%C3%B3fugo%20de%20la%20justicia%20por%20delito%20de%20violaci%C3%B3n%20ocurrido%20el%20a%C3%B1o%202021%20en%20Coyhaique&#038;url=https:\/\/radiorevelacionfm.cl\/?p=49292' aria-hidden='false' data-av_icon='\ue8f1' data-av_iconfont='entypo-fontello' title='' data-avia-related-tooltip='Compartir en Twitter' rel=\"noopener\"><span class='avia_hidden_link_text'>Compartir en Twitter<\/span><\/a><\/li><li class='av-share-link av-social-link-whatsapp' ><a target=\"_blank\" aria-label=\"Compartir en Whatsapp\" href='https:\/\/api.whatsapp.com\/send?text=https:\/\/radiorevelacionfm.cl\/?p=49292' aria-hidden='false' data-av_icon='\uf232' data-av_iconfont='entypo-fontello' title='' data-avia-related-tooltip='Compartir en Whatsapp' rel=\"noopener\"><span class='avia_hidden_link_text'>Compartir en Whatsapp<\/span><\/a><\/li><li class='av-share-link av-social-link-linkedin' ><a target=\"_blank\" aria-label=\"Compartir en LinkedIn\" href='https:\/\/linkedin.com\/shareArticle?mini=true&#038;title=Capturan%20a%20pr%C3%B3fugo%20de%20la%20justicia%20por%20delito%20de%20violaci%C3%B3n%20ocurrido%20el%20a%C3%B1o%202021%20en%20Coyhaique&#038;url=https:\/\/radiorevelacionfm.cl\/?p=49292' aria-hidden='false' data-av_icon='\ue8fc' data-av_iconfont='entypo-fontello' title='' data-avia-related-tooltip='Compartir en LinkedIn' rel=\"noopener\"><span class='avia_hidden_link_text'>Compartir en LinkedIn<\/span><\/a><\/li><li class='av-share-link av-social-link-mail' ><a  aria-label=\"Compartir por correo\" href='mailto:?subject=Capturan%20a%20pr%C3%B3fugo%20de%20la%20justicia%20por%20delito%20de%20violaci%C3%B3n%20ocurrido%20el%20a%C3%B1o%202021%20en%20Coyhaique&#038;body=https:\/\/radiorevelacionfm.cl\/?p=49292' aria-hidden='false' data-av_icon='\ue805' data-av_iconfont='entypo-fontello' title='' data-avia-related-tooltip='Compartir por correo'><span class='avia_hidden_link_text'>Compartir por correo<\/span><\/a><\/li><\/ul><\/div><\/div>\n<div  style='height:50px' class='hr hr-invisible   avia-builder-el-8  el_after_av_social_share  el_before_av_comments_list '><span class='hr-inner ' ><span class='hr-inner-style'><\/span><\/span><\/div>\n<div  class='av-buildercomment  av-blog-meta-html-info-disabled av-blog-meta-tag-disabled  '><\/div>\n","protected":false},"excerpt":{"rendered":"","protected":false},"author":1,"featured_media":5289,"comment_status":"open","ping_status":"open","sticky":false,"template":"","format":"standard","meta":{"footnotes":""},"categories":[36],"tags":[],"class_list":["post-49292","post","type-post","status-publish","format-standard","has-post-thumbnail","hentry","category-policial"],"jetpack_featured_media_url":"https:\/\/radiorevelacionfm.cl\/wp-content\/uploads\/2021\/06\/pdi-archivo-1-1.jpg","_links":{"self":[{"href":"https:\/\/radiorevelacionfm.cl\/index.php?rest_route=\/wp\/v2\/posts\/49292","targetHints":{"allow":["GET"]}}],"collection":[{"href":"https:\/\/radiorevelacionfm.cl\/index.php?rest_route=\/wp\/v2\/posts"}],"about":[{"href":"https:\/\/radiorevelacionfm.cl\/index.php?rest_route=\/wp\/v2\/types\/post"}],"author":[{"embeddable":true,"href":"https:\/\/radiorevelacionfm.cl\/index.php?rest_route=\/wp\/v2\/users\/1"}],"replies":[{"embeddable":true,"href":"https:\/\/radiorevelacionfm.cl\/index.php?rest_route=%2Fwp%2Fv2%2Fcomments&post=49292"}],"version-history":[{"count":1,"href":"https:\/\/radiorevelacionfm.cl\/index.php?rest_route=\/wp\/v2\/posts\/49292\/revisions"}],"predecessor-version":[{"id":49293,"href":"https:\/\/radiorevelacionfm.cl\/index.php?rest_route=\/wp\/v2\/posts\/49292\/revisions\/49293"}],"wp:featuredmedia":[{"embeddable":true,"href":"https:\/\/radiorevelacionfm.cl\/index.php?rest_route=\/wp\/v2\/media\/5289"}],"wp:attachment":[{"href":"https:\/\/radiorevelacionfm.cl\/index.php?rest_route=%2Fwp%2Fv2%2Fmedia&parent=49292"}],"wp:term":[{"taxonomy":"category","embeddable":true,"href":"https:\/\/radiorevelacionfm.cl\/index.php?rest_route=%2Fwp%2Fv2%2Fcategories&post=49292"},{"taxonomy":"post_tag","embeddable":true,"href":"https:\/\/radiorevelacionfm.cl\/index.php?rest_route=%2Fwp%2Fv2%2Ftags&post=49292"}],"curies":[{"name":"wp","href":"https:\/\/api.w.org\/{rel}","templated":true}]}}