{"id":49289,"date":"2024-12-31T14:53:20","date_gmt":"2024-12-31T17:53:20","guid":{"rendered":"https:\/\/radiorevelacionfm.cl\/?p=49289"},"modified":"2024-12-31T14:53:20","modified_gmt":"2024-12-31T17:53:20","slug":"presentan-resultados-de-la-consulta-ciudadana-sobre-huso-horario-en-aysen-944-de-los-votantes-se-manifesto-a-favor-de-mantener-el-horario-de-verano-en-forma-permanente","status":"publish","type":"post","link":"https:\/\/radiorevelacionfm.cl\/?p=49289","title":{"rendered":"Presentan resultados de la Consulta Ciudadana sobre Huso Horario en Ays\u00e9n: 94,4% de los votantes se manifest\u00f3 a favor de mantener el horario de verano en forma permanente"},"content":{"rendered":"<div class=\"flex_column av_one_full  flex_column_div av-zero-column-padding first  avia-builder-el-0  el_before_av_one_full  avia-builder-el-first  \" style='border-radius:0px; '><div  class='avia-image-container  av-styling-    avia-builder-el-1  avia-builder-el-no-sibling  avia-align-center '  itemprop=\"image\" itemscope=\"itemscope\" itemtype=\"https:\/\/schema.org\/ImageObject\"  ><div class='avia-image-container-inner'><div class='avia-image-overlay-wrap'><img decoding=\"async\" class='wp-image-49290 avia-img-lazy-loading-not-49290 avia_image' src=\"https:\/\/radiorevelacionfm.cl\/wp-content\/uploads\/2024\/12\/img_2651-1_optimized.jpg\" alt='' title='img_2651-(1)_optimized' height=\"600\" width=\"965\"  itemprop=\"thumbnailUrl\" srcset=\"https:\/\/radiorevelacionfm.cl\/wp-content\/uploads\/2024\/12\/img_2651-1_optimized.jpg 965w, https:\/\/radiorevelacionfm.cl\/wp-content\/uploads\/2024\/12\/img_2651-1_optimized-300x187.jpg 300w, https:\/\/radiorevelacionfm.cl\/wp-content\/uploads\/2024\/12\/img_2651-1_optimized-768x478.jpg 768w, https:\/\/radiorevelacionfm.cl\/wp-content\/uploads\/2024\/12\/img_2651-1_optimized-705x438.jpg 705w, https:\/\/radiorevelacionfm.cl\/wp-content\/uploads\/2024\/12\/img_2651-1_optimized-450x280.jpg 450w, https:\/\/radiorevelacionfm.cl\/wp-content\/uploads\/2024\/12\/img_2651-1_optimized-600x373.jpg 600w\" sizes=\"(max-width: 965px) 100vw, 965px\" \/><\/div><\/div><\/div><\/div><div class=\"flex_column av_one_full  flex_column_div av-zero-column-padding first  avia-builder-el-2  el_after_av_one_full  el_before_av_one_full  column-top-margin\" style='border-radius:0px; '><section class=\"av_textblock_section \"  itemscope=\"itemscope\" itemtype=\"https:\/\/schema.org\/BlogPosting\" itemprop=\"blogPost\" ><div class='avia_textblock  '   itemprop=\"text\" ><p style=\"text-align: center;\"><strong><span style=\"font-size: 18pt;\">Presentan resultados de la Consulta Ciudadana sobre Huso Horario en Ays\u00e9n: 94,4% de los votantes se manifest\u00f3 a favor de mantener el horario de verano en forma permanente<\/span><\/strong><\/p>\n<div id=\"gtx-trans\" style=\"position: absolute; left: -50px; top: 4.31534px;\">\n<div class=\"gtx-trans-icon\"><\/div>\n<\/div>\n<\/div><\/section><\/div><div class=\"flex_column av_one_full  flex_column_div av-zero-column-padding first  avia-builder-el-4  el_after_av_one_full  el_before_av_hr  column-top-margin\" style='border-radius:0px; '><section class=\"av_textblock_section \"  itemscope=\"itemscope\" itemtype=\"https:\/\/schema.org\/BlogPosting\" itemprop=\"blogPost\" ><div class='avia_textblock  '   itemprop=\"text\" ><p style=\"font-weight: 400; text-align: justify;\">Los resultados de la Consulta Ciudadana Virtual sobre Huso Horario en la Regi\u00f3n de Ays\u00e9n, presentaron el Delegado Presidencial Regional, Jorge D\u00edaz Guzm\u00e1n, acompa\u00f1ado por los seremis de Gobierno, \u00darsula Mix, y de Energ\u00eda, Tom\u00e1s Laibe.<\/p>\n<p style=\"font-weight: 400; text-align: justify;\">El objetivo fue conocer la opini\u00f3n de las y los habitantes sobre cambiar o mantener de huso horario de verano en la regi\u00f3n, mediante una metodolog\u00eda parte de los mecanismos de participaci\u00f3n ciudadana en la gesti\u00f3n p\u00fablica, que reconoce la ley 20.500, donde las personas interesadas tienen la oportunidad de opinar en el proceso de toma de decisiones de los asuntos p\u00fablicos.<\/p>\n<p style=\"font-weight: 400; text-align: justify;\">El an\u00e1lisis fue desarrollado por la Unidad de G\u00e9nero y Participaci\u00f3n Ciudadana de la Subsecretar\u00eda del Interior, con apoyo del Servicio Electoral (Servel), en la verificaci\u00f3n de datos, y entregado a la Ministra del Interior y Seguridad P\u00fablica, Carolina Toh\u00e1, para la definici\u00f3n correspondiente en virtud de todos los antecedentes.<\/p>\n<p style=\"font-weight: 400; text-align: justify;\">La Consulta estuvo compuesta por seis preguntas: \u00bfUsted vive en la actualidad en la Regi\u00f3n de Ays\u00e9n?; Si la respuesta anterior es S\u00ed, favor indique su comuna; Indique su Run, sin puntos y con d\u00edgito verificador; \u00bfCu\u00e1l es su g\u00e9nero? (Femenino, Masculino, No binario, Prefiero no responder); Favor indique su rango etario. (Entre 18 y 24 a\u00f1os, Entre 25 y 34 a\u00f1os, Entre 35 y 44 a\u00f1os, Entre 45 y 54 a\u00f1os, Entre 55 y 64 a\u00f1os, 65 a\u00f1os o m\u00e1s; \u00bfEst\u00e1 de acuerdo con mantener el horario de verano (UCT-3) de manera permanente en la Regi\u00f3n de Ays\u00e9n?<\/p>\n<p style=\"font-weight: 400; text-align: justify;\">A la Consulta ingresaron 16.646 personas, de las cuales 13.094 personas respondieron todas las preguntas y presentaron RUN v\u00e1lidos y con domicilio electoral en la regi\u00f3n, seg\u00fan informaci\u00f3n proporcionada por SERVEL.<\/p>\n<p style=\"font-weight: 400; text-align: justify;\">\u201cEn relaci\u00f3n a la pregunta \u00bfEst\u00e1 de acuerdo con mantener el horario de verano de manera permanente en la Regi\u00f3n de Ays\u00e9n?, del total de 13.094 respuestas, el 94,4% del total, correspondiente a 12.367 participantes, est\u00e1n de acuerdo con mantener de manera permanente el horario de verano en dicha regi\u00f3n, mientras que el 5,2% equivalente a 680 personas no est\u00e1 de acuerdo y prefiere mantener el horario que tiene el resto del pa\u00eds y el 0,4% prefiere no responder, equivalente a 47 respuestas\u201d, detall\u00f3 el Delegado Jorge D\u00edaz Guzm\u00e1n al valorar la participaci\u00f3n ciudadana.<\/p>\n<p style=\"font-weight: 400; text-align: justify;\">Sobre la respuesta Comuna\/G\u00e9nero, hubo mayor participaci\u00f3n en Coyhaique con 8.404 personas, donde la mayor\u00eda corresponde al g\u00e9nero femenino con 5.019 respuestas, correspondiente al 38% del total general. La comuna que tuvo menor participaci\u00f3n fue Guaitecas, con 43 respuestas.<\/p>\n<p style=\"font-weight: 400; text-align: justify;\">Sobre el Rango Etario\/G\u00e9nero, hubo mayor participaci\u00f3n en el tramo de 35 y 44 a\u00f1os, sumando 3.836 respuestas. El rango etario que present\u00f3 menos participaci\u00f3n, corresponde al de 65 a\u00f1os y m\u00e1s con 863 respuestas.<\/p>\n<p style=\"font-weight: 400; text-align: justify;\">\u201cHacer este tipo de procesos participativos hace que la pol\u00edtica p\u00fablica sea m\u00e1s pertinente, adecuada, m\u00e1s conocida y validada por la comunidad\u201d, se\u00f1al\u00f3 la seremi \u00darsula Mix.<\/p>\n<p style=\"font-weight: 400; text-align: justify;\">El Seremi Tom\u00e1s Laibe celebr\u00f3 \u201clos resultados de la consulta, porque este es un proceso que el Gobierno ha decidido abrir a la ciudadan\u00eda. Se gener\u00f3 un mecanismo participativo, acompa\u00f1ado de un proceso amplio de di\u00e1logo, conversaci\u00f3n y debate\u201d.<\/p>\n<p style=\"font-weight: 400; text-align: justify;\">La Delegaci\u00f3n Presidencial Regional y delegaciones provinciales, realizaron difusi\u00f3n a nivel territorial antes y durante la consulta, que estuvo abierta entre el 18 y el 30 de noviembre.<\/p>\n<p style=\"font-weight: 400; text-align: justify;\">Los antecedentes est\u00e1n disponibles en la p\u00e1gina web de la Delegaci\u00f3n Presidencial Regional de Ays\u00e9n.<\/p>\n<\/div><\/section><\/div><div  style='height:50px' class='hr hr-invisible   avia-builder-el-6  el_after_av_one_full  el_before_av_social_share '><span class='hr-inner ' ><span class='hr-inner-style'><\/span><\/span><\/div><\/p>\n<div  class='av-social-sharing-box  avia-builder-el-7  el_after_av_hr  el_before_av_hr  '><div class='av-share-box'><h5 class='av-share-link-description av-no-toc '>Compartir esta noticia<\/h5><ul class='av-share-box-list noLightbox'><li class='av-share-link av-social-link-facebook' ><a target=\"_blank\" aria-label=\"Compartir en Facebook\" href='https:\/\/www.facebook.com\/sharer.php?u=https:\/\/radiorevelacionfm.cl\/?p=49289&#038;t=Presentan%20resultados%20de%20la%20Consulta%20Ciudadana%20sobre%20Huso%20Horario%20en%20Ays%C3%A9n%3A%2094%2C4%25%20de%20los%20votantes%20se%20manifest%C3%B3%20a%20favor%20de%20mantener%20el%20horario%20de%20verano%20en%20forma%20permanente' aria-hidden='false' data-av_icon='\ue8f3' data-av_iconfont='entypo-fontello' title='' data-avia-related-tooltip='Compartir en Facebook' rel=\"noopener\"><span class='avia_hidden_link_text'>Compartir en Facebook<\/span><\/a><\/li><li class='av-share-link av-social-link-twitter' ><a target=\"_blank\" aria-label=\"Compartir en Twitter\" href='https:\/\/twitter.com\/share?text=Presentan%20resultados%20de%20la%20Consulta%20Ciudadana%20sobre%20Huso%20Horario%20en%20Ays%C3%A9n%3A%2094%2C4%25%20de%20los%20votantes%20se%20manifest%C3%B3%20a%20favor%20de%20mantener%20el%20horario%20de%20verano%20en%20forma%20permanente&#038;url=https:\/\/radiorevelacionfm.cl\/?p=49289' aria-hidden='false' data-av_icon='\ue8f1' data-av_iconfont='entypo-fontello' title='' data-avia-related-tooltip='Compartir en Twitter' rel=\"noopener\"><span class='avia_hidden_link_text'>Compartir en Twitter<\/span><\/a><\/li><li class='av-share-link av-social-link-whatsapp' ><a target=\"_blank\" aria-label=\"Compartir en Whatsapp\" href='https:\/\/api.whatsapp.com\/send?text=https:\/\/radiorevelacionfm.cl\/?p=49289' aria-hidden='false' data-av_icon='\uf232' data-av_iconfont='entypo-fontello' title='' data-avia-related-tooltip='Compartir en Whatsapp' rel=\"noopener\"><span class='avia_hidden_link_text'>Compartir en Whatsapp<\/span><\/a><\/li><li class='av-share-link av-social-link-linkedin' ><a target=\"_blank\" aria-label=\"Compartir en LinkedIn\" href='https:\/\/linkedin.com\/shareArticle?mini=true&#038;title=Presentan%20resultados%20de%20la%20Consulta%20Ciudadana%20sobre%20Huso%20Horario%20en%20Ays%C3%A9n%3A%2094%2C4%25%20de%20los%20votantes%20se%20manifest%C3%B3%20a%20favor%20de%20mantener%20el%20horario%20de%20verano%20en%20forma%20permanente&#038;url=https:\/\/radiorevelacionfm.cl\/?p=49289' aria-hidden='false' data-av_icon='\ue8fc' data-av_iconfont='entypo-fontello' title='' data-avia-related-tooltip='Compartir en LinkedIn' rel=\"noopener\"><span class='avia_hidden_link_text'>Compartir en LinkedIn<\/span><\/a><\/li><li class='av-share-link av-social-link-mail' ><a  aria-label=\"Compartir por correo\" href='mailto:?subject=Presentan%20resultados%20de%20la%20Consulta%20Ciudadana%20sobre%20Huso%20Horario%20en%20Ays%C3%A9n%3A%2094%2C4%25%20de%20los%20votantes%20se%20manifest%C3%B3%20a%20favor%20de%20mantener%20el%20horario%20de%20verano%20en%20forma%20permanente&#038;body=https:\/\/radiorevelacionfm.cl\/?p=49289' aria-hidden='false' data-av_icon='\ue805' data-av_iconfont='entypo-fontello' title='' data-avia-related-tooltip='Compartir por correo'><span class='avia_hidden_link_text'>Compartir por correo<\/span><\/a><\/li><\/ul><\/div><\/div>\n<div  style='height:50px' class='hr hr-invisible   avia-builder-el-8  el_after_av_social_share  el_before_av_comments_list '><span class='hr-inner ' ><span class='hr-inner-style'><\/span><\/span><\/div>\n<div  class='av-buildercomment  av-blog-meta-html-info-disabled av-blog-meta-tag-disabled  '><\/div>\n","protected":false},"excerpt":{"rendered":"","protected":false},"author":1,"featured_media":49290,"comment_status":"open","ping_status":"open","sticky":false,"template":"","format":"standard","meta":{"footnotes":""},"categories":[38],"tags":[],"class_list":["post-49289","post","type-post","status-publish","format-standard","has-post-thumbnail","hentry","category-regional"],"jetpack_featured_media_url":"https:\/\/radiorevelacionfm.cl\/wp-content\/uploads\/2024\/12\/img_2651-1_optimized.jpg","_links":{"self":[{"href":"https:\/\/radiorevelacionfm.cl\/index.php?rest_route=\/wp\/v2\/posts\/49289","targetHints":{"allow":["GET"]}}],"collection":[{"href":"https:\/\/radiorevelacionfm.cl\/index.php?rest_route=\/wp\/v2\/posts"}],"about":[{"href":"https:\/\/radiorevelacionfm.cl\/index.php?rest_route=\/wp\/v2\/types\/post"}],"author":[{"embeddable":true,"href":"https:\/\/radiorevelacionfm.cl\/index.php?rest_route=\/wp\/v2\/users\/1"}],"replies":[{"embeddable":true,"href":"https:\/\/radiorevelacionfm.cl\/index.php?rest_route=%2Fwp%2Fv2%2Fcomments&post=49289"}],"version-history":[{"count":1,"href":"https:\/\/radiorevelacionfm.cl\/index.php?rest_route=\/wp\/v2\/posts\/49289\/revisions"}],"predecessor-version":[{"id":49291,"href":"https:\/\/radiorevelacionfm.cl\/index.php?rest_route=\/wp\/v2\/posts\/49289\/revisions\/49291"}],"wp:featuredmedia":[{"embeddable":true,"href":"https:\/\/radiorevelacionfm.cl\/index.php?rest_route=\/wp\/v2\/media\/49290"}],"wp:attachment":[{"href":"https:\/\/radiorevelacionfm.cl\/index.php?rest_route=%2Fwp%2Fv2%2Fmedia&parent=49289"}],"wp:term":[{"taxonomy":"category","embeddable":true,"href":"https:\/\/radiorevelacionfm.cl\/index.php?rest_route=%2Fwp%2Fv2%2Fcategories&post=49289"},{"taxonomy":"post_tag","embeddable":true,"href":"https:\/\/radiorevelacionfm.cl\/index.php?rest_route=%2Fwp%2Fv2%2Ftags&post=49289"}],"curies":[{"name":"wp","href":"https:\/\/api.w.org\/{rel}","templated":true}]}}