{"id":49286,"date":"2024-12-31T10:32:52","date_gmt":"2024-12-31T13:32:52","guid":{"rendered":"https:\/\/radiorevelacionfm.cl\/?p=49286"},"modified":"2024-12-31T10:32:52","modified_gmt":"2024-12-31T13:32:52","slug":"presentan-nueva-denuncia-por-maltrato-animal-esta-vez-por-un-delfin-chileno-varado-en-puyuhuapi","status":"publish","type":"post","link":"https:\/\/radiorevelacionfm.cl\/?p=49286","title":{"rendered":"Presentan nueva denuncia por maltrato animal, esta vez por un delf\u00edn chileno varado en Puyuhuapi"},"content":{"rendered":"<div class=\"flex_column av_one_full  flex_column_div av-zero-column-padding first  avia-builder-el-0  el_before_av_one_full  avia-builder-el-first  \" style='border-radius:0px; '><div  class='avia-image-container  av-styling-    avia-builder-el-1  avia-builder-el-no-sibling  avia-align-center '  itemprop=\"image\" itemscope=\"itemscope\" itemtype=\"https:\/\/schema.org\/ImageObject\"  ><div class='avia-image-container-inner'><div class='avia-image-overlay-wrap'><img decoding=\"async\" class='wp-image-49287 avia-img-lazy-loading-not-49287 avia_image' src=\"https:\/\/radiorevelacionfm.cl\/wp-content\/uploads\/2024\/12\/34-2-1_optimized.jpg\" alt='' title='34-(2)-(1)_optimized' height=\"600\" width=\"800\"  itemprop=\"thumbnailUrl\" srcset=\"https:\/\/radiorevelacionfm.cl\/wp-content\/uploads\/2024\/12\/34-2-1_optimized.jpg 800w, https:\/\/radiorevelacionfm.cl\/wp-content\/uploads\/2024\/12\/34-2-1_optimized-300x225.jpg 300w, https:\/\/radiorevelacionfm.cl\/wp-content\/uploads\/2024\/12\/34-2-1_optimized-768x576.jpg 768w, https:\/\/radiorevelacionfm.cl\/wp-content\/uploads\/2024\/12\/34-2-1_optimized-705x529.jpg 705w, https:\/\/radiorevelacionfm.cl\/wp-content\/uploads\/2024\/12\/34-2-1_optimized-450x338.jpg 450w, https:\/\/radiorevelacionfm.cl\/wp-content\/uploads\/2024\/12\/34-2-1_optimized-600x450.jpg 600w\" sizes=\"(max-width: 800px) 100vw, 800px\" \/><\/div><\/div><\/div><\/div><div class=\"flex_column av_one_full  flex_column_div av-zero-column-padding first  avia-builder-el-2  el_after_av_one_full  el_before_av_one_full  column-top-margin\" style='border-radius:0px; '><section class=\"av_textblock_section \"  itemscope=\"itemscope\" itemtype=\"https:\/\/schema.org\/BlogPosting\" itemprop=\"blogPost\" ><div class='avia_textblock  '   itemprop=\"text\" ><p style=\"text-align: center;\"><strong><span style=\"font-size: 18pt;\">Presentan nueva denuncia por maltrato animal, esta vez por un delf\u00edn chileno varado en Puyuhuapi<\/span><\/strong><\/p>\n<div id=\"gtx-trans\" style=\"position: absolute; left: -50px; top: 4.31534px;\">\n<div class=\"gtx-trans-icon\"><\/div>\n<\/div>\n<\/div><\/section><\/div><div class=\"flex_column av_one_full  flex_column_div av-zero-column-padding first  avia-builder-el-4  el_after_av_one_full  el_before_av_hr  column-top-margin\" style='border-radius:0px; '><section class=\"av_textblock_section \"  itemscope=\"itemscope\" itemtype=\"https:\/\/schema.org\/BlogPosting\" itemprop=\"blogPost\" ><div class='avia_textblock  '   itemprop=\"text\" ><p style=\"font-weight: 400; text-align: justify;\">Con el objetivo de que la Fiscal\u00eda regional de Ays\u00e9n investigue los hechos que dieron muerte a un delf\u00edn chileno (<em>Cephalorhynchus eutropia<\/em>), especie que corresponde un tipo de cet\u00e1ceo, el Servicio Nacional de Pesca y Acuicultura present\u00f3 una denuncia contra todas las personas que resulten responsables.<\/p>\n<p style=\"font-weight: 400; text-align: justify;\">Tras una denuncia ciudadana por un delf\u00edn chileno que habr\u00eda varado muerto, un equipo de profesionales de Sernapesca se traslad\u00f3 hasta Puerto Puyuhuapi para verificar los hechos. Al llegar al lugar corroboraron que se trataba de un ejemplar macho adulto que presentaba lesiones\u00a0cortantes en la zona de la cabeza, hemorragia a nivel ocular, y varias lesiones m\u00e1s peque\u00f1as en distintas zonas del cuerpo.<\/p>\n<p style=\"font-weight: 400; text-align: justify;\">Los m\u00e9dicos veterinarios de Sernapesca que inspeccionaron al animal, descartaron que los cortes hayan sido provocados por alg\u00fan depredador, motivo por el cual la direcci\u00f3n regional del organismo p\u00fablico present\u00f3 la denuncia por maltrato animal (Art\u00edculo 291 bis del C\u00f3digo Penal) con resultado de muerte a un cet\u00e1ceo (Art\u00edculo 135 bis de la Ley General de Pesca y Acuicultura (LGPA)).<\/p>\n<p style=\"font-weight: 400; text-align: justify;\">Daniela Leiva, directora regional de Sernapesca Ays\u00e9n record\u00f3 cual es el rol del servicio ante estas situaciones: \u201cSernapesca es la instituci\u00f3n llamada a cuidar la fauna marina protegida, es por esto que le solicitamos al Ministerio Publico esclarecer los hechos que dieron muerte a este ejemplar. La necropsia se llevar\u00e1 a cabo el viernes 03 de enero, y una vez que tengamos en nuestras manos los resultados, enviaremos esos nuevos antecedentes a la Fiscal\u00eda para que la investigaci\u00f3n siga su curso y podamos dar con los responsables de estos actos de violencia\u201d.<\/p>\n<p style=\"font-weight: 400; text-align: justify;\">Los responsables de actos de maltrato o crueldad animal se exponen a una pena de presidio menor en su grado m\u00ednimo a medio. No obstante, dar muerte a un cet\u00e1ceo, conforme a lo dispuesto en la Ley General de Protecci\u00f3n Animal (LGPA), agrava la sanci\u00f3n, aplic\u00e1ndose la pena de presidio mayor en su grado m\u00ednimo.<\/p>\n<\/div><\/section><\/div><div  style='height:50px' class='hr hr-invisible   avia-builder-el-6  el_after_av_one_full  el_before_av_social_share '><span class='hr-inner ' ><span class='hr-inner-style'><\/span><\/span><\/div><\/p>\n<div  class='av-social-sharing-box  avia-builder-el-7  el_after_av_hr  el_before_av_hr  '><div class='av-share-box'><h5 class='av-share-link-description av-no-toc '>Compartir esta noticia<\/h5><ul class='av-share-box-list noLightbox'><li class='av-share-link av-social-link-facebook' ><a target=\"_blank\" aria-label=\"Compartir en Facebook\" href='https:\/\/www.facebook.com\/sharer.php?u=https:\/\/radiorevelacionfm.cl\/?p=49286&#038;t=Presentan%20nueva%20denuncia%20por%20maltrato%20animal%2C%20esta%20vez%20por%20un%20delf%C3%ADn%20chileno%20varado%20en%20Puyuhuapi' aria-hidden='false' data-av_icon='\ue8f3' data-av_iconfont='entypo-fontello' title='' data-avia-related-tooltip='Compartir en Facebook' rel=\"noopener\"><span class='avia_hidden_link_text'>Compartir en Facebook<\/span><\/a><\/li><li class='av-share-link av-social-link-twitter' ><a target=\"_blank\" aria-label=\"Compartir en Twitter\" href='https:\/\/twitter.com\/share?text=Presentan%20nueva%20denuncia%20por%20maltrato%20animal%2C%20esta%20vez%20por%20un%20delf%C3%ADn%20chileno%20varado%20en%20Puyuhuapi&#038;url=https:\/\/radiorevelacionfm.cl\/?p=49286' aria-hidden='false' data-av_icon='\ue8f1' data-av_iconfont='entypo-fontello' title='' data-avia-related-tooltip='Compartir en Twitter' rel=\"noopener\"><span class='avia_hidden_link_text'>Compartir en Twitter<\/span><\/a><\/li><li class='av-share-link av-social-link-whatsapp' ><a target=\"_blank\" aria-label=\"Compartir en Whatsapp\" href='https:\/\/api.whatsapp.com\/send?text=https:\/\/radiorevelacionfm.cl\/?p=49286' aria-hidden='false' data-av_icon='\uf232' data-av_iconfont='entypo-fontello' title='' data-avia-related-tooltip='Compartir en Whatsapp' rel=\"noopener\"><span class='avia_hidden_link_text'>Compartir en Whatsapp<\/span><\/a><\/li><li class='av-share-link av-social-link-linkedin' ><a target=\"_blank\" aria-label=\"Compartir en LinkedIn\" href='https:\/\/linkedin.com\/shareArticle?mini=true&#038;title=Presentan%20nueva%20denuncia%20por%20maltrato%20animal%2C%20esta%20vez%20por%20un%20delf%C3%ADn%20chileno%20varado%20en%20Puyuhuapi&#038;url=https:\/\/radiorevelacionfm.cl\/?p=49286' aria-hidden='false' data-av_icon='\ue8fc' data-av_iconfont='entypo-fontello' title='' data-avia-related-tooltip='Compartir en LinkedIn' rel=\"noopener\"><span class='avia_hidden_link_text'>Compartir en LinkedIn<\/span><\/a><\/li><li class='av-share-link av-social-link-mail' ><a  aria-label=\"Compartir por correo\" href='mailto:?subject=Presentan%20nueva%20denuncia%20por%20maltrato%20animal%2C%20esta%20vez%20por%20un%20delf%C3%ADn%20chileno%20varado%20en%20Puyuhuapi&#038;body=https:\/\/radiorevelacionfm.cl\/?p=49286' aria-hidden='false' data-av_icon='\ue805' data-av_iconfont='entypo-fontello' title='' data-avia-related-tooltip='Compartir por correo'><span class='avia_hidden_link_text'>Compartir por correo<\/span><\/a><\/li><\/ul><\/div><\/div>\n<div  style='height:50px' class='hr hr-invisible   avia-builder-el-8  el_after_av_social_share  el_before_av_comments_list '><span class='hr-inner ' ><span class='hr-inner-style'><\/span><\/span><\/div>\n<div  class='av-buildercomment  av-blog-meta-html-info-disabled av-blog-meta-tag-disabled  '><\/div>\n","protected":false},"excerpt":{"rendered":"","protected":false},"author":1,"featured_media":49287,"comment_status":"open","ping_status":"open","sticky":false,"template":"","format":"standard","meta":{"footnotes":""},"categories":[38],"tags":[],"class_list":["post-49286","post","type-post","status-publish","format-standard","has-post-thumbnail","hentry","category-regional"],"jetpack_featured_media_url":"https:\/\/radiorevelacionfm.cl\/wp-content\/uploads\/2024\/12\/34-2-1_optimized.jpg","_links":{"self":[{"href":"https:\/\/radiorevelacionfm.cl\/index.php?rest_route=\/wp\/v2\/posts\/49286","targetHints":{"allow":["GET"]}}],"collection":[{"href":"https:\/\/radiorevelacionfm.cl\/index.php?rest_route=\/wp\/v2\/posts"}],"about":[{"href":"https:\/\/radiorevelacionfm.cl\/index.php?rest_route=\/wp\/v2\/types\/post"}],"author":[{"embeddable":true,"href":"https:\/\/radiorevelacionfm.cl\/index.php?rest_route=\/wp\/v2\/users\/1"}],"replies":[{"embeddable":true,"href":"https:\/\/radiorevelacionfm.cl\/index.php?rest_route=%2Fwp%2Fv2%2Fcomments&post=49286"}],"version-history":[{"count":1,"href":"https:\/\/radiorevelacionfm.cl\/index.php?rest_route=\/wp\/v2\/posts\/49286\/revisions"}],"predecessor-version":[{"id":49288,"href":"https:\/\/radiorevelacionfm.cl\/index.php?rest_route=\/wp\/v2\/posts\/49286\/revisions\/49288"}],"wp:featuredmedia":[{"embeddable":true,"href":"https:\/\/radiorevelacionfm.cl\/index.php?rest_route=\/wp\/v2\/media\/49287"}],"wp:attachment":[{"href":"https:\/\/radiorevelacionfm.cl\/index.php?rest_route=%2Fwp%2Fv2%2Fmedia&parent=49286"}],"wp:term":[{"taxonomy":"category","embeddable":true,"href":"https:\/\/radiorevelacionfm.cl\/index.php?rest_route=%2Fwp%2Fv2%2Fcategories&post=49286"},{"taxonomy":"post_tag","embeddable":true,"href":"https:\/\/radiorevelacionfm.cl\/index.php?rest_route=%2Fwp%2Fv2%2Ftags&post=49286"}],"curies":[{"name":"wp","href":"https:\/\/api.w.org\/{rel}","templated":true}]}}