{"id":49280,"date":"2024-12-31T10:17:50","date_gmt":"2024-12-31T13:17:50","guid":{"rendered":"https:\/\/radiorevelacionfm.cl\/?p=49280"},"modified":"2024-12-31T10:17:50","modified_gmt":"2024-12-31T13:17:50","slug":"mas-de-80-mujeres-egresadas-en-aysen-escuela-mujer-emprende-culmina-su-ciclo-2024-con-un-gran-impacto-transformador","status":"publish","type":"post","link":"https:\/\/radiorevelacionfm.cl\/?p=49280","title":{"rendered":"M\u00e1s de 80 mujeres egresadas en Ays\u00e9n: Escuela Mujer Emprende culmina su ciclo 2024 con un gran impacto transformador"},"content":{"rendered":"<div class=\"flex_column av_one_full  flex_column_div av-zero-column-padding first  avia-builder-el-0  el_before_av_one_full  avia-builder-el-first  \" style='border-radius:0px; '><div  class='avia-image-container  av-styling-    avia-builder-el-1  avia-builder-el-no-sibling  avia-align-center '  itemprop=\"image\" itemscope=\"itemscope\" itemtype=\"https:\/\/schema.org\/ImageObject\"  ><div class='avia-image-container-inner'><div class='avia-image-overlay-wrap'><img decoding=\"async\" class='wp-image-49281 avia-img-lazy-loading-not-49281 avia_image' src=\"https:\/\/radiorevelacionfm.cl\/wp-content\/uploads\/2024\/12\/dsc04401-1_optimized.jpg\" alt='' title='dsc04401-(1)_optimized' height=\"600\" width=\"900\"  itemprop=\"thumbnailUrl\" srcset=\"https:\/\/radiorevelacionfm.cl\/wp-content\/uploads\/2024\/12\/dsc04401-1_optimized.jpg 900w, https:\/\/radiorevelacionfm.cl\/wp-content\/uploads\/2024\/12\/dsc04401-1_optimized-300x200.jpg 300w, https:\/\/radiorevelacionfm.cl\/wp-content\/uploads\/2024\/12\/dsc04401-1_optimized-768x512.jpg 768w, https:\/\/radiorevelacionfm.cl\/wp-content\/uploads\/2024\/12\/dsc04401-1_optimized-705x470.jpg 705w, https:\/\/radiorevelacionfm.cl\/wp-content\/uploads\/2024\/12\/dsc04401-1_optimized-450x300.jpg 450w, https:\/\/radiorevelacionfm.cl\/wp-content\/uploads\/2024\/12\/dsc04401-1_optimized-600x400.jpg 600w\" sizes=\"(max-width: 900px) 100vw, 900px\" \/><\/div><\/div><\/div><\/div><div class=\"flex_column av_one_full  flex_column_div av-zero-column-padding first  avia-builder-el-2  el_after_av_one_full  el_before_av_one_full  column-top-margin\" style='border-radius:0px; '><section class=\"av_textblock_section \"  itemscope=\"itemscope\" itemtype=\"https:\/\/schema.org\/BlogPosting\" itemprop=\"blogPost\" ><div class='avia_textblock  '   itemprop=\"text\" ><p style=\"text-align: center;\"><strong><span style=\"font-size: 18pt;\">M\u00e1s de 80 mujeres egresadas en Ays\u00e9n: Escuela Mujer Emprende culmina su ciclo 2024 con un gran impacto transformador <\/span><\/strong><\/p>\n<div id=\"gtx-trans\" style=\"position: absolute; left: -50px; top: 4.31534px;\">\n<div class=\"gtx-trans-icon\"><\/div>\n<\/div>\n<\/div><\/section><\/div><div class=\"flex_column av_one_full  flex_column_div av-zero-column-padding first  avia-builder-el-4  el_after_av_one_full  el_before_av_hr  column-top-margin\" style='border-radius:0px; '><section class=\"av_textblock_section \"  itemscope=\"itemscope\" itemtype=\"https:\/\/schema.org\/BlogPosting\" itemprop=\"blogPost\" ><div class='avia_textblock  '   itemprop=\"text\" ><p dir=\"ltr\" style=\"text-align: justify;\">El programa, liderado por el Servicio Nacional de la Mujer y la Equidad de G\u00e9nero (SernamEG) en colaboraci\u00f3n con la Universidad T\u00e9cnica Federico Santa Mar\u00eda (USM), se desarroll\u00f3 en ocho regiones; Atacama, Valpara\u00edso, Metropolitana, Araucan\u00eda, Los Lagos, O&#8217;Higgins, Ays\u00e9n y Magallanes, con el objetivo de fortalecer las competencias personales y empresariales de las participantes, promoviendo su autonom\u00eda econ\u00f3mica y cont\u00f3 con m\u00e1s de 1000 mujeres egresada.<\/p>\n<p dir=\"ltr\" style=\"text-align: justify;\">El modelo educativo se estructur\u00f3 en dos etapas. En la primera, denominada \u00abPlan com\u00fan\u00bb, las emprendedoras accedieron a m\u00f3dulos virtuales sobre g\u00e9nero y emprendimiento, fortalecimiento de actitudes ante crisis, herramientas para postulaci\u00f3n a financiamiento y atenci\u00f3n al cliente. Estas sesiones se complementaron con talleres h\u00edbridos, en formato presencial y transmitidos v\u00eda telem\u00e1tica, una metodolog\u00eda que busc\u00f3 incluir a mujeres con responsabilidades laborales y de cuidado, o que resid\u00edan en zonas alejadas de las capitales regionales.<\/p>\n<p dir=\"ltr\" style=\"text-align: justify;\">La segunda etapa, denominada \u00abPlan diferenciado\u00bb, dividi\u00f3 a las participantes en tres segmentos seg\u00fan el estado de sus negocios. Cada segmento abord\u00f3 contenidos espec\u00edficos como educaci\u00f3n financiera, marketing, escalabilidad del emprendimiento y formalizaci\u00f3n, consolidando sus habilidades y conocimientos para aprovechar de mejor forma las oportunidades del mercado.<\/p>\n<p dir=\"ltr\" style=\"text-align: justify;\">El impacto del programa fue destacado no solo por el n\u00famero de egresadas, sino tambi\u00e9n por sus resultados concretos. En promedio un 73,13% de las emprendedoras\u00a0 a nivel regional report\u00f3 un incremento significativo en sus ingresos, llegando en algunos casos a triplicar sus ventas iniciales. Adem\u00e1s, sectores como alimentos gourmet, textiler\u00eda y artesan\u00eda vieron un crecimiento notable en la representaci\u00f3n de estas emprendedoras, quienes tambi\u00e9n fortalecieron redes de apoyo y asociatividad.<\/p>\n<p dir=\"ltr\" style=\"text-align: justify;\">Un total de 80 emprendedoras de la Regi\u00f3n de Ays\u00e9n, mayores de 18 a\u00f1os y pertenecientes al 80% de la poblaci\u00f3n m\u00e1s vulnerable seg\u00fan el Registro Social de Hogares (quintiles I, II, III y IV de ingreso aut\u00f3nomo), participaron en esta iniciativa. Ellas cuentan con emprendimientos o actividades productivas con al menos un a\u00f1o de antig\u00fcedad, registrados formal o informalmente ante SernamEG regional, y dedican al menos 26 horas semanales a sus proyectos.<\/p>\n<p dir=\"ltr\" style=\"text-align: justify;\">\u201cEste programa no solo busc\u00f3 ofrecer formaci\u00f3n t\u00e9cnica y herramientas pr\u00e1cticas, sino tambi\u00e9n ser un espacio donde puedan crear redes de apoyo y colaboraci\u00f3n, porque el \u00e9xito de cada una de ustedes es tambi\u00e9n el \u00e9xito de todas. Me enorgullece haber visto a tantas mujeres valientes y decididas, dispuestas a seguir sus sue\u00f1os y construir un futuro mejor. Nos sentimos orgullosos de haber respaldado y aportado a llevar sus proyectos al siguiente nivel. Estamos felices de los resultados\u201d, destac\u00f3 Gonzalo Am\u00e9stica, Director de la Escuela Mujer Emprende y Docente del Departamento de Industrias de la USM.<\/p>\n<\/div><\/section><\/div><div  style='height:50px' class='hr hr-invisible   avia-builder-el-6  el_after_av_one_full  el_before_av_social_share '><span class='hr-inner ' ><span class='hr-inner-style'><\/span><\/span><\/div><\/p>\n<div  class='av-social-sharing-box  avia-builder-el-7  el_after_av_hr  el_before_av_hr  '><div class='av-share-box'><h5 class='av-share-link-description av-no-toc '>Compartir esta noticia<\/h5><ul class='av-share-box-list noLightbox'><li class='av-share-link av-social-link-facebook' ><a target=\"_blank\" aria-label=\"Compartir en Facebook\" href='https:\/\/www.facebook.com\/sharer.php?u=https:\/\/radiorevelacionfm.cl\/?p=49280&#038;t=M%C3%A1s%20de%2080%20mujeres%20egresadas%20en%20Ays%C3%A9n%3A%20Escuela%20Mujer%20Emprende%20culmina%20su%20ciclo%202024%20con%20un%20gran%20impacto%20transformador' aria-hidden='false' data-av_icon='\ue8f3' data-av_iconfont='entypo-fontello' title='' data-avia-related-tooltip='Compartir en Facebook' rel=\"noopener\"><span class='avia_hidden_link_text'>Compartir en Facebook<\/span><\/a><\/li><li class='av-share-link av-social-link-twitter' ><a target=\"_blank\" aria-label=\"Compartir en Twitter\" href='https:\/\/twitter.com\/share?text=M%C3%A1s%20de%2080%20mujeres%20egresadas%20en%20Ays%C3%A9n%3A%20Escuela%20Mujer%20Emprende%20culmina%20su%20ciclo%202024%20con%20un%20gran%20impacto%20transformador&#038;url=https:\/\/radiorevelacionfm.cl\/?p=49280' aria-hidden='false' data-av_icon='\ue8f1' data-av_iconfont='entypo-fontello' title='' data-avia-related-tooltip='Compartir en Twitter' rel=\"noopener\"><span class='avia_hidden_link_text'>Compartir en Twitter<\/span><\/a><\/li><li class='av-share-link av-social-link-whatsapp' ><a target=\"_blank\" aria-label=\"Compartir en Whatsapp\" href='https:\/\/api.whatsapp.com\/send?text=https:\/\/radiorevelacionfm.cl\/?p=49280' aria-hidden='false' data-av_icon='\uf232' data-av_iconfont='entypo-fontello' title='' data-avia-related-tooltip='Compartir en Whatsapp' rel=\"noopener\"><span class='avia_hidden_link_text'>Compartir en Whatsapp<\/span><\/a><\/li><li class='av-share-link av-social-link-linkedin' ><a target=\"_blank\" aria-label=\"Compartir en LinkedIn\" href='https:\/\/linkedin.com\/shareArticle?mini=true&#038;title=M%C3%A1s%20de%2080%20mujeres%20egresadas%20en%20Ays%C3%A9n%3A%20Escuela%20Mujer%20Emprende%20culmina%20su%20ciclo%202024%20con%20un%20gran%20impacto%20transformador&#038;url=https:\/\/radiorevelacionfm.cl\/?p=49280' aria-hidden='false' data-av_icon='\ue8fc' data-av_iconfont='entypo-fontello' title='' data-avia-related-tooltip='Compartir en LinkedIn' rel=\"noopener\"><span class='avia_hidden_link_text'>Compartir en LinkedIn<\/span><\/a><\/li><li class='av-share-link av-social-link-mail' ><a  aria-label=\"Compartir por correo\" href='mailto:?subject=M%C3%A1s%20de%2080%20mujeres%20egresadas%20en%20Ays%C3%A9n%3A%20Escuela%20Mujer%20Emprende%20culmina%20su%20ciclo%202024%20con%20un%20gran%20impacto%20transformador&#038;body=https:\/\/radiorevelacionfm.cl\/?p=49280' aria-hidden='false' data-av_icon='\ue805' data-av_iconfont='entypo-fontello' title='' data-avia-related-tooltip='Compartir por correo'><span class='avia_hidden_link_text'>Compartir por correo<\/span><\/a><\/li><\/ul><\/div><\/div>\n<div  style='height:50px' class='hr hr-invisible   avia-builder-el-8  el_after_av_social_share  el_before_av_comments_list '><span class='hr-inner ' ><span class='hr-inner-style'><\/span><\/span><\/div>\n<div  class='av-buildercomment  av-blog-meta-html-info-disabled av-blog-meta-tag-disabled  '><\/div>\n","protected":false},"excerpt":{"rendered":"","protected":false},"author":1,"featured_media":49281,"comment_status":"open","ping_status":"open","sticky":false,"template":"","format":"standard","meta":{"footnotes":""},"categories":[38],"tags":[],"class_list":["post-49280","post","type-post","status-publish","format-standard","has-post-thumbnail","hentry","category-regional"],"jetpack_featured_media_url":"https:\/\/radiorevelacionfm.cl\/wp-content\/uploads\/2024\/12\/dsc04401-1_optimized.jpg","_links":{"self":[{"href":"https:\/\/radiorevelacionfm.cl\/index.php?rest_route=\/wp\/v2\/posts\/49280","targetHints":{"allow":["GET"]}}],"collection":[{"href":"https:\/\/radiorevelacionfm.cl\/index.php?rest_route=\/wp\/v2\/posts"}],"about":[{"href":"https:\/\/radiorevelacionfm.cl\/index.php?rest_route=\/wp\/v2\/types\/post"}],"author":[{"embeddable":true,"href":"https:\/\/radiorevelacionfm.cl\/index.php?rest_route=\/wp\/v2\/users\/1"}],"replies":[{"embeddable":true,"href":"https:\/\/radiorevelacionfm.cl\/index.php?rest_route=%2Fwp%2Fv2%2Fcomments&post=49280"}],"version-history":[{"count":1,"href":"https:\/\/radiorevelacionfm.cl\/index.php?rest_route=\/wp\/v2\/posts\/49280\/revisions"}],"predecessor-version":[{"id":49282,"href":"https:\/\/radiorevelacionfm.cl\/index.php?rest_route=\/wp\/v2\/posts\/49280\/revisions\/49282"}],"wp:featuredmedia":[{"embeddable":true,"href":"https:\/\/radiorevelacionfm.cl\/index.php?rest_route=\/wp\/v2\/media\/49281"}],"wp:attachment":[{"href":"https:\/\/radiorevelacionfm.cl\/index.php?rest_route=%2Fwp%2Fv2%2Fmedia&parent=49280"}],"wp:term":[{"taxonomy":"category","embeddable":true,"href":"https:\/\/radiorevelacionfm.cl\/index.php?rest_route=%2Fwp%2Fv2%2Fcategories&post=49280"},{"taxonomy":"post_tag","embeddable":true,"href":"https:\/\/radiorevelacionfm.cl\/index.php?rest_route=%2Fwp%2Fv2%2Ftags&post=49280"}],"curies":[{"name":"wp","href":"https:\/\/api.w.org\/{rel}","templated":true}]}}