{"id":49277,"date":"2024-12-31T09:40:37","date_gmt":"2024-12-31T12:40:37","guid":{"rendered":"https:\/\/radiorevelacionfm.cl\/?p=49277"},"modified":"2024-12-31T09:40:37","modified_gmt":"2024-12-31T12:40:37","slug":"en-visita-a-la-region-director-nacional-de-vialidad-anuncia-vienen-importantes-avances-para-la-ruta-7-el-ano-2025","status":"publish","type":"post","link":"https:\/\/radiorevelacionfm.cl\/?p=49277","title":{"rendered":"En visita a la regi\u00f3n Director Nacional de Vialidad anuncia: \u201cVienen importantes avances para la ruta 7 el a\u00f1o 2025\u201d"},"content":{"rendered":"<div class=\"flex_column av_one_full  flex_column_div av-zero-column-padding first  avia-builder-el-0  el_before_av_one_full  avia-builder-el-first  \" style='border-radius:0px; '><div  class='avia-image-container  av-styling-    avia-builder-el-1  avia-builder-el-no-sibling  avia-align-center '  itemprop=\"image\" itemscope=\"itemscope\" itemtype=\"https:\/\/schema.org\/ImageObject\"  ><div class='avia-image-container-inner'><div class='avia-image-overlay-wrap'><img decoding=\"async\" class='wp-image-49278 avia-img-lazy-loading-not-49278 avia_image' src=\"https:\/\/radiorevelacionfm.cl\/wp-content\/uploads\/2024\/12\/img_2988-1_optimized.jpg\" alt='' title='img_2988-(1)_optimized' height=\"600\" width=\"900\"  itemprop=\"thumbnailUrl\" srcset=\"https:\/\/radiorevelacionfm.cl\/wp-content\/uploads\/2024\/12\/img_2988-1_optimized.jpg 900w, https:\/\/radiorevelacionfm.cl\/wp-content\/uploads\/2024\/12\/img_2988-1_optimized-300x200.jpg 300w, https:\/\/radiorevelacionfm.cl\/wp-content\/uploads\/2024\/12\/img_2988-1_optimized-768x512.jpg 768w, https:\/\/radiorevelacionfm.cl\/wp-content\/uploads\/2024\/12\/img_2988-1_optimized-705x470.jpg 705w, https:\/\/radiorevelacionfm.cl\/wp-content\/uploads\/2024\/12\/img_2988-1_optimized-450x300.jpg 450w, https:\/\/radiorevelacionfm.cl\/wp-content\/uploads\/2024\/12\/img_2988-1_optimized-600x400.jpg 600w\" sizes=\"(max-width: 900px) 100vw, 900px\" \/><\/div><\/div><\/div><\/div><div class=\"flex_column av_one_full  flex_column_div av-zero-column-padding first  avia-builder-el-2  el_after_av_one_full  el_before_av_one_full  column-top-margin\" style='border-radius:0px; '><section class=\"av_textblock_section \"  itemscope=\"itemscope\" itemtype=\"https:\/\/schema.org\/BlogPosting\" itemprop=\"blogPost\" ><div class='avia_textblock  '   itemprop=\"text\" ><p style=\"text-align: center;\"><strong><span style=\"font-size: 18pt;\">En visita a la regi\u00f3n Director Nacional de Vialidad anuncia: \u201cVienen importantes avances para la ruta 7 el a\u00f1o 2025\u201d<\/span><\/strong><\/p>\n<div id=\"gtx-trans\" style=\"position: absolute; left: -50px; top: 4.31534px;\">\n<div class=\"gtx-trans-icon\"><\/div>\n<\/div>\n<\/div><\/section><\/div><div class=\"flex_column av_one_full  flex_column_div av-zero-column-padding first  avia-builder-el-4  el_after_av_one_full  el_before_av_hr  column-top-margin\" style='border-radius:0px; '><section class=\"av_textblock_section \"  itemscope=\"itemscope\" itemtype=\"https:\/\/schema.org\/BlogPosting\" itemprop=\"blogPost\" ><div class='avia_textblock  '   itemprop=\"text\" ><p style=\"text-align: justify;\">El Director Nacional de Vialidad Horacio Pfeiffer anunci\u00f3 esta semana importantes noticias para la regi\u00f3n de Ays\u00e9n en el marco de su reciente visita a esta zona del pa\u00eds, lo que posibilita continuar avanzando en el mejoramiento del bienestar de las personas y cumplir los compromisos del gobierno del presidente Gabriel Boric Font en materia de pavimentaci\u00f3n de la Ruta 7, as\u00ed como tambi\u00e9n contribuir con las necesidades de la comunidad del sector El Blanco, en la comuna de Ays\u00e9n quienes por muchos a\u00f1os han anhelado contar con un puente que mejore sus condiciones de conectividad.<\/p>\n<p style=\"text-align: justify;\">\u201cHoy traemos muy buenas noticias, porque nos encontramos en proceso de adjudicaci\u00f3n de dos importantes iniciativas; la primera es el mejoramiento de la Ruta 7 Sur, \u00a0tramo Confluencia-puente Chacabuco, cuya de inversi\u00f3n se eleva por los 42.500 millones de pesos, se trata de 17 kil\u00f3metros en donde se generar\u00e1n zonas de miradores y estacionamiento especialmente en la Confluencia de los r\u00edos Baker y Neff, altamente visitado por turistas nacionales y extranjeros, entregando mejores condiciones para la promoci\u00f3n del turismo y la seguridad vial. Tambi\u00e9n est\u00e1 en proceso de adjudicaci\u00f3n la construcci\u00f3n de los nuevos puentes Rosselot y Palena, cuya inversi\u00f3n se eleva por los 79 mil millones de pesos. Estas estructuras mejorar\u00e1n la conectividad intrarregional y con el resto del pa\u00eds. Los actuales puentes, se mantendr\u00e1n poniendo en valor el patrimonio regional. Antes que termine el a\u00f1o publicaremos la licitaci\u00f3n para la pavimentaci\u00f3n de la Ruta 7, en el sector Villa Ortega, tramo cruce Mano Negra-intersecci\u00f3n Ruta 240, cuya inversi\u00f3n estimada alcanza los $17.145 millones de pesos. Adem\u00e1s, se publicar\u00e1 el llamado a licitaci\u00f3n de la construcci\u00f3n del puente R\u00edo Blanco y sus accesos, en la comuna de Ays\u00e9n por un monto de $2.700 millones. De esta forma, como gobierno a trav\u00e9s de nuestro Ministerio de Obras P\u00fablicas estamos realizando todas las gestiones necesarias para ir cumpliendo los desaf\u00edos en materia de mejoramiento de las condiciones de conectividad que tiene la regi\u00f3n de Ays\u00e9n\u201d, afirm\u00f3 el Director Nacional de Vialidad MOP Horacio Pfeiffer.<\/p>\n<p style=\"text-align: justify;\"><strong><u>OBRAS EN EL CAMINO A LAGO ATRAVESADO<\/u><\/strong><\/p>\n<p style=\"text-align: justify;\">Al culminar su visita a la regi\u00f3n, el Director Nacional de Vialidad Horacio Pfeiffer junto a la Secretaria Regional Ministerial de Obras P\u00fablicas Paloma Jara, el Director Regional de Vialidad MOP Renzo Sanders y el Gerente Zonal de la empresa Flesan Germ\u00e1n Salazar y equipo, realizaron una visita inspectiva a las obras de pavimentaci\u00f3n del camino Cruce Aer\u00f3dromo Teniente Vidal-Lago Atravesado-Seis Lagunas para constatar los avances en los trabajos, que buscan mejorar significativamente la calidad de vida de las personas que residen en estos sectores, mejorando sus condiciones de conectividad y de acceso en forma m\u00e1s expedita a la capital regional, optimizando la transitabilidad y los tiempos de viaje as\u00ed como tambi\u00e9n la seguridad de los y las personas usuarias de esta Ruta.<\/p>\n<p style=\"text-align: justify;\">Consultado al respecto, Horacio Pfeiffer destac\u00f3: \u201cEs muy importante que como Ministerio de Obras P\u00fablicas nos comprometimos con iniciar este proyecto en el sector Lago Atravesado y hoy d\u00eda en terreno podemos ver el gran avance que tenemos. Ya casi nos estamos\u00a0 acercando al kil\u00f3metro de pavimento de hormig\u00f3n construido. Con un dise\u00f1o para m\u00e1s de 20 a\u00f1os, son 10 kil\u00f3metros de camino pavimentado, y una inversi\u00f3n que supera los 20 mil millones de pesos, as\u00ed que estamos muy contentos por el avance que tenemos, por la buena calidad de los trabajos que se est\u00e1n realizando; y podemos decir entonces que estamos cumpliendo el compromiso con la comunidad, se han estado trabajando en los desv\u00edos y hay una coordinaci\u00f3n con ellos, as\u00ed que muy bien. Hoy d\u00eda pudimos constatar el trabajo de todo el equipo regional principalmente junto con la empresa que los ha acompa\u00f1ado en este desaf\u00edo de agilizar las obras en el verano para llegar a marzo con un avance \u00f3ptimo\u201d.<\/p>\n<p style=\"text-align: justify;\">Por su parte, la Seremi del MOP expres\u00f3 \u201cEstamos felices de poder visitar los trabajos en el camino a Lago Atravesado, una obra en la que el d\u00eda 22 de diciembre comenz\u00f3 el proceso de hormigonado el que hoy podemos ver con un avance que alcanzar\u00e1 hasta los 400 metros por d\u00eda. Esta obra forma parte de los compromisos que hemos tomado con la regi\u00f3n, con las vecinas y vecinos de Coyhaique para mejorar su calidad de vida. Sabemos que este proyecto fue muy esperado y que hay alegr\u00eda, y lo vemos en esta visita, as\u00ed como tambi\u00e9n lo ha visto la empresa que desarrolla este proyecto con las muestras de cari\u00f1o de la comunidad, as\u00ed que nosotros nos sentimos satisfechos de cumplir los compromisos que se han tomado desde el gobierno para con los vecinos y vecinas de Coyhaique\u201d.<\/p>\n<p style=\"text-align: justify;\">Desde el Ministerio de Obras P\u00fablicas informaron que el proyecto considera realizar el mejoramiento de la Ruta en una extensi\u00f3n de 10 kil\u00f3metros dejando la secci\u00f3n transversal de la Ruta X-608 para un est\u00e1ndar de 70 Km\/h y en el sector urbano con restricci\u00f3n de velocidad a 50 Km\/h. De esta forma, el nuevo est\u00e1ndar que se le dar\u00e1 al camino implica el desarrollo de obras como el mejoramiento del alineamiento geom\u00e9trico, saneamiento, se\u00f1alizaci\u00f3n, seguridad vial, iluminaci\u00f3n, y expropiaciones. As\u00ed lo corrobor\u00f3 tambi\u00e9n Germ\u00e1n Salazar, Gerente Zonal de la Empresa Flesan que se adjudic\u00f3 estas obras, y agreg\u00f3: \u201cPara nosotros ha sido tremendamente gratificante todo, este era un proyecto que la comunidad a\u00f1oraba por mucho tiempo y que tuvo varios procesos. Nosotros nos sentimos muy orgullosos de ser parte de lo que es concretarlo. Trabajamos muy mancomunados, muy bien comunicados, ellos nos han apoyado mucho, as\u00ed que esperamos terminar pronto este contrato\u201d.<\/p>\n<\/div><\/section><\/div><div  style='height:50px' class='hr hr-invisible   avia-builder-el-6  el_after_av_one_full  el_before_av_social_share '><span class='hr-inner ' ><span class='hr-inner-style'><\/span><\/span><\/div><\/p>\n<div  class='av-social-sharing-box  avia-builder-el-7  el_after_av_hr  el_before_av_hr  '><div class='av-share-box'><h5 class='av-share-link-description av-no-toc '>Compartir esta noticia<\/h5><ul class='av-share-box-list noLightbox'><li class='av-share-link av-social-link-facebook' ><a target=\"_blank\" aria-label=\"Compartir en Facebook\" href='https:\/\/www.facebook.com\/sharer.php?u=https:\/\/radiorevelacionfm.cl\/?p=49277&#038;t=En%20visita%20a%20la%20regi%C3%B3n%20Director%20Nacional%20de%20Vialidad%20anuncia%3A%20%E2%80%9CVienen%20importantes%20avances%20para%20la%20ruta%207%20el%20a%C3%B1o%202025%E2%80%9D' aria-hidden='false' data-av_icon='\ue8f3' data-av_iconfont='entypo-fontello' title='' data-avia-related-tooltip='Compartir en Facebook' rel=\"noopener\"><span class='avia_hidden_link_text'>Compartir en Facebook<\/span><\/a><\/li><li class='av-share-link av-social-link-twitter' ><a target=\"_blank\" aria-label=\"Compartir en Twitter\" href='https:\/\/twitter.com\/share?text=En%20visita%20a%20la%20regi%C3%B3n%20Director%20Nacional%20de%20Vialidad%20anuncia%3A%20%E2%80%9CVienen%20importantes%20avances%20para%20la%20ruta%207%20el%20a%C3%B1o%202025%E2%80%9D&#038;url=https:\/\/radiorevelacionfm.cl\/?p=49277' aria-hidden='false' data-av_icon='\ue8f1' data-av_iconfont='entypo-fontello' title='' data-avia-related-tooltip='Compartir en Twitter' rel=\"noopener\"><span class='avia_hidden_link_text'>Compartir en Twitter<\/span><\/a><\/li><li class='av-share-link av-social-link-whatsapp' ><a target=\"_blank\" aria-label=\"Compartir en Whatsapp\" href='https:\/\/api.whatsapp.com\/send?text=https:\/\/radiorevelacionfm.cl\/?p=49277' aria-hidden='false' data-av_icon='\uf232' data-av_iconfont='entypo-fontello' title='' data-avia-related-tooltip='Compartir en Whatsapp' rel=\"noopener\"><span class='avia_hidden_link_text'>Compartir en Whatsapp<\/span><\/a><\/li><li class='av-share-link av-social-link-linkedin' ><a target=\"_blank\" aria-label=\"Compartir en LinkedIn\" href='https:\/\/linkedin.com\/shareArticle?mini=true&#038;title=En%20visita%20a%20la%20regi%C3%B3n%20Director%20Nacional%20de%20Vialidad%20anuncia%3A%20%E2%80%9CVienen%20importantes%20avances%20para%20la%20ruta%207%20el%20a%C3%B1o%202025%E2%80%9D&#038;url=https:\/\/radiorevelacionfm.cl\/?p=49277' aria-hidden='false' data-av_icon='\ue8fc' data-av_iconfont='entypo-fontello' title='' data-avia-related-tooltip='Compartir en LinkedIn' rel=\"noopener\"><span class='avia_hidden_link_text'>Compartir en LinkedIn<\/span><\/a><\/li><li class='av-share-link av-social-link-mail' ><a  aria-label=\"Compartir por correo\" href='mailto:?subject=En%20visita%20a%20la%20regi%C3%B3n%20Director%20Nacional%20de%20Vialidad%20anuncia%3A%20%E2%80%9CVienen%20importantes%20avances%20para%20la%20ruta%207%20el%20a%C3%B1o%202025%E2%80%9D&#038;body=https:\/\/radiorevelacionfm.cl\/?p=49277' aria-hidden='false' data-av_icon='\ue805' data-av_iconfont='entypo-fontello' title='' data-avia-related-tooltip='Compartir por correo'><span class='avia_hidden_link_text'>Compartir por correo<\/span><\/a><\/li><\/ul><\/div><\/div>\n<div  style='height:50px' class='hr hr-invisible   avia-builder-el-8  el_after_av_social_share  el_before_av_comments_list '><span class='hr-inner ' ><span class='hr-inner-style'><\/span><\/span><\/div>\n<div  class='av-buildercomment  av-blog-meta-html-info-disabled av-blog-meta-tag-disabled  '><\/div>\n","protected":false},"excerpt":{"rendered":"","protected":false},"author":1,"featured_media":49278,"comment_status":"open","ping_status":"open","sticky":false,"template":"","format":"standard","meta":{"footnotes":""},"categories":[38],"tags":[],"class_list":["post-49277","post","type-post","status-publish","format-standard","has-post-thumbnail","hentry","category-regional"],"jetpack_featured_media_url":"https:\/\/radiorevelacionfm.cl\/wp-content\/uploads\/2024\/12\/img_2988-1_optimized.jpg","_links":{"self":[{"href":"https:\/\/radiorevelacionfm.cl\/index.php?rest_route=\/wp\/v2\/posts\/49277","targetHints":{"allow":["GET"]}}],"collection":[{"href":"https:\/\/radiorevelacionfm.cl\/index.php?rest_route=\/wp\/v2\/posts"}],"about":[{"href":"https:\/\/radiorevelacionfm.cl\/index.php?rest_route=\/wp\/v2\/types\/post"}],"author":[{"embeddable":true,"href":"https:\/\/radiorevelacionfm.cl\/index.php?rest_route=\/wp\/v2\/users\/1"}],"replies":[{"embeddable":true,"href":"https:\/\/radiorevelacionfm.cl\/index.php?rest_route=%2Fwp%2Fv2%2Fcomments&post=49277"}],"version-history":[{"count":1,"href":"https:\/\/radiorevelacionfm.cl\/index.php?rest_route=\/wp\/v2\/posts\/49277\/revisions"}],"predecessor-version":[{"id":49279,"href":"https:\/\/radiorevelacionfm.cl\/index.php?rest_route=\/wp\/v2\/posts\/49277\/revisions\/49279"}],"wp:featuredmedia":[{"embeddable":true,"href":"https:\/\/radiorevelacionfm.cl\/index.php?rest_route=\/wp\/v2\/media\/49278"}],"wp:attachment":[{"href":"https:\/\/radiorevelacionfm.cl\/index.php?rest_route=%2Fwp%2Fv2%2Fmedia&parent=49277"}],"wp:term":[{"taxonomy":"category","embeddable":true,"href":"https:\/\/radiorevelacionfm.cl\/index.php?rest_route=%2Fwp%2Fv2%2Fcategories&post=49277"},{"taxonomy":"post_tag","embeddable":true,"href":"https:\/\/radiorevelacionfm.cl\/index.php?rest_route=%2Fwp%2Fv2%2Ftags&post=49277"}],"curies":[{"name":"wp","href":"https:\/\/api.w.org\/{rel}","templated":true}]}}