{"id":49256,"date":"2024-12-30T12:19:57","date_gmt":"2024-12-30T15:19:57","guid":{"rendered":"https:\/\/radiorevelacionfm.cl\/?p=49256"},"modified":"2024-12-30T12:19:57","modified_gmt":"2024-12-30T15:19:57","slug":"con-fiscalizacion-preventiva-destacan-mensajes-de-seguridad-ante-proximidad-de-la-celebracion-de-ano-nuevo","status":"publish","type":"post","link":"https:\/\/radiorevelacionfm.cl\/?p=49256","title":{"rendered":"Con fiscalizaci\u00f3n preventiva destacan mensajes de seguridad ante proximidad de la celebraci\u00f3n de A\u00f1o Nuevo"},"content":{"rendered":"<div class=\"flex_column av_one_full  flex_column_div av-zero-column-padding first  avia-builder-el-0  el_before_av_one_full  avia-builder-el-first  \" style='border-radius:0px; '><div  class='avia-image-container  av-styling-    avia-builder-el-1  avia-builder-el-no-sibling  avia-align-center '  itemprop=\"image\" itemscope=\"itemscope\" itemtype=\"https:\/\/schema.org\/ImageObject\"  ><div class='avia-image-container-inner'><div class='avia-image-overlay-wrap'><img decoding=\"async\" class='wp-image-49257 avia-img-lazy-loading-not-49257 avia_image' src=\"https:\/\/radiorevelacionfm.cl\/wp-content\/uploads\/2024\/12\/fiscalizacion-plan-calles-protegidas-9-1_optimized-1.jpg\" alt='' title='fiscalizaci\u00f3n-plan-calles-protegidas-(9)-(1)_optimized (1)' height=\"600\" width=\"800\"  itemprop=\"thumbnailUrl\" srcset=\"https:\/\/radiorevelacionfm.cl\/wp-content\/uploads\/2024\/12\/fiscalizacion-plan-calles-protegidas-9-1_optimized-1.jpg 800w, https:\/\/radiorevelacionfm.cl\/wp-content\/uploads\/2024\/12\/fiscalizacion-plan-calles-protegidas-9-1_optimized-1-300x225.jpg 300w, https:\/\/radiorevelacionfm.cl\/wp-content\/uploads\/2024\/12\/fiscalizacion-plan-calles-protegidas-9-1_optimized-1-768x576.jpg 768w, https:\/\/radiorevelacionfm.cl\/wp-content\/uploads\/2024\/12\/fiscalizacion-plan-calles-protegidas-9-1_optimized-1-705x529.jpg 705w, https:\/\/radiorevelacionfm.cl\/wp-content\/uploads\/2024\/12\/fiscalizacion-plan-calles-protegidas-9-1_optimized-1-450x338.jpg 450w, https:\/\/radiorevelacionfm.cl\/wp-content\/uploads\/2024\/12\/fiscalizacion-plan-calles-protegidas-9-1_optimized-1-600x450.jpg 600w\" sizes=\"(max-width: 800px) 100vw, 800px\" \/><\/div><\/div><\/div><\/div><div class=\"flex_column av_one_full  flex_column_div av-zero-column-padding first  avia-builder-el-2  el_after_av_one_full  el_before_av_one_full  column-top-margin\" style='border-radius:0px; '><section class=\"av_textblock_section \"  itemscope=\"itemscope\" itemtype=\"https:\/\/schema.org\/BlogPosting\" itemprop=\"blogPost\" ><div class='avia_textblock  '   itemprop=\"text\" ><p style=\"text-align: center;\"><span style=\"font-size: 18pt;\"><b>Con fiscalizaci\u00f3n preventiva destacan mensajes de seguridad ante proximidad de la celebraci\u00f3n de A\u00f1o Nuevo<\/b><\/span><\/p>\n<div id=\"gtx-trans\" style=\"position: absolute; left: -50px; top: 4.31534px;\">\n<div class=\"gtx-trans-icon\"><\/div>\n<\/div>\n<\/div><\/section><\/div><div class=\"flex_column av_one_full  flex_column_div av-zero-column-padding first  avia-builder-el-4  el_after_av_one_full  el_before_av_hr  column-top-margin\" style='border-radius:0px; '><section class=\"av_textblock_section \"  itemscope=\"itemscope\" itemtype=\"https:\/\/schema.org\/BlogPosting\" itemprop=\"blogPost\" ><div class='avia_textblock  '   itemprop=\"text\" ><p style=\"font-weight: 400; text-align: justify;\"><em>Se concientiz\u00f3 sobre medidas de convivencia vial que fomenten la seguridad en el tr\u00e1nsito y as\u00ed evitar las cifras de a\u00f1o nuevo del 2022, fecha en que se registr\u00f3 la lamentable cifra de 4 fallecidos por siniestros viales en Ays\u00e9n.<\/em><\/p>\n<p style=\"font-weight: 400; text-align: justify;\">Mediante el plan Calles Protegidas del Ministerio de Transportes, y junto a la Delegaci\u00f3n Presidencial Regional, Carabineros, SENDA, inspectores municipales y del MTT, adem\u00e1s de la Coordinaci\u00f3n de Prevenci\u00f3n del Delito, se articul\u00f3 un operativo conjunto en el terminal de buses de Coyhaique, instancia en donde adem\u00e1s de realizar un chequeo a los servicios de transporte, tambi\u00e9n se entregaron mensajes de prevenci\u00f3n a pasajeros y transe\u00fantes.<\/p>\n<p style=\"font-weight: 400; text-align: justify;\">Como cada a\u00f1o, en estas fechas se redoblan los esfuerzos intersectoriales para mantener la convivencia vial por parte de la ciudadan\u00eda. De esta manera, se pretende evitar siniestros viales que pongan en riesgo la integridad f\u00edsica, y la vida de las personas. En Ays\u00e9n, las cifras de accidentabilidad indican que el A\u00f1o Nuevo del 2022, 4 personas fallecieron a causa de accidentes de tr\u00e1nsito, por lo que es imperativo apelar a la conciencia de la ciudadan\u00eda para evitar tragedias de esta magnitud.<\/p>\n<p style=\"font-weight: 400; text-align: justify;\">El seremiTT Hans Zimmermann indic\u00f3 que mediante esta acci\u00f3n se constat\u00f3 el \u201ccumplimiento de la normativa de tr\u00e1nsito, verificar la documentaci\u00f3n al d\u00eda de los servicios, hacer una inspecci\u00f3n de las condiciones mec\u00e1nicas de los veh\u00edculos, con la finalidad de poder garantizar a los habitantes de la regi\u00f3n de Ays\u00e9n que se desplazan en estas fiestas de fin de a\u00f1o, la mayor seguridad en el transporte. Es tarea del Ministerio de Transportes la supervisi\u00f3n de los servicios de transporte p\u00fablico que operan desde el terminal de buses y en este actuar mancomunado entre los distintos organismos de fiscalizaci\u00f3n estamos garantizando la seguridad en el tr\u00e1nsito\u201d.<\/p>\n<p style=\"font-weight: 400; text-align: justify;\">El delegado regional Jorge D\u00edaz a\u00f1adi\u00f3 que \u201cpara nosotros como Gobierno la seguridad es fundamental y la prevenci\u00f3n es el foco en este fin de semana donde adem\u00e1s tenemos la fiesta de fin de a\u00f1o ad portas, y por lo tanto, toda la institucionalidad del Estado est\u00e1 pendiente de \u00a0tomar acciones de prevenci\u00f3n. Queremos que la ciudadan\u00eda se desplace por todos los puntos de la regi\u00f3n de manera segura y tener un fin de semana largo seguro para nuestros habitantes y para quienes nos visitan\u201d.<\/p>\n<p style=\"font-weight: 400; text-align: justify;\">Desde Senda, la directora Mar\u00eda Victoria Contreras se refiri\u00f3 a la campa\u00f1a \u201cEl Otro Plan\u201d que se complementa con sus medidas de control \u201cTolerancia Cero\u201d: \u201cEl mejor plan es poder cuidarnos y es por eso que en conjunto con distintas instituciones vamos a estar reforzando los operativos que realizamos en conjunto con Carabineros. Pero, la mejor fiscalizaci\u00f3n es la que nosotros hacemos a nuestros seres queridos, no normalicemos el consumo de alcohol frente a los ni\u00f1os y ni\u00f1as adolescentes, si vemos un familiar que ya consumi\u00f3 alcohol u otro tipo de droga, quit\u00e9mosle las llaves, podamos cuidarnos entre nosotros y poder tener unas celebraciones planificadas, organizadas, para que todo resulte bien y podamos tener unas lindas celebraciones\u201d.<\/p>\n<p style=\"font-weight: 400; text-align: justify;\"><strong>Refuerzo Policial en Ays\u00e9n<\/strong><\/p>\n<p style=\"font-weight: 400; text-align: justify;\">El Coronel Juan Abarca, inform\u00f3 que junto con aumentar las fiscalizaciones de tr\u00e1nsito en Ays\u00e9n, adem\u00e1s se sumaron 17 funcionarios de Carabineros para potenciar este trabajo: \u201cVan a apoyar en esta labor, especialmente en las rutas y balnearios de la regi\u00f3n y estos carabineros ser\u00e1n desplegados en distintos puntos de la regi\u00f3n. Ellos vienen por enero y febrero y tambi\u00e9n aportar\u00e1n a la seguridad vial.\u201d Adem\u00e1s de disuadir a conductores del consumo de alcohol, el coronel \u00a0tambi\u00e9n se refiri\u00f3 a otras conductas de alto riesgo \u201cNos preocupa la conducci\u00f3n temeraria y no atenta a las condiciones del tr\u00e1nsito, es por eso que llamamos a no usar el tel\u00e9fono celular al manejar un veh\u00edculo\u201d, concluy\u00f3.<\/p>\n<p style=\"font-weight: 400; text-align: justify;\">La reci\u00e9n asumida encargada de la Coordinaci\u00f3n Regional de Seguridad P\u00fablica, Ruth Vallejos, se sum\u00f3 a estas recomendaciones: \u201ces especialmente importante planificarnos y en ese sentido estamos todas las instituciones cuid\u00e1ndolos. Pero necesitamos cuidarnos a nosotros primero. El llamado de nuestro Gobierno es empezar por casa y luego generar todos los cuidados para que pasemos la llave a conducir, conduzcamos de manera prudente y celebremos el 2025 como corresponde\u201d.<\/p>\n<\/div><\/section><\/div><div  style='height:50px' class='hr hr-invisible   avia-builder-el-6  el_after_av_one_full  el_before_av_social_share '><span class='hr-inner ' ><span class='hr-inner-style'><\/span><\/span><\/div><\/p>\n<div  class='av-social-sharing-box  avia-builder-el-7  el_after_av_hr  el_before_av_hr  '><div class='av-share-box'><h5 class='av-share-link-description av-no-toc '>Compartir esta noticia<\/h5><ul class='av-share-box-list noLightbox'><li class='av-share-link av-social-link-facebook' ><a target=\"_blank\" aria-label=\"Compartir en Facebook\" href='https:\/\/www.facebook.com\/sharer.php?u=https:\/\/radiorevelacionfm.cl\/?p=49256&#038;t=Con%20fiscalizaci%C3%B3n%20preventiva%20destacan%20mensajes%20de%20seguridad%20ante%20proximidad%20de%20la%20celebraci%C3%B3n%20de%20A%C3%B1o%20Nuevo' aria-hidden='false' data-av_icon='\ue8f3' data-av_iconfont='entypo-fontello' title='' data-avia-related-tooltip='Compartir en Facebook' rel=\"noopener\"><span class='avia_hidden_link_text'>Compartir en Facebook<\/span><\/a><\/li><li class='av-share-link av-social-link-twitter' ><a target=\"_blank\" aria-label=\"Compartir en Twitter\" href='https:\/\/twitter.com\/share?text=Con%20fiscalizaci%C3%B3n%20preventiva%20destacan%20mensajes%20de%20seguridad%20ante%20proximidad%20de%20la%20celebraci%C3%B3n%20de%20A%C3%B1o%20Nuevo&#038;url=https:\/\/radiorevelacionfm.cl\/?p=49256' aria-hidden='false' data-av_icon='\ue8f1' data-av_iconfont='entypo-fontello' title='' data-avia-related-tooltip='Compartir en Twitter' rel=\"noopener\"><span class='avia_hidden_link_text'>Compartir en Twitter<\/span><\/a><\/li><li class='av-share-link av-social-link-whatsapp' ><a target=\"_blank\" aria-label=\"Compartir en Whatsapp\" href='https:\/\/api.whatsapp.com\/send?text=https:\/\/radiorevelacionfm.cl\/?p=49256' aria-hidden='false' data-av_icon='\uf232' data-av_iconfont='entypo-fontello' title='' data-avia-related-tooltip='Compartir en Whatsapp' rel=\"noopener\"><span class='avia_hidden_link_text'>Compartir en Whatsapp<\/span><\/a><\/li><li class='av-share-link av-social-link-linkedin' ><a target=\"_blank\" aria-label=\"Compartir en LinkedIn\" href='https:\/\/linkedin.com\/shareArticle?mini=true&#038;title=Con%20fiscalizaci%C3%B3n%20preventiva%20destacan%20mensajes%20de%20seguridad%20ante%20proximidad%20de%20la%20celebraci%C3%B3n%20de%20A%C3%B1o%20Nuevo&#038;url=https:\/\/radiorevelacionfm.cl\/?p=49256' aria-hidden='false' data-av_icon='\ue8fc' data-av_iconfont='entypo-fontello' title='' data-avia-related-tooltip='Compartir en LinkedIn' rel=\"noopener\"><span class='avia_hidden_link_text'>Compartir en LinkedIn<\/span><\/a><\/li><li class='av-share-link av-social-link-mail' ><a  aria-label=\"Compartir por correo\" href='mailto:?subject=Con%20fiscalizaci%C3%B3n%20preventiva%20destacan%20mensajes%20de%20seguridad%20ante%20proximidad%20de%20la%20celebraci%C3%B3n%20de%20A%C3%B1o%20Nuevo&#038;body=https:\/\/radiorevelacionfm.cl\/?p=49256' aria-hidden='false' data-av_icon='\ue805' data-av_iconfont='entypo-fontello' title='' data-avia-related-tooltip='Compartir por correo'><span class='avia_hidden_link_text'>Compartir por correo<\/span><\/a><\/li><\/ul><\/div><\/div>\n<div  style='height:50px' class='hr hr-invisible   avia-builder-el-8  el_after_av_social_share  el_before_av_comments_list '><span class='hr-inner ' ><span class='hr-inner-style'><\/span><\/span><\/div>\n<div  class='av-buildercomment  av-blog-meta-html-info-disabled av-blog-meta-tag-disabled  '><\/div>\n","protected":false},"excerpt":{"rendered":"","protected":false},"author":1,"featured_media":49257,"comment_status":"open","ping_status":"open","sticky":false,"template":"","format":"standard","meta":{"footnotes":""},"categories":[59],"tags":[],"class_list":["post-49256","post","type-post","status-publish","format-standard","has-post-thumbnail","hentry","category-transporte"],"jetpack_featured_media_url":"https:\/\/radiorevelacionfm.cl\/wp-content\/uploads\/2024\/12\/fiscalizacion-plan-calles-protegidas-9-1_optimized-1.jpg","_links":{"self":[{"href":"https:\/\/radiorevelacionfm.cl\/index.php?rest_route=\/wp\/v2\/posts\/49256","targetHints":{"allow":["GET"]}}],"collection":[{"href":"https:\/\/radiorevelacionfm.cl\/index.php?rest_route=\/wp\/v2\/posts"}],"about":[{"href":"https:\/\/radiorevelacionfm.cl\/index.php?rest_route=\/wp\/v2\/types\/post"}],"author":[{"embeddable":true,"href":"https:\/\/radiorevelacionfm.cl\/index.php?rest_route=\/wp\/v2\/users\/1"}],"replies":[{"embeddable":true,"href":"https:\/\/radiorevelacionfm.cl\/index.php?rest_route=%2Fwp%2Fv2%2Fcomments&post=49256"}],"version-history":[{"count":1,"href":"https:\/\/radiorevelacionfm.cl\/index.php?rest_route=\/wp\/v2\/posts\/49256\/revisions"}],"predecessor-version":[{"id":49258,"href":"https:\/\/radiorevelacionfm.cl\/index.php?rest_route=\/wp\/v2\/posts\/49256\/revisions\/49258"}],"wp:featuredmedia":[{"embeddable":true,"href":"https:\/\/radiorevelacionfm.cl\/index.php?rest_route=\/wp\/v2\/media\/49257"}],"wp:attachment":[{"href":"https:\/\/radiorevelacionfm.cl\/index.php?rest_route=%2Fwp%2Fv2%2Fmedia&parent=49256"}],"wp:term":[{"taxonomy":"category","embeddable":true,"href":"https:\/\/radiorevelacionfm.cl\/index.php?rest_route=%2Fwp%2Fv2%2Fcategories&post=49256"},{"taxonomy":"post_tag","embeddable":true,"href":"https:\/\/radiorevelacionfm.cl\/index.php?rest_route=%2Fwp%2Fv2%2Ftags&post=49256"}],"curies":[{"name":"wp","href":"https:\/\/api.w.org\/{rel}","templated":true}]}}