{"id":49253,"date":"2024-12-30T12:03:18","date_gmt":"2024-12-30T15:03:18","guid":{"rendered":"https:\/\/radiorevelacionfm.cl\/?p=49253"},"modified":"2024-12-30T12:03:18","modified_gmt":"2024-12-30T15:03:18","slug":"sumariada-suspendida-desvinculada-y-absuelta-el-via-crucis-de-la-directora-regional-de-sernameg-aysen-que-denuncio-despido-irregular","status":"publish","type":"post","link":"https:\/\/radiorevelacionfm.cl\/?p=49253","title":{"rendered":"Sumariada, suspendida, desvinculada\u2026 y absuelta: el v\u00eda crucis de la directora regional de Sernameg Ays\u00e9n que denunci\u00f3 despido irregular"},"content":{"rendered":"<div class=\"flex_column av_one_full  flex_column_div av-zero-column-padding first  avia-builder-el-0  el_before_av_one_full  avia-builder-el-first  \" style='border-radius:0px; '><div  class='avia-image-container  av-styling-    avia-builder-el-1  avia-builder-el-no-sibling  avia-align-center '  itemprop=\"image\" itemscope=\"itemscope\" itemtype=\"https:\/\/schema.org\/ImageObject\"  ><div class='avia-image-container-inner'><div class='avia-image-overlay-wrap'><img decoding=\"async\" class='wp-image-49254 avia-img-lazy-loading-not-49254 avia_image' src=\"https:\/\/radiorevelacionfm.cl\/wp-content\/uploads\/2024\/12\/Ex-Directora-SernamEG-1-1.jpg\" alt='' title='Ex Directora SernamEG (1) (1)' height=\"600\" width=\"945\"  itemprop=\"thumbnailUrl\" srcset=\"https:\/\/radiorevelacionfm.cl\/wp-content\/uploads\/2024\/12\/Ex-Directora-SernamEG-1-1.jpg 945w, https:\/\/radiorevelacionfm.cl\/wp-content\/uploads\/2024\/12\/Ex-Directora-SernamEG-1-1-300x190.jpg 300w, https:\/\/radiorevelacionfm.cl\/wp-content\/uploads\/2024\/12\/Ex-Directora-SernamEG-1-1-768x488.jpg 768w, https:\/\/radiorevelacionfm.cl\/wp-content\/uploads\/2024\/12\/Ex-Directora-SernamEG-1-1-705x448.jpg 705w, https:\/\/radiorevelacionfm.cl\/wp-content\/uploads\/2024\/12\/Ex-Directora-SernamEG-1-1-450x286.jpg 450w, https:\/\/radiorevelacionfm.cl\/wp-content\/uploads\/2024\/12\/Ex-Directora-SernamEG-1-1-600x381.jpg 600w\" sizes=\"(max-width: 945px) 100vw, 945px\" \/><\/div><\/div><\/div><\/div><div class=\"flex_column av_one_full  flex_column_div av-zero-column-padding first  avia-builder-el-2  el_after_av_one_full  el_before_av_one_full  column-top-margin\" style='border-radius:0px; '><section class=\"av_textblock_section \"  itemscope=\"itemscope\" itemtype=\"https:\/\/schema.org\/BlogPosting\" itemprop=\"blogPost\" ><div class='avia_textblock  '   itemprop=\"text\" ><p style=\"text-align: center;\"><strong><span style=\"font-size: 18pt;\">Sumariada, suspendida, desvinculada\u2026 y absuelta: el v\u00eda crucis de la directora regional de Sernameg Ays\u00e9n que denunci\u00f3 despido irregular<\/span><\/strong><\/p>\n<div id=\"gtx-trans\" style=\"position: absolute; left: -50px; top: 4.31534px;\">\n<div class=\"gtx-trans-icon\"><\/div>\n<\/div>\n<\/div><\/section><\/div><div class=\"flex_column av_one_full  flex_column_div av-zero-column-padding first  avia-builder-el-4  el_after_av_one_full  el_before_av_hr  column-top-margin\" style='border-radius:0px; '><section class=\"av_textblock_section \"  itemscope=\"itemscope\" itemtype=\"https:\/\/schema.org\/BlogPosting\" itemprop=\"blogPost\" ><div class='avia_textblock  '   itemprop=\"text\" ><p style=\"text-align: justify;\"><em>Elizabeth Guti\u00e9rrez, que lideraba el servicio del ministerio de Antonia Orellana en la Regi\u00f3n de Ays\u00e9n, sali\u00f3 libre de responsabilidades administrativas luego de que se le sacara de su puesto en 2022 por denuncias de supuestos casos de maltrato laboral. \u201cLa v\u00edctima soy yo\u201d, afirma.<\/em><\/p>\n<p style=\"text-align: justify;\">La pol\u00e9mica de los despidos de directoras regionales del Servicio Nacional de la Mujer y Equidad de G\u00e9nero\u00a0<a href=\"https:\/\/ellibero.cl\/tag\/sernameg\/\" target=\"_blank\" rel=\"noopener\">(Sernameg)<\/a>\u00a0no empez\u00f3 ni termin\u00f3 con el caso de\u00a0<a href=\"https:\/\/ellibero.cl\/tag\/isabel-amor\/\" target=\"_blank\" rel=\"noopener\">Isabel Amor<\/a>. Si bien fue el m\u00e1s pol\u00e9mico porque su fugaz nominaci\u00f3n se baj\u00f3 porque el gobierno consider\u00f3 que hizo una defensa a un condenado por delitos de derechos humanos (el padre de Amor), surgieron muchos m\u00e1s casos que denunciaron un\u00a0<a href=\"https:\/\/ellibero.cl\/actualidad\/otra-ex-directora-de-sernameg-denuncia-despido-irregular-ministra-orellana-tiene-responsabilidad\/\" target=\"_blank\" rel=\"noopener\">\u201cmodus operandi\u201d<\/a>\u00a0<strong>del servicio para sacar con m\u00e9todos cuestionables a las profesionales que hab\u00edan llegado a ese cargo por Alta Direcci\u00f3n P\u00fablica (ADP)<\/strong>, como usar supuestos casos de maltrato, dado que ellas no necesariamente coincid\u00edan con las ideas de la administraci\u00f3n de la ministra\u00a0<a href=\"https:\/\/ellibero.cl\/tag\/antonia-orellana\/\" target=\"_blank\" rel=\"noopener\">Antonia Orellana<\/a>.<\/p>\n<p style=\"text-align: justify;\">Uno de esos casos fue el de\u00a0<strong>Elizabeth Guti\u00e9rrez<\/strong>, administradora p\u00fablica y exdirectora de Sernameg de la Regi\u00f3n de Ays\u00e9n, quien fue\u00a0<strong>investigada, suspendida y despedida en julio de 2022 sin que el sumario por presuntos maltratos hubiera llegado a su fin<\/strong>.<\/p>\n<aside class=\"scaip scaip-1 \"><\/aside>\n<p style=\"text-align: justify;\">Ese fin lleg\u00f3 este a\u00f1o y el 17 de diciembre recibi\u00f3 la resoluci\u00f3n firmada por la directora nacional de Sernameg, Priscilla Carrasco (con fecha 19 de noviembre), donde se le absuelve del sumario. Es decir, se le suspendi\u00f3 y despidi\u00f3 siendo inocente:\u00a0<strong>\u201cLa v\u00edctima fui yo\u201d.<\/strong><\/p>\n<h3 class=\"wp-block-heading has-text-align-center\" style=\"text-align: justify;\">Un servicio \u201caltamente politizado\u201d<\/h3>\n<p style=\"text-align: justify;\">\u201cA m\u00ed me suspendieron de mis funciones sin antecedentes claros. Fue un abuso del poder administrativo\u201d, dice Elizabeth Guti\u00e9rrez a\u00a0<strong>El L\u00edbero<\/strong>\u00a0tras conocer la resoluci\u00f3n que la absuelve de responsabilidad y\u00a0<strong>menciona que s\u00f3lo estaba cumpliendo su rol de directora y que no actu\u00f3 con mala intenci\u00f3n.<\/strong><\/p>\n<p style=\"text-align: justify;\">Guti\u00e9rrez fue seleccionada v\u00eda Alta Direcci\u00f3n P\u00fablica en 2018 para ser directora de Sernameg Ays\u00e9n. Hacer las nominaciones as\u00ed y no a dedo, era un cambio en pos de la modernizaci\u00f3n del servicio. Sin embargo, cuenta, la\u00a0<strong>\u201cresistencia que se gener\u00f3 ah\u00ed fue tremenda porque en definitiva entras, pero entras con un componente pol\u00edtico.<\/strong>\u00a0O sea, era una directora de derecha la que ingresaba. Y yo militante UDI, adem\u00e1s. Entonces, en cuanto yo llego y tomo conocimiento del desarrollo en el servicio, pongo en antecedentes situaciones relevantes respecto del no funcionamiento e inclusive de faltas graves que comet\u00edan los funcionarios.\u00a0<strong>Entonces, instruyo a sumarios. Como contraparte, y ah\u00ed nace el modus operandi<\/strong>,\u00a0<strong>\u00bfqu\u00e9 hacen esas funcionarias para mantenerse en el trabajo?\u00a0<\/strong><a href=\"https:\/\/ellibero.cl\/tag\/maltrato-laboral\/\" target=\"_blank\" rel=\"noopener\">me acusan de maltrato<\/a><strong>\u201c<\/strong>.<\/p>\n<aside class=\"scaip scaip-2 \"><\/aside>\n<p style=\"text-align: justify;\">Esa primera denuncia se resolvi\u00f3 r\u00e1pido y ella sali\u00f3 absuelta, pero una segunda funcionaria la denunci\u00f3 internamente, en la Inspecci\u00f3n del Trabajo y en la justicia, luego de que Guti\u00e9rrez la sumariara por trabajar en una pyme familiar durante una licencia m\u00e9dica en la pandemia, \u201cquit\u00e1ndole oportunidades a las mujeres que realmente lo estaban pasando mal\u201d.<\/p>\n<p style=\"text-align: justify;\">La justicia y la Inspecci\u00f3n del Trabajo, relata, la absolvieron, pero quedaba pendiente el sumario, al que se sum\u00f3 otra denuncia de maltrato de una trabajadora a honorarios a la que Guti\u00e9rrez le llam\u00f3 la la atenci\u00f3n varios meses por no entregar todos los productos comprometidos en su contrato. Ambas denunciantes eran parte de la Asociaci\u00f3n Nacional de Funcionarios y Funcionarias de Sernameg (Anfusem).<\/p>\n<p style=\"text-align: justify;\">Luego de presentar el caso al nivel central, \u201c<strong>entra a operar tambi\u00e9n la Asociaci\u00f3n de Funcionarios. Y ah\u00ed es porque digo yo que este es un servicio altamente politizado, porque ya era una decena de directoras a las que se hab\u00eda removido bajo el mismo modo: acusaciones de maltrato que terminaban con las desvinculaciones de la directora.\u00a0<\/strong>Y<strong>\u00a0<\/strong>entonces sale la asociaci\u00f3n, establecen que yo soy una \u2018maltratadora\u2019, sin que se cierren esos procesos y lo publican en Santiago, lo dicen con meg\u00e1fonos\u201d.<\/p>\n<p style=\"text-align: justify;\">El salir del cargo por una falta a la probidad, como un maltrato, implica adem\u00e1s, la inhabilidad de postular o desempe\u00f1ar un trabajo p\u00fablico temporal o definitivamente. Si a Guti\u00e9rrez la hallaban culpable,<strong>\u00a0arriesgaba cinco a\u00f1os sin volver a trabajar para el Estado<\/strong>.<\/p>\n<h3 class=\"wp-block-heading has-text-align-center\" style=\"text-align: justify;\">El rol de la asociaci\u00f3n de funcionarios y la \u201cpremeditaci\u00f3n\u201d para sacarla del cargo<\/h3>\n<p style=\"text-align: justify;\">Al tiempo, a Guti\u00e9rrez le pidieron que se fuera de vacaciones y, a su regreso, la suspendieron. Ella cree que el proceso en su contra fue impulsado desde el nivel central y ejecutado con el objetivo claro de desvincularla desde el principio.<\/p>\n<p style=\"text-align: justify;\">\u201cLa directora nacional subrogante en ese momento era tambi\u00e9n la fiscal del caso:\u00a0<strong>juez y parte al mismo tiempo<\/strong>.\u00a0<strong>Todo estaba armado para que yo no pudiera defenderme<\/strong>\u00a0(\u2026) me desvinculan armando una carta al Servicio Civil y fundamentando que se me desvincula porque yo tengo mal clima laboral y porque tengo dos acusaciones de maltrato,\u00a0<strong>dando por hecho que las acusaciones entonces eran ciertas<\/strong>. Incluso hubo un titular en el diario regional, sale hablando la asociaci\u00f3n. Es decir, un desprestigio incre\u00edble. El gobierno actual me echa argumentando el tema de que en definitiva yo soy casi culpable de mal. Ellos son los que no esperan el cierre del sumario y dan por cierta la denuncia porque al final del d\u00eda,\u00a0<strong>aqu\u00ed lo que opera es el poder de los funcionarios. Para la asociaci\u00f3n yo era culpable, entonces, era culpable\u201d.<\/strong><\/p>\n<p style=\"text-align: justify;\">Seg\u00fan la profesional, en las declaraciones dentro del sumario, las funcionarias declararon que ellas no quer\u00edan que Guti\u00e9rrez volviera a trabajar al servicio. \u201c\u00bfEsto es una investigaci\u00f3n sumaria o estamos hablando de una persecuci\u00f3n?\u201d, se pregunta.<\/p>\n<p style=\"text-align: justify;\">Ahora, reflexiona, las asociaciones no han hecho mayor ruido respecto a jefaturas, porque su color pol\u00edtico es af\u00edn a ellos.<\/p>\n<p style=\"text-align: justify;\">\u201cHoy d\u00eda las asociaciones feministas ni siquiera existen. No han salido con el\u00a0<a href=\"https:\/\/ellibero.cl\/tag\/caso-monsalve\/\" target=\"_blank\" rel=\"noopener\">caso Monsalve<\/a>, no salieron con el caso de (Gabriel) Boric. Est\u00e1n silenciadas y el servicio est\u00e1 silenciado \u00bfPor qu\u00e9? Porque hoy d\u00eda tienen a las personas que quieren que las gobiernen.\u00a0<strong>Por eso creo que el Sernameg est\u00e1 raptado por un cupo pol\u00edtico.\u00a0<\/strong>Hoy d\u00eda est\u00e1n todos calladitos: no se hablan de las cifras de los trabajos operativos o de la tasa de femicidios que ha aumentado de forma incre\u00edble. Es decir, de lo \u00fanico que se sale a hablar son de los esc\u00e1ndalos que han generado con la desvinculaci\u00f3n de Amor, con las desvinculaciones que se han generado con otros directivos\u201d.<\/p>\n<p style=\"text-align: justify;\">La exdirectora critica que la actual administraci\u00f3n de Mujer \u201cno sale a relucir una pol\u00edtica clara en donde nos digan \u2018mira, este es el trabajo concreto que se ha realizado\u2019. Las leyes de las que tanto habla la ministra son leyes que est\u00e1n aprobadas, pero que vienen de gobiernos anteriores. Por ejemplo, la ley integral contra la violencia de las mujeres, fue un trabajo de Isabel Pl\u00e1; los \u2018Papito coraz\u00f3n\u2019 (\u2026) no son iniciativas de este gobierno, entonces cuando hablan y dicen, \u2018oye, somos un gobierno feminista y no lo demostramos en el caso Monsalve, sino en todas estas otras cosas\u2019, \u00bfPerd\u00f3n? Estos no son invento de ellos, no han hecho nada por modernizar el servicio\u201d.<\/p>\n<h3 class=\"wp-block-heading has-text-align-center\" style=\"text-align: justify;\">La intervenci\u00f3n de la directora del Sernameg<\/h3>\n<p style=\"text-align: justify;\"><a href=\"https:\/\/ellibero.cl\/tag\/priscilla-carrasco\/\" target=\"_blank\" rel=\"noopener\">Priscilla Carrasco<\/a>, que tambi\u00e9n es mencionada en otras denuncias al Sernameg, viaj\u00f3 a Ays\u00e9n cuando se investigaba a Guti\u00e9rrez y se reuni\u00f3 con la asociaci\u00f3n de funcionarios regional. Seg\u00fan lo averiguado por la profesional, Carrasco se habr\u00eda comprometido a sacarla del puesto.<\/p>\n<p style=\"text-align: justify;\">\u201cEse era el compromiso que ten\u00eda ella con los funcionarios. O sea, a m\u00ed me iban a desvincular de la instituci\u00f3n y luego de la desvinculaci\u00f3n de la instituci\u00f3n a m\u00ed se me iba a otorgar la pena m\u00e1xima que es una falta de la probidad y yo iba a quedar inhabilitada por cinco a\u00f1os. Ese era el panorama que ten\u00eda\u201d, acusa.<\/p>\n<p style=\"text-align: justify;\">Otra intervenci\u00f3n de la directora nacional en el caso, qued\u00f3 estampada en la respuesta de Carrasco a un petitorio de los funcionarios en 2023. En la carta menciona que<strong>\u00a0le \u201cpreocupa\u201d\u00a0<\/strong>que una funcionaria del servicio haya declarado a favor de la exdirectora regional en una demanda por tutela laboral de esta.<\/p>\n<p style=\"text-align: justify;\">Todo este tiempo, dice Guti\u00e9rrez, lo ha dedicado a trabajar en su defensa con el abogado N\u00e9stor G\u00f3mez Canales, a quien le agradece el resultado positivo en su caso. Eso s\u00ed, hoy est\u00e1 evaluando iniciar procesos administrativos contra quienes la acusaron de maltrato.<\/p>\n<p style=\"text-align: justify;\">\u201cEl estatuto administrativo establece que ante acusaciones de este tipo, que sean infundadas, como aqu\u00ed se pudo corroborar, lo \u00fanico que queda es la destituci\u00f3n de esa funcionaria. Yo voy a solicitar ese sumario.\u00a0<strong>\u00bfPero t\u00fa crees que la se\u00f1ora Carrasco va a determinar la sanci\u00f3n m\u00e1xima o la va a absolver? La va a absolver.<\/strong>\u00a0Y es un falso testimonio, son mentiras y argumentos falsos con los cuales se tratan de destruir no solo una imagen, sino una carrera\u201d, lamenta.<\/p>\n<p style=\"text-align: justify;\">Guti\u00e9rrez ya hab\u00eda denunciado a las denunciantes, pero el sumario estim\u00f3 que al hacer sus acusaciones, ellas s\u00f3lo estaban cumpliendo con su rol sindical y\u00a0<strong>se desestim\u00f3 levantarles cargos.<\/strong><\/p>\n<p>Fuente: El L\u00edbero<\/p>\n<\/div><\/section><\/div><div  style='height:50px' class='hr hr-invisible   avia-builder-el-6  el_after_av_one_full  el_before_av_social_share '><span class='hr-inner ' ><span class='hr-inner-style'><\/span><\/span><\/div><\/p>\n<div  class='av-social-sharing-box  avia-builder-el-7  el_after_av_hr  el_before_av_hr  '><div class='av-share-box'><h5 class='av-share-link-description av-no-toc '>Compartir esta noticia<\/h5><ul class='av-share-box-list noLightbox'><li class='av-share-link av-social-link-facebook' ><a target=\"_blank\" aria-label=\"Compartir en Facebook\" href='https:\/\/www.facebook.com\/sharer.php?u=https:\/\/radiorevelacionfm.cl\/?p=49253&#038;t=Sumariada%2C%20suspendida%2C%20desvinculada%E2%80%A6%20y%20absuelta%3A%20el%20v%C3%ADa%20crucis%20de%20la%20directora%20regional%20de%20Sernameg%20Ays%C3%A9n%20que%20denunci%C3%B3%20despido%20irregular' aria-hidden='false' data-av_icon='\ue8f3' data-av_iconfont='entypo-fontello' title='' data-avia-related-tooltip='Compartir en Facebook' rel=\"noopener\"><span class='avia_hidden_link_text'>Compartir en Facebook<\/span><\/a><\/li><li class='av-share-link av-social-link-twitter' ><a target=\"_blank\" aria-label=\"Compartir en Twitter\" href='https:\/\/twitter.com\/share?text=Sumariada%2C%20suspendida%2C%20desvinculada%E2%80%A6%20y%20absuelta%3A%20el%20v%C3%ADa%20crucis%20de%20la%20directora%20regional%20de%20Sernameg%20Ays%C3%A9n%20que%20denunci%C3%B3%20despido%20irregular&#038;url=https:\/\/radiorevelacionfm.cl\/?p=49253' aria-hidden='false' data-av_icon='\ue8f1' data-av_iconfont='entypo-fontello' title='' data-avia-related-tooltip='Compartir en Twitter' rel=\"noopener\"><span class='avia_hidden_link_text'>Compartir en Twitter<\/span><\/a><\/li><li class='av-share-link av-social-link-whatsapp' ><a target=\"_blank\" aria-label=\"Compartir en Whatsapp\" href='https:\/\/api.whatsapp.com\/send?text=https:\/\/radiorevelacionfm.cl\/?p=49253' aria-hidden='false' data-av_icon='\uf232' data-av_iconfont='entypo-fontello' title='' data-avia-related-tooltip='Compartir en Whatsapp' rel=\"noopener\"><span class='avia_hidden_link_text'>Compartir en Whatsapp<\/span><\/a><\/li><li class='av-share-link av-social-link-linkedin' ><a target=\"_blank\" aria-label=\"Compartir en LinkedIn\" href='https:\/\/linkedin.com\/shareArticle?mini=true&#038;title=Sumariada%2C%20suspendida%2C%20desvinculada%E2%80%A6%20y%20absuelta%3A%20el%20v%C3%ADa%20crucis%20de%20la%20directora%20regional%20de%20Sernameg%20Ays%C3%A9n%20que%20denunci%C3%B3%20despido%20irregular&#038;url=https:\/\/radiorevelacionfm.cl\/?p=49253' aria-hidden='false' data-av_icon='\ue8fc' data-av_iconfont='entypo-fontello' title='' data-avia-related-tooltip='Compartir en LinkedIn' rel=\"noopener\"><span class='avia_hidden_link_text'>Compartir en LinkedIn<\/span><\/a><\/li><li class='av-share-link av-social-link-mail' ><a  aria-label=\"Compartir por correo\" href='mailto:?subject=Sumariada%2C%20suspendida%2C%20desvinculada%E2%80%A6%20y%20absuelta%3A%20el%20v%C3%ADa%20crucis%20de%20la%20directora%20regional%20de%20Sernameg%20Ays%C3%A9n%20que%20denunci%C3%B3%20despido%20irregular&#038;body=https:\/\/radiorevelacionfm.cl\/?p=49253' aria-hidden='false' data-av_icon='\ue805' data-av_iconfont='entypo-fontello' title='' data-avia-related-tooltip='Compartir por correo'><span class='avia_hidden_link_text'>Compartir por correo<\/span><\/a><\/li><\/ul><\/div><\/div>\n<div  style='height:50px' class='hr hr-invisible   avia-builder-el-8  el_after_av_social_share  el_before_av_comments_list '><span class='hr-inner ' ><span class='hr-inner-style'><\/span><\/span><\/div>\n<div  class='av-buildercomment  av-blog-meta-html-info-disabled av-blog-meta-tag-disabled  '><\/div>\n","protected":false},"excerpt":{"rendered":"","protected":false},"author":1,"featured_media":49254,"comment_status":"open","ping_status":"open","sticky":false,"template":"","format":"standard","meta":{"footnotes":""},"categories":[38],"tags":[],"class_list":["post-49253","post","type-post","status-publish","format-standard","has-post-thumbnail","hentry","category-regional"],"jetpack_featured_media_url":"https:\/\/radiorevelacionfm.cl\/wp-content\/uploads\/2024\/12\/Ex-Directora-SernamEG-1-1.jpg","_links":{"self":[{"href":"https:\/\/radiorevelacionfm.cl\/index.php?rest_route=\/wp\/v2\/posts\/49253","targetHints":{"allow":["GET"]}}],"collection":[{"href":"https:\/\/radiorevelacionfm.cl\/index.php?rest_route=\/wp\/v2\/posts"}],"about":[{"href":"https:\/\/radiorevelacionfm.cl\/index.php?rest_route=\/wp\/v2\/types\/post"}],"author":[{"embeddable":true,"href":"https:\/\/radiorevelacionfm.cl\/index.php?rest_route=\/wp\/v2\/users\/1"}],"replies":[{"embeddable":true,"href":"https:\/\/radiorevelacionfm.cl\/index.php?rest_route=%2Fwp%2Fv2%2Fcomments&post=49253"}],"version-history":[{"count":1,"href":"https:\/\/radiorevelacionfm.cl\/index.php?rest_route=\/wp\/v2\/posts\/49253\/revisions"}],"predecessor-version":[{"id":49255,"href":"https:\/\/radiorevelacionfm.cl\/index.php?rest_route=\/wp\/v2\/posts\/49253\/revisions\/49255"}],"wp:featuredmedia":[{"embeddable":true,"href":"https:\/\/radiorevelacionfm.cl\/index.php?rest_route=\/wp\/v2\/media\/49254"}],"wp:attachment":[{"href":"https:\/\/radiorevelacionfm.cl\/index.php?rest_route=%2Fwp%2Fv2%2Fmedia&parent=49253"}],"wp:term":[{"taxonomy":"category","embeddable":true,"href":"https:\/\/radiorevelacionfm.cl\/index.php?rest_route=%2Fwp%2Fv2%2Fcategories&post=49253"},{"taxonomy":"post_tag","embeddable":true,"href":"https:\/\/radiorevelacionfm.cl\/index.php?rest_route=%2Fwp%2Fv2%2Ftags&post=49253"}],"curies":[{"name":"wp","href":"https:\/\/api.w.org\/{rel}","templated":true}]}}