{"id":49245,"date":"2024-12-29T16:42:20","date_gmt":"2024-12-29T19:42:20","guid":{"rendered":"https:\/\/radiorevelacionfm.cl\/?p=49245"},"modified":"2024-12-29T16:42:20","modified_gmt":"2024-12-29T19:42:20","slug":"firman-declaratoria-que-define-a-la-carretera-austral-como-ruta-escenica","status":"publish","type":"post","link":"https:\/\/radiorevelacionfm.cl\/?p=49245","title":{"rendered":"Firman declaratoria que define a la Carretera Austral como ruta esc\u00e9nica"},"content":{"rendered":"<div class=\"flex_column av_one_full  flex_column_div av-zero-column-padding first  avia-builder-el-0  el_before_av_one_full  avia-builder-el-first  \" style='border-radius:0px; '><div  class='avia-image-container  av-styling-    avia-builder-el-1  avia-builder-el-no-sibling  avia-align-center '  itemprop=\"image\" itemscope=\"itemscope\" itemtype=\"https:\/\/schema.org\/ImageObject\"  ><div class='avia-image-container-inner'><div class='avia-image-overlay-wrap'><img decoding=\"async\" class='wp-image-49246 avia-img-lazy-loading-not-49246 avia_image' src=\"https:\/\/radiorevelacionfm.cl\/wp-content\/uploads\/2024\/12\/img_2904-1_optimized-1.jpg\" alt='' title='img_2904-(1)_optimized (1)' height=\"600\" width=\"900\"  itemprop=\"thumbnailUrl\" srcset=\"https:\/\/radiorevelacionfm.cl\/wp-content\/uploads\/2024\/12\/img_2904-1_optimized-1.jpg 900w, https:\/\/radiorevelacionfm.cl\/wp-content\/uploads\/2024\/12\/img_2904-1_optimized-1-300x200.jpg 300w, https:\/\/radiorevelacionfm.cl\/wp-content\/uploads\/2024\/12\/img_2904-1_optimized-1-768x512.jpg 768w, https:\/\/radiorevelacionfm.cl\/wp-content\/uploads\/2024\/12\/img_2904-1_optimized-1-705x470.jpg 705w, https:\/\/radiorevelacionfm.cl\/wp-content\/uploads\/2024\/12\/img_2904-1_optimized-1-450x300.jpg 450w, https:\/\/radiorevelacionfm.cl\/wp-content\/uploads\/2024\/12\/img_2904-1_optimized-1-600x400.jpg 600w\" sizes=\"(max-width: 900px) 100vw, 900px\" \/><\/div><\/div><\/div><\/div><div class=\"flex_column av_one_full  flex_column_div av-zero-column-padding first  avia-builder-el-2  el_after_av_one_full  el_before_av_one_full  column-top-margin\" style='border-radius:0px; '><section class=\"av_textblock_section \"  itemscope=\"itemscope\" itemtype=\"https:\/\/schema.org\/BlogPosting\" itemprop=\"blogPost\" ><div class='avia_textblock  '   itemprop=\"text\" ><p style=\"text-align: center;\"><strong><span style=\"font-size: 18pt;\">Firman declaratoria que define a la Carretera Austral como ruta esc\u00e9nica<\/span><\/strong><\/p>\n<div id=\"gtx-trans\" style=\"position: absolute; left: -50px; top: 4.31534px;\">\n<div class=\"gtx-trans-icon\"><\/div>\n<\/div>\n<\/div><\/section><\/div><div class=\"flex_column av_one_full  flex_column_div av-zero-column-padding first  avia-builder-el-4  el_after_av_one_full  el_before_av_hr  column-top-margin\" style='border-radius:0px; '><section class=\"av_textblock_section \"  itemscope=\"itemscope\" itemtype=\"https:\/\/schema.org\/BlogPosting\" itemprop=\"blogPost\" ><div class='avia_textblock  '   itemprop=\"text\" ><ul>\n<li style=\"text-align: justify;\"><em>Este hito potenciar\u00e1 la Carretera Austral como destino tur\u00edstico nacional e internacional.<\/em><\/li>\n<\/ul>\n<p style=\"text-align: justify;\">Hasta el Parque Nacional Cerro Castillo en la regi\u00f3n de Ays\u00e9n, viaj\u00f3 el Director Nacional de Vialidad del Ministerio de Obras P\u00fablicas, Horacio Pfeiffer Agurto para firmar la Declaratoria que define a la Carretera Austral como Ruta Esc\u00e9nica, un reconocimiento que no solo destaca y pone en valor la belleza natural de este tramo vial, sino tambi\u00e9n releva su importancia cultural, ambiental y tur\u00edstica, impulsando con ello un trabajo conjunto entre el sector p\u00fablico y privado para generar nueva infraestructura entorno a la Carretera Austral y potenciarla como destino tur\u00edstico nacional e internacional.<\/p>\n<p style=\"text-align: justify;\">En la ceremonia, el Director Nacional de Vialidad del Ministerio de Obras P\u00fablicas destac\u00f3: \u201cHemos decretado como Ruta Esc\u00e9nica m\u00e1s de 1200 km de una de las Rutas m\u00e1s importante que hemos venido desarrollando como Ministerio de Obras P\u00fablicas, que es la Ruta 7. Hoy d\u00eda la Carretera Austral forma parte integrante de esta Red esc\u00e9nica que permitir\u00e1 que todos nuestros proyectos tengan no s\u00f3lo una mirada de conectividad sino tambi\u00e9n, pensando en el turismo y en el desarrollo de una infraestructura que converse con el entorno, con los hermosos paisajes, nuestras lagunas, los ventisqueros y todo lo que nos rodea en el hermoso entorno de la Carretera Austral\u201d.<\/p>\n<p style=\"text-align: justify;\">Una ruta esc\u00e9nica, es un camino o tramo de camino que se emplaza en zonas de alto o singular valor paisaj\u00edstico, ambiental y\/o cultural, cuyo trazado y obras complementarias ayudan a preservar, proteger y poner en valor el entorno donde se insertan y a favorecer el desarrollo tur\u00edstico del territorio. Esta Declaratoria de la Carretera Austral como Ruta Esc\u00e9nica implicar\u00e1, ser distinguirla del resto de la red vial nacional, d\u00e1ndole un car\u00e1cter especial.<\/p>\n<p style=\"text-align: justify;\">En ese sentido, Horacio Pfeiffer se\u00f1al\u00f3 que \u201cesta es una invitaci\u00f3n que tambi\u00e9n hacemos a muchos organismos a un trabajo colaborativo que vamos a empezar a desarrollar para poder darle una identidad propia a estas dos regiones que forman parte de la Carretera Austral -la regi\u00f3n de los Lagos y la Regi\u00f3n de Ays\u00e9n- y que nos va a permitir hermosear esta Ruta ya sea a trav\u00e9s de letreros, miradores y muchas obras m\u00e1s que nos permite un desarrollo que tambi\u00e9n conversa con los turistas que vienen a la regi\u00f3n, hablamos de desarrollo de grandes actividades deportivas como el Patagonman, mucha gente que viene a recorrer esta ruta en bicicleta; entonces tenemos que generar una infraestructura que pueda ser disfrutada por todas las personas, los turistas y los que viven ac\u00e1 tambi\u00e9n, asique estoy muy contento hoy d\u00eda de generar este granito de arena acompa\u00f1ado de muchas autoridades regionales que est\u00e1n muy comprometidas y que nos han apoyado en esta Declaratoria de Ruta esc\u00e9nica\u201d.<\/p>\n<p style=\"text-align: justify;\">La Carretera Austral, es un camino emblem\u00e1tico no solo por ser un eje de conectividad, sino tambi\u00e9n es conocido porque atraviesa o se aproxima a 14 \u00e1reas silvestres protegidas y cruza 15 comunas de las regiones de Ays\u00e9n y de Los Lagos, consolid\u00e1ndose como un verdadero corredor de transporte, de naturaleza, cultura y desarrollo para el sur de Chile, siendo clave la infraestructura p\u00fablica para el desarrollo y el bienestar de un pa\u00eds, porque facilita la conectividad, el acceso a servicios y la integraci\u00f3n de territorios, especialmente en \u00e1reas remotas. De esta forma, la Carretera Austral no solo es una gran obra de ingenier\u00eda, sino tambi\u00e9n es un proyecto de gran relevancia para el Ministerio de Obras P\u00fablicas en cuanto a la presencia del Estado en una arteria vital para el sur de Chile y c\u00f3mo a trav\u00e9s de ella se integra al turismo.<\/p>\n<p style=\"text-align: justify;\">Para Crist\u00f3bal Ben\u00edtez, Director Nacional del Servicio Nacional de Turismo (Sernatur), este es un hito muy importante. \u201cSabemos y estamos convencidos que el desarrollo de infraestructura que ponga en valor todos los territorios es un motor de desarrollo para la actividad tur\u00edstica y principalmente en este caso reconoce el valor paisaj\u00edstico, ambiental, cultural que tiene la Ruta Esc\u00e9nica Carretera Austral, lo que nos va a permitir y poner en valor y seguir trabajando en conjunto sector p\u00fablico y privado para poder desarrollar infraestructura tur\u00edstica, equipamientos y servicios entorno a la Carretera Austral y posesionar este territorio como potencial tur\u00edstico a nivel internacional\u201d.<\/p>\n<p style=\"text-align: justify;\">As\u00ed tambi\u00e9n lo percibe Jaime Guazzini, presidente de Federaci\u00f3n de Empresas de Turismo de Chile (Fedetur), quien resalt\u00f3: \u201cEste hito es relevante, muy relevante porque da inicio a todo un trabajo de mediano a largo plazo para transformar a la carretera austral un destino tur\u00edstico de jerarqu\u00eda internacional. No solamente va a poner a la regi\u00f3n en los ojos de Chile, sino que va a poner a la regi\u00f3n a competir con otros destinos de jerarqu\u00eda internacional y va a fortalecer la oferta tur\u00edstica no s\u00f3lo de esta regi\u00f3n sino que de Chile, esa es la relevancia que tiene esto, y por supuesto, este es el hito inicial pero lo que necesitamos ahora es que esto se vaya transformando en infraestructura, en equipamiento, y en mayores servicios para los turistas nacionales e internacionales\u201d.<\/p>\n<p style=\"text-align: justify;\">La concepci\u00f3n de la actual Carretera Austral se gest\u00f3 en la segunda mitad de la d\u00e9cada de 1970, con el objetivo de conectar Puerto Montt con Coyhaique, y se bas\u00f3 en gran medida en el trazado propuesto por estudios realizados a fines de la d\u00e9cada del 60. En su recorrido, el emplazamiento de la Carretera Austral atraves\u00f3 un extenso territorio, impulsando el surgimiento de peque\u00f1os centros de servicios que, con el tiempo, han dado lugar a importantes poblaciones y comunidades a lo largo de su recorrido.<\/p>\n<p style=\"text-align: justify;\">En este contexto, la Seremi del MOP en la Regi\u00f3n de Ays\u00e9n Paloma Jara Vald\u00e9s afirm\u00f3: \u201cEstamos muy orgullosos de hacer la Declaratoria de la Ruta esc\u00e9nica en la regi\u00f3n de Ays\u00e9n. La Ruta 7 es Biregional pero su coraz\u00f3n vive en nuestra Patagonia m\u00e1s profunda, que es la regi\u00f3n de Ays\u00e9n. Hacemos un reconocimiento a los funcionarios y funcionarias del Ministerio de Obras P\u00fablicas que han trabajado arduamente durante a\u00f1os para lograr esta Declaratoria que hoy d\u00eda tiene lugar importante con la firma de nuestro Director Nacional de Vialidad. Ahora tenemos tambi\u00e9n nuevos desaf\u00edos que van de la mano de crear una infraestructura que sea amigable con nuestro medio y que nos permita realzar la belleza esc\u00e9nica y a eso hoy d\u00eda nos comprometemos como Ministerio de Obras P\u00fablicas\u201d.<\/p>\n<p style=\"text-align: justify;\"><strong><u>NUEVAS OBRAS<\/u><\/strong><\/p>\n<p style=\"text-align: justify;\">La Ruta Esc\u00e9nica Carretera Austral, considera 10 tramos que se inician en la Ruta 7 desde Puerto Montt hasta la bifurcaci\u00f3n con la Ruta la Ruta X-91 (1.240 Km) y 7 km de la Ruta X-91 hasta llegar a la localidad de Puerto Bahamondes, que presentan atributos geogr\u00e1ficos, paisaj\u00edsticos y culturales para desarrollar infraestructuras complementarias, con el fin de mejorar la experiencia de quienes transitan por ella esta Ruta y fortalecer el turismo responsable, siempre en armon\u00eda con el entorno natural y cultural que la rodea, lo que es clave para su preservaci\u00f3n y desarrollo sostenible.<\/p>\n<p style=\"text-align: justify;\">Los 10 tramos son:<\/p>\n<ul style=\"text-align: justify;\">\n<li>Puerto Montt &#8211; Caleta La Arena<\/li>\n<li>Caleta Puelche &#8211; Caleta Pichanco<\/li>\n<li>Caleta Gonzalo &#8211; El Amarillo<\/li>\n<li>El Amarillo &#8211; La Junta<\/li>\n<li>La Junta &#8211; Lago Las Torres<\/li>\n<li>Lago Las Torres &#8211; Bifurcaci\u00f3n Ruta 7 \/ Ruta Ch245<\/li>\n<li>Bifurcaci\u00f3n Ruta 7 \/ Ruta Ch245 &#8211; Empalme A Bah\u00eda Murta y Puerto S\u00e1nchez<\/li>\n<li>Empalme a Bah\u00eda Murta y Puerto S\u00e1nchez &#8211; Pasarela El Manzano<\/li>\n<li>Pasarela El Manzano &#8211; Puerto Yungay<\/li>\n<li>Embarcadero R\u00edo Bravo &#8211; Puerto Bahamondes<\/li>\n<\/ul>\n<p style=\"text-align: justify;\">Cabe se\u00f1alar que, en la ceremonia de firma de Declaratoria Horacio Pfeiffer fue acompa\u00f1ado por el Director Nacional del Servicio Nacional de Turismo, Sernatur, Crist\u00f3bal Ben\u00edtez, Jaime Guazzini, presidente de Federaci\u00f3n de Empresas de Turismo de Chile (Fedetur), diversos representantes y operadores tur\u00edsticos, as\u00ed como tambi\u00e9n el Gobernador Regional de Ays\u00e9n Omar Mu\u00f1oz, el Delegado Presidencial Regional Jorge D\u00edaz Guzm\u00e1n, la Senadora Ximena \u00d3rdenes, la Diputada Marcia Raphael, la Secretaria Regional Ministerial de Obras P\u00fablicas Paloma Jara Vald\u00e9s y los Directores Regionales de Vialidad del MOP Renzo Sanders y de Turismo Claudio Montecinos.<\/p>\n<p style=\"text-align: justify;\">El Director Nacional de Vialidad del MOP, culmin\u00f3 su gira por la provincia de Coyhaique con una visita a las obras de pavimentaci\u00f3n de 10 km del camino a Lago Atravesado.<\/p>\n<\/div><\/section><\/div><div  style='height:50px' class='hr hr-invisible   avia-builder-el-6  el_after_av_one_full  el_before_av_social_share '><span class='hr-inner ' ><span class='hr-inner-style'><\/span><\/span><\/div><\/p>\n<div  class='av-social-sharing-box  avia-builder-el-7  el_after_av_hr  el_before_av_hr  '><div class='av-share-box'><h5 class='av-share-link-description av-no-toc '>Compartir esta noticia<\/h5><ul class='av-share-box-list noLightbox'><li class='av-share-link av-social-link-facebook' ><a target=\"_blank\" aria-label=\"Compartir en Facebook\" href='https:\/\/www.facebook.com\/sharer.php?u=https:\/\/radiorevelacionfm.cl\/?p=49245&#038;t=Firman%20declaratoria%20que%20define%20a%20la%20Carretera%20Austral%20como%20ruta%20esc%C3%A9nica' aria-hidden='false' data-av_icon='\ue8f3' data-av_iconfont='entypo-fontello' title='' data-avia-related-tooltip='Compartir en Facebook' rel=\"noopener\"><span class='avia_hidden_link_text'>Compartir en Facebook<\/span><\/a><\/li><li class='av-share-link av-social-link-twitter' ><a target=\"_blank\" aria-label=\"Compartir en Twitter\" href='https:\/\/twitter.com\/share?text=Firman%20declaratoria%20que%20define%20a%20la%20Carretera%20Austral%20como%20ruta%20esc%C3%A9nica&#038;url=https:\/\/radiorevelacionfm.cl\/?p=49245' aria-hidden='false' data-av_icon='\ue8f1' data-av_iconfont='entypo-fontello' title='' data-avia-related-tooltip='Compartir en Twitter' rel=\"noopener\"><span class='avia_hidden_link_text'>Compartir en Twitter<\/span><\/a><\/li><li class='av-share-link av-social-link-whatsapp' ><a target=\"_blank\" aria-label=\"Compartir en Whatsapp\" href='https:\/\/api.whatsapp.com\/send?text=https:\/\/radiorevelacionfm.cl\/?p=49245' aria-hidden='false' data-av_icon='\uf232' data-av_iconfont='entypo-fontello' title='' data-avia-related-tooltip='Compartir en Whatsapp' rel=\"noopener\"><span class='avia_hidden_link_text'>Compartir en Whatsapp<\/span><\/a><\/li><li class='av-share-link av-social-link-linkedin' ><a target=\"_blank\" aria-label=\"Compartir en LinkedIn\" href='https:\/\/linkedin.com\/shareArticle?mini=true&#038;title=Firman%20declaratoria%20que%20define%20a%20la%20Carretera%20Austral%20como%20ruta%20esc%C3%A9nica&#038;url=https:\/\/radiorevelacionfm.cl\/?p=49245' aria-hidden='false' data-av_icon='\ue8fc' data-av_iconfont='entypo-fontello' title='' data-avia-related-tooltip='Compartir en LinkedIn' rel=\"noopener\"><span class='avia_hidden_link_text'>Compartir en LinkedIn<\/span><\/a><\/li><li class='av-share-link av-social-link-mail' ><a  aria-label=\"Compartir por correo\" href='mailto:?subject=Firman%20declaratoria%20que%20define%20a%20la%20Carretera%20Austral%20como%20ruta%20esc%C3%A9nica&#038;body=https:\/\/radiorevelacionfm.cl\/?p=49245' aria-hidden='false' data-av_icon='\ue805' data-av_iconfont='entypo-fontello' title='' data-avia-related-tooltip='Compartir por correo'><span class='avia_hidden_link_text'>Compartir por correo<\/span><\/a><\/li><\/ul><\/div><\/div>\n<div  style='height:50px' class='hr hr-invisible   avia-builder-el-8  el_after_av_social_share  el_before_av_comments_list '><span class='hr-inner ' ><span class='hr-inner-style'><\/span><\/span><\/div>\n<div  class='av-buildercomment  av-blog-meta-html-info-disabled av-blog-meta-tag-disabled  '><\/div>\n","protected":false},"excerpt":{"rendered":"","protected":false},"author":1,"featured_media":49246,"comment_status":"open","ping_status":"open","sticky":false,"template":"","format":"standard","meta":{"footnotes":""},"categories":[38],"tags":[],"class_list":["post-49245","post","type-post","status-publish","format-standard","has-post-thumbnail","hentry","category-regional"],"jetpack_featured_media_url":"https:\/\/radiorevelacionfm.cl\/wp-content\/uploads\/2024\/12\/img_2904-1_optimized-1.jpg","_links":{"self":[{"href":"https:\/\/radiorevelacionfm.cl\/index.php?rest_route=\/wp\/v2\/posts\/49245","targetHints":{"allow":["GET"]}}],"collection":[{"href":"https:\/\/radiorevelacionfm.cl\/index.php?rest_route=\/wp\/v2\/posts"}],"about":[{"href":"https:\/\/radiorevelacionfm.cl\/index.php?rest_route=\/wp\/v2\/types\/post"}],"author":[{"embeddable":true,"href":"https:\/\/radiorevelacionfm.cl\/index.php?rest_route=\/wp\/v2\/users\/1"}],"replies":[{"embeddable":true,"href":"https:\/\/radiorevelacionfm.cl\/index.php?rest_route=%2Fwp%2Fv2%2Fcomments&post=49245"}],"version-history":[{"count":1,"href":"https:\/\/radiorevelacionfm.cl\/index.php?rest_route=\/wp\/v2\/posts\/49245\/revisions"}],"predecessor-version":[{"id":49247,"href":"https:\/\/radiorevelacionfm.cl\/index.php?rest_route=\/wp\/v2\/posts\/49245\/revisions\/49247"}],"wp:featuredmedia":[{"embeddable":true,"href":"https:\/\/radiorevelacionfm.cl\/index.php?rest_route=\/wp\/v2\/media\/49246"}],"wp:attachment":[{"href":"https:\/\/radiorevelacionfm.cl\/index.php?rest_route=%2Fwp%2Fv2%2Fmedia&parent=49245"}],"wp:term":[{"taxonomy":"category","embeddable":true,"href":"https:\/\/radiorevelacionfm.cl\/index.php?rest_route=%2Fwp%2Fv2%2Fcategories&post=49245"},{"taxonomy":"post_tag","embeddable":true,"href":"https:\/\/radiorevelacionfm.cl\/index.php?rest_route=%2Fwp%2Fv2%2Ftags&post=49245"}],"curies":[{"name":"wp","href":"https:\/\/api.w.org\/{rel}","templated":true}]}}