{"id":49242,"date":"2024-12-30T10:14:24","date_gmt":"2024-12-30T13:14:24","guid":{"rendered":"https:\/\/radiorevelacionfm.cl\/?p=49242"},"modified":"2024-12-30T10:14:24","modified_gmt":"2024-12-30T13:14:24","slug":"movido-fin-de-ano-en-la-comuna-de-rio-ibanez-concejales-y-junta-de-vecinos-de-tranquilo-exigen-auditoria-externa-a-gestion-saliente","status":"publish","type":"post","link":"https:\/\/radiorevelacionfm.cl\/?p=49242","title":{"rendered":"Movido fin de a\u00f1o en la comuna de R\u00edo Ib\u00e1\u00f1ez: Concejales y Junta de Vecinos de Tranquilo exigen auditor\u00eda externa a gesti\u00f3n saliente"},"content":{"rendered":"<div class=\"flex_column av_one_full  flex_column_div av-zero-column-padding first  avia-builder-el-0  el_before_av_one_full  avia-builder-el-first  \" style='border-radius:0px; '><div  class='avia-image-container  av-styling-    avia-builder-el-1  avia-builder-el-no-sibling  avia-align-center '  itemprop=\"image\" itemscope=\"itemscope\" itemtype=\"https:\/\/schema.org\/ImageObject\"  ><div class='avia-image-container-inner'><div class='avia-image-overlay-wrap'><img decoding=\"async\" class='wp-image-42187 avia-img-lazy-loading-not-42187 avia_image' src=\"https:\/\/radiorevelacionfm.cl\/wp-content\/uploads\/2024\/05\/municipalidad-ibanez-1_optimized-1.jpg\" alt='' title='municipalidad-iba\u00f1ez-(1)_optimized (1)' height=\"600\" width=\"1066\"  itemprop=\"thumbnailUrl\" srcset=\"https:\/\/radiorevelacionfm.cl\/wp-content\/uploads\/2024\/05\/municipalidad-ibanez-1_optimized-1.jpg 1066w, https:\/\/radiorevelacionfm.cl\/wp-content\/uploads\/2024\/05\/municipalidad-ibanez-1_optimized-1-300x169.jpg 300w, https:\/\/radiorevelacionfm.cl\/wp-content\/uploads\/2024\/05\/municipalidad-ibanez-1_optimized-1-1030x580.jpg 1030w, https:\/\/radiorevelacionfm.cl\/wp-content\/uploads\/2024\/05\/municipalidad-ibanez-1_optimized-1-768x432.jpg 768w, https:\/\/radiorevelacionfm.cl\/wp-content\/uploads\/2024\/05\/municipalidad-ibanez-1_optimized-1-705x397.jpg 705w, https:\/\/radiorevelacionfm.cl\/wp-content\/uploads\/2024\/05\/municipalidad-ibanez-1_optimized-1-450x253.jpg 450w, https:\/\/radiorevelacionfm.cl\/wp-content\/uploads\/2024\/05\/municipalidad-ibanez-1_optimized-1-600x338.jpg 600w\" sizes=\"(max-width: 1066px) 100vw, 1066px\" \/><\/div><\/div><\/div><\/div><div class=\"flex_column av_one_full  flex_column_div av-zero-column-padding first  avia-builder-el-2  el_after_av_one_full  el_before_av_one_full  column-top-margin\" style='border-radius:0px; '><section class=\"av_textblock_section \"  itemscope=\"itemscope\" itemtype=\"https:\/\/schema.org\/BlogPosting\" itemprop=\"blogPost\" ><div class='avia_textblock  '   itemprop=\"text\" ><p style=\"text-align: center;\"><span style=\"font-size: 18pt;\"><b><span lang=\"ES-TRAD\">Movido fin de a\u00f1o en la comuna de R\u00edo Ib\u00e1\u00f1ez: Concejales y Junta de Vecinos de Tranquilo exigen auditor\u00eda externa a gesti\u00f3n saliente<\/span><\/b><\/span><\/p>\n<div id=\"gtx-trans\" style=\"position: absolute; left: -50px; top: 4.31534px;\">\n<div class=\"gtx-trans-icon\"><\/div>\n<\/div>\n<\/div><\/section><\/div><div class=\"flex_column av_one_full  flex_column_div av-zero-column-padding first  avia-builder-el-4  el_after_av_one_full  el_before_av_hr  column-top-margin\" style='border-radius:0px; '><section class=\"av_textblock_section \"  itemscope=\"itemscope\" itemtype=\"https:\/\/schema.org\/BlogPosting\" itemprop=\"blogPost\" ><div class='avia_textblock  '   itemprop=\"text\" ><ul>\n<li class=\"v1gmail-MsoListParagraphCxSpFirst\" style=\"text-align: justify;\"><i><span lang=\"ES-TRAD\">Alcalde Marcelo J\u00e9lvez respondi\u00f3 con una primera carta aduciendo restricciones presupuestarias, ya que una revisi\u00f3n por terceros no fue aprobada en el presupuesto 2025 y porque no se prev\u00e9n ingresos extra que permitan la auditor\u00eda.<\/span><\/i><\/li>\n<li class=\"v1gmail-MsoListParagraphCxSpLast\" style=\"text-align: justify;\"><i><span lang=\"ES-TRAD\">Concejala Gloria Jaramillo explic\u00f3 que en el Concejo de 30 de diciembre reiterar\u00e1n la solicitud y, si es necesario, requerir\u00e1n una modificaci\u00f3n presupuestaria.<\/span><\/i><\/li>\n<\/ul>\n<p class=\"v1MsoNormal\" style=\"text-align: justify;\"><span lang=\"ES-TRAD\">Un remez\u00f3n de fin de a\u00f1o est\u00e1 viviendo el recientemente asumido alcalde de R\u00edo Ib\u00e1\u00f1ez, Marcelo J\u00e9lvez C\u00e1rdenas. El motivo, la solicitud para que se realice una auditor\u00eda externa a la administraci\u00f3n saliente: en una primera gestionada por el actual gobernador electo Marcelo Santana Vargas y, posteriormente, por Juan Saldivia Cea. Todos ligados a la Uni\u00f3n Dem\u00f3crata Independiente.<\/span><\/p>\n<p class=\"v1MsoNormal\" style=\"text-align: justify;\"><span lang=\"ES-TRAD\">Hasta el momento, el nuevo representante comunal se ha negado a dicho requerimiento aduciendo que esta posibilidad no est\u00e1 incluida en el presupuesto 2025, aprobado por la administraci\u00f3n saliente en noviembre de este a\u00f1o.<\/span><\/p>\n<p class=\"v1MsoNormal\" style=\"text-align: justify;\"><b><span lang=\"ES-TRAD\">Los requerimientos<\/span><\/b><\/p>\n<p class=\"v1MsoNormal\" style=\"text-align: justify;\"><span lang=\"ES-TRAD\">El 16 de diciembre la Junta de Vecinos de Puerto R\u00edo Tranquilo envi\u00f3 una<span class=\"v1gmail-Apple-converted-space\">\u00a0<\/span><a href=\"https:\/\/www.instagram.com\/p\/DDuA4xgRGoW\/\" target=\"_blank\" rel=\"noopener noreferrer\">carta<\/a><span class=\"v1gmail-Apple-converted-space\">\u00a0<\/span>al nuevo alcalde y Concejal Municipal, en la cual solicitaban \u00ab<i>la realizaci\u00f3n de una auditor\u00eda externa que permita revisar la gesti\u00f3n administrativa y financiera de la municipalidad<\/i>\u00ab. Fundamentan su requerimiento en \u00ab<i>la necesidad de proporcionar tranquilidad y transparencia a nuestra comunidad\u00bb<\/i><\/span><\/p>\n<p class=\"v1MsoNormal\" style=\"text-align: justify;\"><span lang=\"ES-TRAD\">La idea es \u00ab<i>iniciar este nuevo ciclo de gobierno local con una evaluaci\u00f3n objetiva por parte de un organismo externo<\/i>\u00ab, lo que \u00ab<i>no s\u00f3lo fortalecer\u00e1 la confianza ciudadana, sino que tambi\u00e9n contribuir\u00e1 a optimizar la gesti\u00f3n p\u00fablica en beneficio de toda la comunidad, particularmente despu\u00e9s de un extenso periodo bajo la administraci\u00f3n anterior<\/i>\u00ab. Esto, m\u00e1s a\u00fan cuando se elimin\u00f3 completamente el Departamento de Educaci\u00f3n, producto de la implementaci\u00f3n por ley de los Servicios Locales de Educaci\u00f3n P\u00fablica (SLEP).<\/span><\/p>\n<p class=\"v1MsoNormal\" style=\"text-align: justify;\"><span lang=\"ES-TRAD\">La medida ser\u00eda \u00ab<i>una oportunidad para reafirmar su compromiso con la probidad, la eficiencia y la participaci\u00f3n ciudadana<\/i>\u00ab.<\/span><\/p>\n<p class=\"v1MsoNormal\" style=\"text-align: justify;\"><span lang=\"ES-TRAD\">La respuesta al requerimiento no tard\u00f3 en llegar. El 23 de diciembre el nuevo alcalde Marcelo J\u00e9lvez inform\u00f3 que el Presupuesto 2025, aprobado por el Concejo Municipal el 12 de noviembre, \u00ab<i>no consider\u00f3 como gasto la realizaci\u00f3n de una auditor\u00eda externa<\/i>\u00ab.\u00a0<span class=\"v1gmail-Apple-converted-space\">\u00a0<\/span>Esto ha derivado en que acorde al \u00ab<i>principio de sanidad y equilibrio financiero<\/i>\u00bb que establece que \u00ab<i>el Concejo Municipal s\u00f3lo podr\u00e1 aprobar presupuestos debidamente financiados&#8230; no resulta plausible acceder a vuestra solicitud de auditor\u00eda externa, ya que adem\u00e1s, a la fecha de emisi\u00f3n del presente, no se visualizan mayores ingresos para el 2025 que los proyectados en el Presupuesto 2025<\/i>\u00ab.<\/span><\/p>\n<p class=\"v1MsoNormal\" style=\"text-align: justify;\"><span lang=\"ES-TRAD\">Al respecto, la concejala<b><span class=\"v1gmail-Apple-converted-space\">\u00a0<\/span>Gloria Jaramillo Gallardo<\/b><span class=\"v1gmail-Apple-converted-space\">\u00a0<\/span>(ind. PS), quien fuera presidenta de la Junta de Vecinos de Puerto R\u00edo Tranquilo, expres\u00f3 sobre esta materia que junto a su colega<span class=\"v1gmail-Apple-converted-space\">\u00a0<\/span><b>Aner Oyarz\u00fan Vidal<\/b><span class=\"v1gmail-Apple-converted-space\">\u00a0<\/span>(PPD) \u00ab<i>solicitaremos que se coloque en tabla, para el primer Consejo y que lo voten los seis concejales, si estamos de acuerdo o no en hacer una auditor\u00eda externa, para determinar la eficiencia y efectividad de los procesos en cuanto a gastos municipales<\/i>\u00ab.\u00a0<span class=\"v1gmail-Apple-converted-space\">\u00a0<\/span>Adem\u00e1s requerir\u00e1n una modificaci\u00f3n presupuestaria con el mismo objetivo.<\/span><\/p>\n<p class=\"v1MsoNormal\" style=\"text-align: justify;\"><span lang=\"ES-TRAD\">El Concejo Municipal est\u00e1 compuesto adem\u00e1s por<span class=\"v1gmail-Apple-converted-space\">\u00a0<\/span><b>Renan Catal\u00e1n Gavil\u00e1n<span class=\"v1gmail-Apple-converted-space\">\u00a0<\/span><\/b>(ind. PS),<span class=\"v1gmail-Apple-converted-space\">\u00a0<\/span><\/span><b>Willson Aguilar Martel <\/b>(ind. UDI),<span class=\"v1gmail-Apple-converted-space\">\u00a0<\/span><b><span lang=\"ES-TRAD\">Ver\u00f3nica Rojas Avenda\u00f1o<\/span><\/b><span lang=\"ES-TRAD\"><span class=\"v1gmail-Apple-converted-space\">\u00a0<\/span>(ind. UDI) y<span class=\"v1gmail-Apple-converted-space\">\u00a0<\/span><b>Fernando Quintul Cea (ind. UDI)<\/b>.<\/span><\/p>\n<\/div><\/section><\/div><div  style='height:50px' class='hr hr-invisible   avia-builder-el-6  el_after_av_one_full  el_before_av_social_share '><span class='hr-inner ' ><span class='hr-inner-style'><\/span><\/span><\/div><\/p>\n<div  class='av-social-sharing-box  avia-builder-el-7  el_after_av_hr  el_before_av_hr  '><div class='av-share-box'><h5 class='av-share-link-description av-no-toc '>Compartir esta noticia<\/h5><ul class='av-share-box-list noLightbox'><li class='av-share-link av-social-link-facebook' ><a target=\"_blank\" aria-label=\"Compartir en Facebook\" href='https:\/\/www.facebook.com\/sharer.php?u=https:\/\/radiorevelacionfm.cl\/?p=49242&#038;t=Movido%20fin%20de%20a%C3%B1o%20en%20la%20comuna%20de%20R%C3%ADo%20Ib%C3%A1%C3%B1ez%3A%20Concejales%20y%20Junta%20de%20Vecinos%20de%20Tranquilo%20exigen%20auditor%C3%ADa%20externa%20a%20gesti%C3%B3n%20saliente' aria-hidden='false' data-av_icon='\ue8f3' data-av_iconfont='entypo-fontello' title='' data-avia-related-tooltip='Compartir en Facebook' rel=\"noopener\"><span class='avia_hidden_link_text'>Compartir en Facebook<\/span><\/a><\/li><li class='av-share-link av-social-link-twitter' ><a target=\"_blank\" aria-label=\"Compartir en Twitter\" href='https:\/\/twitter.com\/share?text=Movido%20fin%20de%20a%C3%B1o%20en%20la%20comuna%20de%20R%C3%ADo%20Ib%C3%A1%C3%B1ez%3A%20Concejales%20y%20Junta%20de%20Vecinos%20de%20Tranquilo%20exigen%20auditor%C3%ADa%20externa%20a%20gesti%C3%B3n%20saliente&#038;url=https:\/\/radiorevelacionfm.cl\/?p=49242' aria-hidden='false' data-av_icon='\ue8f1' data-av_iconfont='entypo-fontello' title='' data-avia-related-tooltip='Compartir en Twitter' rel=\"noopener\"><span class='avia_hidden_link_text'>Compartir en Twitter<\/span><\/a><\/li><li class='av-share-link av-social-link-whatsapp' ><a target=\"_blank\" aria-label=\"Compartir en Whatsapp\" href='https:\/\/api.whatsapp.com\/send?text=https:\/\/radiorevelacionfm.cl\/?p=49242' aria-hidden='false' data-av_icon='\uf232' data-av_iconfont='entypo-fontello' title='' data-avia-related-tooltip='Compartir en Whatsapp' rel=\"noopener\"><span class='avia_hidden_link_text'>Compartir en Whatsapp<\/span><\/a><\/li><li class='av-share-link av-social-link-linkedin' ><a target=\"_blank\" aria-label=\"Compartir en LinkedIn\" href='https:\/\/linkedin.com\/shareArticle?mini=true&#038;title=Movido%20fin%20de%20a%C3%B1o%20en%20la%20comuna%20de%20R%C3%ADo%20Ib%C3%A1%C3%B1ez%3A%20Concejales%20y%20Junta%20de%20Vecinos%20de%20Tranquilo%20exigen%20auditor%C3%ADa%20externa%20a%20gesti%C3%B3n%20saliente&#038;url=https:\/\/radiorevelacionfm.cl\/?p=49242' aria-hidden='false' data-av_icon='\ue8fc' data-av_iconfont='entypo-fontello' title='' data-avia-related-tooltip='Compartir en LinkedIn' rel=\"noopener\"><span class='avia_hidden_link_text'>Compartir en LinkedIn<\/span><\/a><\/li><li class='av-share-link av-social-link-mail' ><a  aria-label=\"Compartir por correo\" href='mailto:?subject=Movido%20fin%20de%20a%C3%B1o%20en%20la%20comuna%20de%20R%C3%ADo%20Ib%C3%A1%C3%B1ez%3A%20Concejales%20y%20Junta%20de%20Vecinos%20de%20Tranquilo%20exigen%20auditor%C3%ADa%20externa%20a%20gesti%C3%B3n%20saliente&#038;body=https:\/\/radiorevelacionfm.cl\/?p=49242' aria-hidden='false' data-av_icon='\ue805' data-av_iconfont='entypo-fontello' title='' data-avia-related-tooltip='Compartir por correo'><span class='avia_hidden_link_text'>Compartir por correo<\/span><\/a><\/li><\/ul><\/div><\/div>\n<div  style='height:50px' class='hr hr-invisible   avia-builder-el-8  el_after_av_social_share  el_before_av_comments_list '><span class='hr-inner ' ><span class='hr-inner-style'><\/span><\/span><\/div>\n<div  class='av-buildercomment  av-blog-meta-html-info-disabled av-blog-meta-tag-disabled  '><\/div>\n","protected":false},"excerpt":{"rendered":"","protected":false},"author":1,"featured_media":42187,"comment_status":"open","ping_status":"open","sticky":false,"template":"","format":"standard","meta":{"footnotes":""},"categories":[38],"tags":[],"class_list":["post-49242","post","type-post","status-publish","format-standard","has-post-thumbnail","hentry","category-regional"],"jetpack_featured_media_url":"https:\/\/radiorevelacionfm.cl\/wp-content\/uploads\/2024\/05\/municipalidad-ibanez-1_optimized-1.jpg","_links":{"self":[{"href":"https:\/\/radiorevelacionfm.cl\/index.php?rest_route=\/wp\/v2\/posts\/49242","targetHints":{"allow":["GET"]}}],"collection":[{"href":"https:\/\/radiorevelacionfm.cl\/index.php?rest_route=\/wp\/v2\/posts"}],"about":[{"href":"https:\/\/radiorevelacionfm.cl\/index.php?rest_route=\/wp\/v2\/types\/post"}],"author":[{"embeddable":true,"href":"https:\/\/radiorevelacionfm.cl\/index.php?rest_route=\/wp\/v2\/users\/1"}],"replies":[{"embeddable":true,"href":"https:\/\/radiorevelacionfm.cl\/index.php?rest_route=%2Fwp%2Fv2%2Fcomments&post=49242"}],"version-history":[{"count":1,"href":"https:\/\/radiorevelacionfm.cl\/index.php?rest_route=\/wp\/v2\/posts\/49242\/revisions"}],"predecessor-version":[{"id":49243,"href":"https:\/\/radiorevelacionfm.cl\/index.php?rest_route=\/wp\/v2\/posts\/49242\/revisions\/49243"}],"wp:featuredmedia":[{"embeddable":true,"href":"https:\/\/radiorevelacionfm.cl\/index.php?rest_route=\/wp\/v2\/media\/42187"}],"wp:attachment":[{"href":"https:\/\/radiorevelacionfm.cl\/index.php?rest_route=%2Fwp%2Fv2%2Fmedia&parent=49242"}],"wp:term":[{"taxonomy":"category","embeddable":true,"href":"https:\/\/radiorevelacionfm.cl\/index.php?rest_route=%2Fwp%2Fv2%2Fcategories&post=49242"},{"taxonomy":"post_tag","embeddable":true,"href":"https:\/\/radiorevelacionfm.cl\/index.php?rest_route=%2Fwp%2Fv2%2Ftags&post=49242"}],"curies":[{"name":"wp","href":"https:\/\/api.w.org\/{rel}","templated":true}]}}