{"id":49239,"date":"2024-12-29T16:24:39","date_gmt":"2024-12-29T19:24:39","guid":{"rendered":"https:\/\/radiorevelacionfm.cl\/?p=49239"},"modified":"2024-12-29T16:24:39","modified_gmt":"2024-12-29T19:24:39","slug":"inia-tamel-aike-rinde-homenaje-a-tres-destacados-profesionales-por-su-legado-en-la-investigacion-agropecuaria","status":"publish","type":"post","link":"https:\/\/radiorevelacionfm.cl\/?p=49239","title":{"rendered":"INIA Tamel Aike rinde homenaje a tres destacados profesionales por su legado en la investigaci\u00f3n agropecuaria"},"content":{"rendered":"<div class=\"flex_column av_one_full  flex_column_div av-zero-column-padding first  avia-builder-el-0  el_before_av_one_full  avia-builder-el-first  \" style='border-radius:0px; '><div  class='avia-image-container  av-styling-    avia-builder-el-1  avia-builder-el-no-sibling  avia-align-center '  itemprop=\"image\" itemscope=\"itemscope\" itemtype=\"https:\/\/schema.org\/ImageObject\"  ><div class='avia-image-container-inner'><div class='avia-image-overlay-wrap'><img decoding=\"async\" class='wp-image-49240 avia-img-lazy-loading-not-49240 avia_image' src=\"https:\/\/radiorevelacionfm.cl\/wp-content\/uploads\/2024\/12\/1z9a9621-1_optimized.jpg\" alt='' title='1z9a9621-(1)_optimized' height=\"600\" width=\"900\"  itemprop=\"thumbnailUrl\" srcset=\"https:\/\/radiorevelacionfm.cl\/wp-content\/uploads\/2024\/12\/1z9a9621-1_optimized.jpg 900w, https:\/\/radiorevelacionfm.cl\/wp-content\/uploads\/2024\/12\/1z9a9621-1_optimized-300x200.jpg 300w, https:\/\/radiorevelacionfm.cl\/wp-content\/uploads\/2024\/12\/1z9a9621-1_optimized-768x512.jpg 768w, https:\/\/radiorevelacionfm.cl\/wp-content\/uploads\/2024\/12\/1z9a9621-1_optimized-705x470.jpg 705w, https:\/\/radiorevelacionfm.cl\/wp-content\/uploads\/2024\/12\/1z9a9621-1_optimized-450x300.jpg 450w, https:\/\/radiorevelacionfm.cl\/wp-content\/uploads\/2024\/12\/1z9a9621-1_optimized-600x400.jpg 600w\" sizes=\"(max-width: 900px) 100vw, 900px\" \/><\/div><\/div><\/div><\/div><div class=\"flex_column av_one_full  flex_column_div av-zero-column-padding first  avia-builder-el-2  el_after_av_one_full  el_before_av_one_full  column-top-margin\" style='border-radius:0px; '><section class=\"av_textblock_section \"  itemscope=\"itemscope\" itemtype=\"https:\/\/schema.org\/BlogPosting\" itemprop=\"blogPost\" ><div class='avia_textblock  '   itemprop=\"text\" ><p style=\"text-align: center;\"><strong><span style=\"font-size: 18pt;\">INIA Tamel Aike rinde homenaje a tres destacados profesionales por su legado en la investigaci\u00f3n agropecuaria<\/span><\/strong><\/p>\n<div id=\"gtx-trans\" style=\"position: absolute; left: -50px; top: 4.31534px;\">\n<div class=\"gtx-trans-icon\"><\/div>\n<\/div>\n<\/div><\/section><\/div><div class=\"flex_column av_one_full  flex_column_div av-zero-column-padding first  avia-builder-el-4  el_after_av_one_full  el_before_av_hr  column-top-margin\" style='border-radius:0px; '><section class=\"av_textblock_section \"  itemscope=\"itemscope\" itemtype=\"https:\/\/schema.org\/BlogPosting\" itemprop=\"blogPost\" ><div class='avia_textblock  '   itemprop=\"text\" ><p style=\"text-align: justify;\">En una emotiva ceremonia realizada en el Centro Regional de Investigaci\u00f3n INIA Tamel Aike, se rindi\u00f3 homenaje a tres destacados profesionales que culminaron su trayectoria en la instituci\u00f3n: Adriana Carvajal Acu\u00f1a, Christian Hepp Kuschel y Hern\u00e1n Felipe Elizalde. Este evento reconoci\u00f3 el compromiso, dedicaci\u00f3n y aportes que estos investigadores dejaron como legado para el desarrollo agropecuario de la regi\u00f3n.<\/p>\n<p style=\"text-align: justify;\">Christian Hepp Kuschel, con una trayectoria de 40 a\u00f1os en INIA, lider\u00f3 investigaciones trascendentales en fertilidad de suelos, manejo de praderas, uso de riego y producci\u00f3n ganadera. Fue clave en la creaci\u00f3n del Centro Regional de Investigaci\u00f3n Tamel Aike en la regi\u00f3n, el cual lider\u00f3 en varias administraciones. Su labor tambi\u00e9n incluy\u00f3 la formaci\u00f3n de equipos y el desarrollo de proyectos pioneros en energ\u00edas renovables y sistemas ganaderos sostenibles.<\/p>\n<p style=\"text-align: justify;\">\u00abLo principal inicialmente fue el suelo: conocerlo, entender sus deficiencias y trabajar en mejorarlas\u00bb, destac\u00f3 Hepp. Aportes que tambi\u00e9n sentaron las bases del actual Sistema de Incentivos para la Sustentabilidad Agroambiental de los Suelos Agropecuarios (SIRDS), un programa clave para el desarrollo agropecuario.<\/p>\n<p style=\"text-align: justify;\">Adriana Carvajal Acu\u00f1a, integrante de INIA desde 1982, fue protagonista en la creaci\u00f3n del laboratorio de suelos en INIA Tamel Aike, un hito que transform\u00f3 la capacidad de an\u00e1lisis y manejo de los suelos en Ays\u00e9n.<\/p>\n<p style=\"text-align: justify;\">\u00abHa sido un largo camino, pero para m\u00ed fue exitoso. Haber echado a andar el laboratorio ac\u00e1 fue un gran desaf\u00edo\u00bb, coment\u00f3 Carvajal durante la ceremonia. \u00abHe cumplido en mi \u00e1mbito laboral y el instituto ha sido una gran parte de mi vida\u00bb.<\/p>\n<p style=\"text-align: justify;\">Hern\u00e1n Felipe Elizalde, por su parte, se destac\u00f3 en la producci\u00f3n ovina y bovina, liderando investigaciones sobre sistemas intensivos de manejo, conservaci\u00f3n de forrajes y mejoramiento gen\u00e9tico. Su trabajo impuls\u00f3 estrategias asociativas para la comercializaci\u00f3n de productos ovinos y la diferenciaci\u00f3n de carnes rojas, pilares para la sostenibilidad ganadera de la regi\u00f3n. Fue adem\u00e1s director de INIA Tamel Aike en varias administraciones.<\/p>\n<p style=\"text-align: justify;\">\u00abEl mensaje de nuestros fundadores debe mantenerse vivo: estar cerca de nuestros productores y nunca olvidar los desaf\u00edos que enfrentan\u00bb, reflexion\u00f3 Elizalde, reafirmando el compromiso de INIA con las comunidades rurales.<\/p>\n<p style=\"text-align: justify;\">La directora del centro, Camila Reyes, expres\u00f3 su agradecimiento a los homenajeados: \u00abHoy despedimos con orgullo y gratitud a tres referentes de la investigaci\u00f3n agropecuaria, quienes con su trabajo y dedicaci\u00f3n han dejado un legado que perdurar\u00e1. Asimismo, celebramos la trayectoria de quienes han sido parte fundamental de nuestra instituci\u00f3n, demostrando que el compromiso con la excelencia nos define como equipo\u00bb.<\/p>\n<\/div><\/section><\/div><div  style='height:50px' class='hr hr-invisible   avia-builder-el-6  el_after_av_one_full  el_before_av_social_share '><span class='hr-inner ' ><span class='hr-inner-style'><\/span><\/span><\/div><\/p>\n<div  class='av-social-sharing-box  avia-builder-el-7  el_after_av_hr  el_before_av_hr  '><div class='av-share-box'><h5 class='av-share-link-description av-no-toc '>Compartir esta noticia<\/h5><ul class='av-share-box-list noLightbox'><li class='av-share-link av-social-link-facebook' ><a target=\"_blank\" aria-label=\"Compartir en Facebook\" href='https:\/\/www.facebook.com\/sharer.php?u=https:\/\/radiorevelacionfm.cl\/?p=49239&#038;t=INIA%20Tamel%20Aike%20rinde%20homenaje%20a%20tres%20destacados%20profesionales%20por%20su%20legado%20en%20la%20investigaci%C3%B3n%20agropecuaria' aria-hidden='false' data-av_icon='\ue8f3' data-av_iconfont='entypo-fontello' title='' data-avia-related-tooltip='Compartir en Facebook' rel=\"noopener\"><span class='avia_hidden_link_text'>Compartir en Facebook<\/span><\/a><\/li><li class='av-share-link av-social-link-twitter' ><a target=\"_blank\" aria-label=\"Compartir en Twitter\" href='https:\/\/twitter.com\/share?text=INIA%20Tamel%20Aike%20rinde%20homenaje%20a%20tres%20destacados%20profesionales%20por%20su%20legado%20en%20la%20investigaci%C3%B3n%20agropecuaria&#038;url=https:\/\/radiorevelacionfm.cl\/?p=49239' aria-hidden='false' data-av_icon='\ue8f1' data-av_iconfont='entypo-fontello' title='' data-avia-related-tooltip='Compartir en Twitter' rel=\"noopener\"><span class='avia_hidden_link_text'>Compartir en Twitter<\/span><\/a><\/li><li class='av-share-link av-social-link-whatsapp' ><a target=\"_blank\" aria-label=\"Compartir en Whatsapp\" href='https:\/\/api.whatsapp.com\/send?text=https:\/\/radiorevelacionfm.cl\/?p=49239' aria-hidden='false' data-av_icon='\uf232' data-av_iconfont='entypo-fontello' title='' data-avia-related-tooltip='Compartir en Whatsapp' rel=\"noopener\"><span class='avia_hidden_link_text'>Compartir en Whatsapp<\/span><\/a><\/li><li class='av-share-link av-social-link-linkedin' ><a target=\"_blank\" aria-label=\"Compartir en LinkedIn\" href='https:\/\/linkedin.com\/shareArticle?mini=true&#038;title=INIA%20Tamel%20Aike%20rinde%20homenaje%20a%20tres%20destacados%20profesionales%20por%20su%20legado%20en%20la%20investigaci%C3%B3n%20agropecuaria&#038;url=https:\/\/radiorevelacionfm.cl\/?p=49239' aria-hidden='false' data-av_icon='\ue8fc' data-av_iconfont='entypo-fontello' title='' data-avia-related-tooltip='Compartir en LinkedIn' rel=\"noopener\"><span class='avia_hidden_link_text'>Compartir en LinkedIn<\/span><\/a><\/li><li class='av-share-link av-social-link-mail' ><a  aria-label=\"Compartir por correo\" href='mailto:?subject=INIA%20Tamel%20Aike%20rinde%20homenaje%20a%20tres%20destacados%20profesionales%20por%20su%20legado%20en%20la%20investigaci%C3%B3n%20agropecuaria&#038;body=https:\/\/radiorevelacionfm.cl\/?p=49239' aria-hidden='false' data-av_icon='\ue805' data-av_iconfont='entypo-fontello' title='' data-avia-related-tooltip='Compartir por correo'><span class='avia_hidden_link_text'>Compartir por correo<\/span><\/a><\/li><\/ul><\/div><\/div>\n<div  style='height:50px' class='hr hr-invisible   avia-builder-el-8  el_after_av_social_share  el_before_av_comments_list '><span class='hr-inner ' ><span class='hr-inner-style'><\/span><\/span><\/div>\n<div  class='av-buildercomment  av-blog-meta-html-info-disabled av-blog-meta-tag-disabled  '><\/div>\n","protected":false},"excerpt":{"rendered":"","protected":false},"author":1,"featured_media":49240,"comment_status":"open","ping_status":"open","sticky":false,"template":"","format":"standard","meta":{"footnotes":""},"categories":[38],"tags":[],"class_list":["post-49239","post","type-post","status-publish","format-standard","has-post-thumbnail","hentry","category-regional"],"jetpack_featured_media_url":"https:\/\/radiorevelacionfm.cl\/wp-content\/uploads\/2024\/12\/1z9a9621-1_optimized.jpg","_links":{"self":[{"href":"https:\/\/radiorevelacionfm.cl\/index.php?rest_route=\/wp\/v2\/posts\/49239","targetHints":{"allow":["GET"]}}],"collection":[{"href":"https:\/\/radiorevelacionfm.cl\/index.php?rest_route=\/wp\/v2\/posts"}],"about":[{"href":"https:\/\/radiorevelacionfm.cl\/index.php?rest_route=\/wp\/v2\/types\/post"}],"author":[{"embeddable":true,"href":"https:\/\/radiorevelacionfm.cl\/index.php?rest_route=\/wp\/v2\/users\/1"}],"replies":[{"embeddable":true,"href":"https:\/\/radiorevelacionfm.cl\/index.php?rest_route=%2Fwp%2Fv2%2Fcomments&post=49239"}],"version-history":[{"count":1,"href":"https:\/\/radiorevelacionfm.cl\/index.php?rest_route=\/wp\/v2\/posts\/49239\/revisions"}],"predecessor-version":[{"id":49241,"href":"https:\/\/radiorevelacionfm.cl\/index.php?rest_route=\/wp\/v2\/posts\/49239\/revisions\/49241"}],"wp:featuredmedia":[{"embeddable":true,"href":"https:\/\/radiorevelacionfm.cl\/index.php?rest_route=\/wp\/v2\/media\/49240"}],"wp:attachment":[{"href":"https:\/\/radiorevelacionfm.cl\/index.php?rest_route=%2Fwp%2Fv2%2Fmedia&parent=49239"}],"wp:term":[{"taxonomy":"category","embeddable":true,"href":"https:\/\/radiorevelacionfm.cl\/index.php?rest_route=%2Fwp%2Fv2%2Fcategories&post=49239"},{"taxonomy":"post_tag","embeddable":true,"href":"https:\/\/radiorevelacionfm.cl\/index.php?rest_route=%2Fwp%2Fv2%2Ftags&post=49239"}],"curies":[{"name":"wp","href":"https:\/\/api.w.org\/{rel}","templated":true}]}}