{"id":49233,"date":"2024-12-28T22:36:28","date_gmt":"2024-12-29T01:36:28","guid":{"rendered":"https:\/\/radiorevelacionfm.cl\/?p=49233"},"modified":"2024-12-28T22:36:28","modified_gmt":"2024-12-29T01:36:28","slug":"mario-argel-el-primer-denunciante-que-develo-las-malas-practicas-laborales-en-la-salmonicultura","status":"publish","type":"post","link":"https:\/\/radiorevelacionfm.cl\/?p=49233","title":{"rendered":"Mario Argel: El primer denunciante que devel\u00f3 las malas pr\u00e1cticas laborales en la salmonicultura"},"content":{"rendered":"<div class=\"flex_column av_one_full  flex_column_div av-zero-column-padding first  avia-builder-el-0  el_before_av_one_full  avia-builder-el-first  \" style='border-radius:0px; '><div  class='avia-image-container  av-styling-    avia-builder-el-1  avia-builder-el-no-sibling  avia-align-center '  itemprop=\"image\" itemscope=\"itemscope\" itemtype=\"https:\/\/schema.org\/ImageObject\"  ><div class='avia-image-container-inner'><div class='avia-image-overlay-wrap'><img decoding=\"async\" class='wp-image-49234 avia-img-lazy-loading-not-49234 avia_image' src=\"https:\/\/radiorevelacionfm.cl\/wp-content\/uploads\/2024\/12\/Ex-trabajador-salmonera-Mario-Argel-1-1.jpg\" alt='' title='Ex trabajador salmonera Mario Argel (1) (1)' height=\"600\" width=\"900\"  itemprop=\"thumbnailUrl\" srcset=\"https:\/\/radiorevelacionfm.cl\/wp-content\/uploads\/2024\/12\/Ex-trabajador-salmonera-Mario-Argel-1-1.jpg 900w, https:\/\/radiorevelacionfm.cl\/wp-content\/uploads\/2024\/12\/Ex-trabajador-salmonera-Mario-Argel-1-1-300x200.jpg 300w, https:\/\/radiorevelacionfm.cl\/wp-content\/uploads\/2024\/12\/Ex-trabajador-salmonera-Mario-Argel-1-1-768x512.jpg 768w, https:\/\/radiorevelacionfm.cl\/wp-content\/uploads\/2024\/12\/Ex-trabajador-salmonera-Mario-Argel-1-1-705x470.jpg 705w, https:\/\/radiorevelacionfm.cl\/wp-content\/uploads\/2024\/12\/Ex-trabajador-salmonera-Mario-Argel-1-1-450x300.jpg 450w, https:\/\/radiorevelacionfm.cl\/wp-content\/uploads\/2024\/12\/Ex-trabajador-salmonera-Mario-Argel-1-1-600x400.jpg 600w\" sizes=\"(max-width: 900px) 100vw, 900px\" \/><\/div><\/div><\/div><\/div><div class=\"flex_column av_one_full  flex_column_div av-zero-column-padding first  avia-builder-el-2  el_after_av_one_full  el_before_av_one_full  column-top-margin\" style='border-radius:0px; '><section class=\"av_textblock_section \"  itemscope=\"itemscope\" itemtype=\"https:\/\/schema.org\/BlogPosting\" itemprop=\"blogPost\" ><div class='avia_textblock  '   itemprop=\"text\" ><p style=\"text-align: center;\"><strong><span style=\"font-size: 18pt;\">Mario Argel: El primer denunciante que devel\u00f3 las malas pr\u00e1cticas laborales en la salmonicultura<\/span><\/strong><\/p>\n<div id=\"gtx-trans\" style=\"position: absolute; left: -50px; top: 4.31534px;\">\n<div class=\"gtx-trans-icon\"><\/div>\n<\/div>\n<\/div><\/section><\/div><div class=\"flex_column av_one_full  flex_column_div av-zero-column-padding first  avia-builder-el-4  el_after_av_one_full  el_before_av_hr  column-top-margin\" style='border-radius:0px; '><section class=\"av_textblock_section \"  itemscope=\"itemscope\" itemtype=\"https:\/\/schema.org\/BlogPosting\" itemprop=\"blogPost\" ><div class='avia_textblock  '   itemprop=\"text\" ><ul>\n<li style=\"text-align: justify;\"><i>En recientes declaraciones, el gobernador electo de Ays\u00e9n, Marcelo Santana, y el diputado Miguel \u00c1ngel Calisto dieron a conocer que la industria no ha representado desarrollo para la Patagonia.<\/i><\/li>\n<li style=\"text-align: justify;\"><i>Entre las acciones, mencion\u00f3 que en el contrato con Nova Austral se les cambiaba el domicilio con el fin de no estar obligados a pagar pasaje de retorno a la ciudad de origen en caso de terminarse la relaci\u00f3n laboral, adem\u00e1s de cobrar beneficios tributarios.<\/i><\/li>\n<\/ul>\n<p class=\"v1MsoNormal\" style=\"text-align: justify;\">En l\u00ednea con las \u00faltimas cr\u00edticas cuestionando el aporte real de la salmonicultura al desarrollo y empleo en las regiones de la Patagonia, resurgi\u00f3 una denuncia realizada por un trabajador sobre las malas pr\u00e1cticas laborales de las que fue testigo, lo cual genera que se sobrevalore la incidencia del rubro en el empleo regional.<\/p>\n<p class=\"v1MsoNormal\" style=\"text-align: justify;\">Se trata de\u00a0<b>Mario Argel Uribe<\/b>, quien explic\u00f3 el modus operandi de una de las empresas en que trabaj\u00f3 en Magallanes.\u00a0\u00a0Esto, con el fin de evadir la obligaci\u00f3n de solventar el pasaje de retorno de los empleados a su lugar de origen (establecido en el Art\u00edculo 53 del C\u00f3digo Laboral) y acceder a beneficios tributarios de la Ley Navarino, lo cual ha generado un sobredimensionamiento del aporte de la industria a los \u00edndices de empleabilidad en la zona.<\/p>\n<p class=\"v1MsoNormal\" style=\"text-align: justify;\">Fue en el a\u00f1o 2017 cuando Argel fue reclutado para desempe\u00f1arse en Nova Austral, salmonera que operaba en la regi\u00f3n de Magallanes. El trabajador es oriundo de Hualaihu\u00e9, en la regi\u00f3n de Los Lagos.<\/p>\n<p class=\"v1MsoNormal\" style=\"text-align: justify;\">\u00ab<i>Me lleg\u00f3 un mensaje de una persona de reclutamiento, que necesitaban personal operario en Magallanes para distintas labores. Env\u00edo mi curr\u00edculum, a los d\u00edas me llaman, me compran el pasaje y me traen para ac\u00e1 a Punta Arenas.\u00a0\u00a0Firm\u00e9 contrato y no me di cuenta en el momento que me cambiaron la direcci\u00f3n donde yo viv\u00eda\u00bb<\/i>\u00a0explic\u00f3 en junio de este a\u00f1o en el programa \u00ab<i><a href=\"https:\/\/www.aisenreservadevida.cl\/2024\/06\/21\/la-otra-cara-de-la-moneda-20-junio-2024-con-mario-argel-trabajador-salmonero-autodespedido\/\" target=\"_blank\" rel=\"noopener noreferrer\">La otra cara de la Moneda<\/a><\/i>\u00ab, de Radio Santa Mar\u00eda de Coyhaique.<\/p>\n<p class=\"v1MsoNormal\" style=\"text-align: justify;\">En su\u00a0<a href=\"https:\/\/www.bcn.cl\/leychile\/navegar?idNorma=207436\" target=\"_blank\" rel=\"noopener noreferrer\">art\u00edculo 53 el C\u00f3digo Laboral<\/a>\u00a0establece que \u00ab<i>el empleador estar\u00e1 obligado a pagar al trabajador los gastos razonables de ida y vuelta si para prestar servicios lo hizo cambiar de residencia, lo que no constituir\u00e1 remuneraci\u00f3n<\/i>\u00ab. Adem\u00e1s, existe el <a href=\"https:\/\/www.chileatiende.gob.cl\/fichas\/4204-bonificacion-por-la-contratacion-de-mano-de-obra-en-zonas-extremas\" target=\"_blank\" rel=\"noopener noreferrer\">Decreto 889,<\/a>\u00a0que incentiva la contrataci\u00f3n de mano de obra en zonas extremas, incluida la regi\u00f3n de Magallanes, mediante una bonificaci\u00f3n del 17 % de las remuneraciones imponibles de los empleados con domicilio y trabajo en el \u00e1rea.<\/p>\n<p class=\"v1MsoNormal\" style=\"text-align: justify;\">Esta situaci\u00f3n fue denunciada en su ocasi\u00f3n por el trabajador y es una m\u00e1s de las controversias legales y ambientales de Nova Austral en los \u00faltimos a\u00f1os, incluidas millonarias sanciones de la\u00a0<a href=\"https:\/\/www.emol.com\/noticias\/Economia\/2024\/04\/04\/1126868\/nova-austral-multa-sma.html\" target=\"_blank\" rel=\"noopener noreferrer\">Superintendencia del Medio Ambiente<\/a>, que la han\u00a0<a href=\"https:\/\/www.latercera.com\/pulso\/noticia\/corte-de-apelaciones-de-punta-arenas-suspende-quiebra-de-salmonera-nova-austral\/CPEUWANR2BGANGHAMOCKDDXO5Y\/\" target=\"_blank\" rel=\"noopener noreferrer\">tenido al borde de la quiebra<\/a>.<\/p>\n<p class=\"v1MsoNormal\" style=\"text-align: justify;\">Esta realidad en el \u00e1mbito laboral se suma los cada d\u00eda m\u00e1s crecientes procesos de automatizaci\u00f3n en la industria, lo cual fue consignado\u00a0<a href=\"https:\/\/www.terram.cl\/los-cuestionamientos-a-la-industria-salmonera-que-ponen-en-duda-su-aporte-real-al-empleo-en-aysen\/\" target=\"_blank\" rel=\"noopener noreferrer\">recientemente como una alerta para el empleo actual y futuro del sector<\/a>.<\/p>\n<p class=\"v1MsoNormal\" style=\"text-align: justify;\">Esta situaci\u00f3n, plante\u00f3 Mario Argel genera falta de certezas de que las decisiones de pol\u00edtica p\u00fablica para generar mano de obra para la salmonicultura sea la mejor decisi\u00f3n. \u00ab<i>Desde mi experiencia, desde la caleta de pescadores donde yo crec\u00ed, mucha gente se transform\u00f3 o emigr\u00f3 desde ese sector hacia la salmonicultura, incluidos los estudiantes tambi\u00e9n<\/i>\u00bb consign\u00f3. El problema es que \u00ab<i>hay incertidumbre porque las plantas cierran, los centros cierran, y esto genera que las personas vuelvan a sus trabajos anteriores o hacen otra cosa dentro de los per\u00edodos en que no hay trabajo<\/i>\u00ab.<\/p>\n<p class=\"v1MsoNormal\" style=\"text-align: justify;\">A esto se agrega que las empresas se est\u00e1n automatizando para ocupar menos mano de obra, seg\u00fan han confirmado algunas informaciones de las \u00faltimas semanas. \u00ab<i>Est\u00e1n buscando llegar al m\u00ednimo de gente en un centro. Hoy hay cuatro personas en un centro de mar donde antes hab\u00eda ocho o doce trabajadores<\/i>\u00ab, con lo cual el problema es para \u00ab<i>todas las personas que est\u00e1n estudiando o que piensan que es un futuro prometedor<\/i>\u00ab.<\/p>\n<p class=\"v1MsoNormal\" style=\"text-align: justify;\">En su visi\u00f3n la industria \u00ab<i>nos cambi\u00f3 la vida a todos, la cultura, la sociedad, todo cambi\u00f3 con la salmonicultura<\/i>\u00ab. Esto, porque \u00ab<i>no es una industria que venga a darnos trabajo solamente, viene a imponer una forma de vida, viene a imponer una cultura de trabajo que no est\u00e1bamos acostumbrados<\/i>\u00ab.<\/p>\n<p class=\"v1MsoNormal\" style=\"text-align: justify;\">Y concluy\u00f3: \u00ab<i>\u00bfQu\u00e9 ha pasado con la industria salmonera? \u00bfCu\u00e1l ha sido el beneficio, aparte de la contaminaci\u00f3n, que suba el PIB nacional?.\u00a0\u00a0Y en la regi\u00f3n, \u00bfqu\u00e9 ha pasado? Nada mucho. En Los Lagos, \u00bfqu\u00e9 ha pasado?, \u00bfalgo positivo? Nada mucho, aparte de la contaminaci\u00f3n. Todos los a\u00f1os en los veranos los blooms de algas se producen. Antes no era tan seguido, ahora todos los veranos blooms de algas en Hualaihu\u00e9. \u00bfPor qu\u00e9? Porque la carga de todas las salmoneras juntas. No importa que sea una la que empiece. Una comenz\u00f3 y luego la otra, y la otra, y la otra, y la otra.\u00a0\u00a0En el fondo, bloom de algas por todos lados<\/i>\u00ab.<\/p>\n<p class=\"v1MsoNormal\" style=\"text-align: justify;\">La cr\u00edtica al modelo de la salmonicultura en el sur es coherente con lo se\u00f1alado recientemente por el\u00a0<b>gobernador electo de Ays\u00e9n Marcelo Santana<\/b>: \u00ab<i>No es un sector que impacte tanto en el empleo. Revisando los datos del INE, la salmonicultura es el quinto o sexto rubro productivo en impacto laboral en la regi\u00f3n. S\u00ed influye en el PIB, pero no tanto en el empleo<\/i>\u00bb dijo recientemente en una\u00a0<a href=\"https:\/\/www.terram.cl\/los-cuestionamientos-a-la-industria-salmonera-que-ponen-en-duda-su-aporte-real-al-empleo-en-aysen\/\" target=\"_blank\" rel=\"noopener noreferrer\">entrevista a un medio regional<\/a>.<\/p>\n<p class=\"v1MsoNormal\" style=\"text-align: justify;\">Y el diputado de la misma regi\u00f3n\u00a0<b>Miguel \u00c1ngel Calisto<\/b>,\u00a0<a href=\"https:\/\/www.salmonexpert.cl\/impuesto-proyecto-proyecto-de-ley\/presentan-proyecto-para-establecer-un-impuesto-especifico-a-la-salmonicultura\/1865117\" target=\"_blank\" rel=\"noopener noreferrer\">se expres\u00f3<\/a>\u00a0en la misma l\u00ednea al proponer un royalty a la salmonicultura: \u00ab<i>En Ays\u00e9n, donde hoy se encuentra emplazado el mayor n\u00famero de centros de cultivo en operaci\u00f3n, no ve que esa actividad se traduzca en el pleno desarrollo para esa regi\u00f3n de conformidad a la riqueza que all\u00ed se genera<\/i>\u00ab.<\/p>\n<p class=\"v1MsoNormal\" style=\"text-align: justify;\">Revive toda la entrevista radial ac\u00e1:\u00a0<a href=\"https:\/\/www.aisenreservadevida.cl\/2024\/06\/21\/la-otra-cara-de-la-moneda-20-junio-2024-con-mario-argel-trabajador-salmonero-autodespedido\/\" target=\"_blank\" rel=\"noopener noreferrer\">https:\/\/www.aisenreservadevida.cl\/2024\/06\/21\/la-otra-cara-de-la-moneda-20-junio-2024-con-mario-argel-trabajador-salmonero-autodespedido\/<\/a><\/p>\n<\/div><\/section><\/div><div  style='height:50px' class='hr hr-invisible   avia-builder-el-6  el_after_av_one_full  el_before_av_social_share '><span class='hr-inner ' ><span class='hr-inner-style'><\/span><\/span><\/div><\/p>\n<div  class='av-social-sharing-box  avia-builder-el-7  el_after_av_hr  el_before_av_hr  '><div class='av-share-box'><h5 class='av-share-link-description av-no-toc '>Compartir esta noticia<\/h5><ul class='av-share-box-list noLightbox'><li class='av-share-link av-social-link-facebook' ><a target=\"_blank\" aria-label=\"Compartir en Facebook\" href='https:\/\/www.facebook.com\/sharer.php?u=https:\/\/radiorevelacionfm.cl\/?p=49233&#038;t=Mario%20Argel%3A%20El%20primer%20denunciante%20que%20devel%C3%B3%20las%20malas%20pr%C3%A1cticas%20laborales%20en%20la%20salmonicultura' aria-hidden='false' data-av_icon='\ue8f3' data-av_iconfont='entypo-fontello' title='' data-avia-related-tooltip='Compartir en Facebook' rel=\"noopener\"><span class='avia_hidden_link_text'>Compartir en Facebook<\/span><\/a><\/li><li class='av-share-link av-social-link-twitter' ><a target=\"_blank\" aria-label=\"Compartir en Twitter\" href='https:\/\/twitter.com\/share?text=Mario%20Argel%3A%20El%20primer%20denunciante%20que%20devel%C3%B3%20las%20malas%20pr%C3%A1cticas%20laborales%20en%20la%20salmonicultura&#038;url=https:\/\/radiorevelacionfm.cl\/?p=49233' aria-hidden='false' data-av_icon='\ue8f1' data-av_iconfont='entypo-fontello' title='' data-avia-related-tooltip='Compartir en Twitter' rel=\"noopener\"><span class='avia_hidden_link_text'>Compartir en Twitter<\/span><\/a><\/li><li class='av-share-link av-social-link-whatsapp' ><a target=\"_blank\" aria-label=\"Compartir en Whatsapp\" href='https:\/\/api.whatsapp.com\/send?text=https:\/\/radiorevelacionfm.cl\/?p=49233' aria-hidden='false' data-av_icon='\uf232' data-av_iconfont='entypo-fontello' title='' data-avia-related-tooltip='Compartir en Whatsapp' rel=\"noopener\"><span class='avia_hidden_link_text'>Compartir en Whatsapp<\/span><\/a><\/li><li class='av-share-link av-social-link-linkedin' ><a target=\"_blank\" aria-label=\"Compartir en LinkedIn\" href='https:\/\/linkedin.com\/shareArticle?mini=true&#038;title=Mario%20Argel%3A%20El%20primer%20denunciante%20que%20devel%C3%B3%20las%20malas%20pr%C3%A1cticas%20laborales%20en%20la%20salmonicultura&#038;url=https:\/\/radiorevelacionfm.cl\/?p=49233' aria-hidden='false' data-av_icon='\ue8fc' data-av_iconfont='entypo-fontello' title='' data-avia-related-tooltip='Compartir en LinkedIn' rel=\"noopener\"><span class='avia_hidden_link_text'>Compartir en LinkedIn<\/span><\/a><\/li><li class='av-share-link av-social-link-mail' ><a  aria-label=\"Compartir por correo\" href='mailto:?subject=Mario%20Argel%3A%20El%20primer%20denunciante%20que%20devel%C3%B3%20las%20malas%20pr%C3%A1cticas%20laborales%20en%20la%20salmonicultura&#038;body=https:\/\/radiorevelacionfm.cl\/?p=49233' aria-hidden='false' data-av_icon='\ue805' data-av_iconfont='entypo-fontello' title='' data-avia-related-tooltip='Compartir por correo'><span class='avia_hidden_link_text'>Compartir por correo<\/span><\/a><\/li><\/ul><\/div><\/div>\n<div  style='height:50px' class='hr hr-invisible   avia-builder-el-8  el_after_av_social_share  el_before_av_comments_list '><span class='hr-inner ' ><span class='hr-inner-style'><\/span><\/span><\/div>\n<div  class='av-buildercomment  av-blog-meta-html-info-disabled av-blog-meta-tag-disabled  '><\/div>\n","protected":false},"excerpt":{"rendered":"","protected":false},"author":1,"featured_media":49234,"comment_status":"open","ping_status":"open","sticky":false,"template":"","format":"standard","meta":{"footnotes":""},"categories":[60],"tags":[],"class_list":["post-49233","post","type-post","status-publish","format-standard","has-post-thumbnail","hentry","category-pesca"],"jetpack_featured_media_url":"https:\/\/radiorevelacionfm.cl\/wp-content\/uploads\/2024\/12\/Ex-trabajador-salmonera-Mario-Argel-1-1.jpg","_links":{"self":[{"href":"https:\/\/radiorevelacionfm.cl\/index.php?rest_route=\/wp\/v2\/posts\/49233","targetHints":{"allow":["GET"]}}],"collection":[{"href":"https:\/\/radiorevelacionfm.cl\/index.php?rest_route=\/wp\/v2\/posts"}],"about":[{"href":"https:\/\/radiorevelacionfm.cl\/index.php?rest_route=\/wp\/v2\/types\/post"}],"author":[{"embeddable":true,"href":"https:\/\/radiorevelacionfm.cl\/index.php?rest_route=\/wp\/v2\/users\/1"}],"replies":[{"embeddable":true,"href":"https:\/\/radiorevelacionfm.cl\/index.php?rest_route=%2Fwp%2Fv2%2Fcomments&post=49233"}],"version-history":[{"count":1,"href":"https:\/\/radiorevelacionfm.cl\/index.php?rest_route=\/wp\/v2\/posts\/49233\/revisions"}],"predecessor-version":[{"id":49235,"href":"https:\/\/radiorevelacionfm.cl\/index.php?rest_route=\/wp\/v2\/posts\/49233\/revisions\/49235"}],"wp:featuredmedia":[{"embeddable":true,"href":"https:\/\/radiorevelacionfm.cl\/index.php?rest_route=\/wp\/v2\/media\/49234"}],"wp:attachment":[{"href":"https:\/\/radiorevelacionfm.cl\/index.php?rest_route=%2Fwp%2Fv2%2Fmedia&parent=49233"}],"wp:term":[{"taxonomy":"category","embeddable":true,"href":"https:\/\/radiorevelacionfm.cl\/index.php?rest_route=%2Fwp%2Fv2%2Fcategories&post=49233"},{"taxonomy":"post_tag","embeddable":true,"href":"https:\/\/radiorevelacionfm.cl\/index.php?rest_route=%2Fwp%2Fv2%2Ftags&post=49233"}],"curies":[{"name":"wp","href":"https:\/\/api.w.org\/{rel}","templated":true}]}}