{"id":49226,"date":"2024-12-28T11:54:10","date_gmt":"2024-12-28T14:54:10","guid":{"rendered":"https:\/\/radiorevelacionfm.cl\/?p=49226"},"modified":"2024-12-28T11:54:10","modified_gmt":"2024-12-28T14:54:10","slug":"balance-energetico-2024-estuvo-marcado-por-avances-a-nivel-nacional-y-regional","status":"publish","type":"post","link":"https:\/\/radiorevelacionfm.cl\/?p=49226","title":{"rendered":"Balance energ\u00e9tico 2024 estuvo marcado por avances a nivel nacional y regional"},"content":{"rendered":"<div class=\"flex_column av_one_full  flex_column_div av-zero-column-padding first  avia-builder-el-0  el_before_av_one_full  avia-builder-el-first  \" style='border-radius:0px; '><div  class='avia-image-container  av-styling-    avia-builder-el-1  avia-builder-el-no-sibling  avia-align-center '  itemprop=\"image\" itemscope=\"itemscope\" itemtype=\"https:\/\/schema.org\/ImageObject\"  ><div class='avia-image-container-inner'><div class='avia-image-overlay-wrap'><img decoding=\"async\" class='wp-image-49227 avia-img-lazy-loading-not-49227 avia_image' src=\"https:\/\/radiorevelacionfm.cl\/wp-content\/uploads\/2024\/12\/IMG_5086-1-1.jpg\" alt='' title='IMG_5086 (1) (1)' height=\"600\" width=\"800\"  itemprop=\"thumbnailUrl\" srcset=\"https:\/\/radiorevelacionfm.cl\/wp-content\/uploads\/2024\/12\/IMG_5086-1-1.jpg 800w, https:\/\/radiorevelacionfm.cl\/wp-content\/uploads\/2024\/12\/IMG_5086-1-1-300x225.jpg 300w, https:\/\/radiorevelacionfm.cl\/wp-content\/uploads\/2024\/12\/IMG_5086-1-1-768x576.jpg 768w, https:\/\/radiorevelacionfm.cl\/wp-content\/uploads\/2024\/12\/IMG_5086-1-1-705x529.jpg 705w, https:\/\/radiorevelacionfm.cl\/wp-content\/uploads\/2024\/12\/IMG_5086-1-1-450x338.jpg 450w, https:\/\/radiorevelacionfm.cl\/wp-content\/uploads\/2024\/12\/IMG_5086-1-1-600x450.jpg 600w\" sizes=\"(max-width: 800px) 100vw, 800px\" \/><\/div><\/div><\/div><\/div><div class=\"flex_column av_one_full  flex_column_div av-zero-column-padding first  avia-builder-el-2  el_after_av_one_full  el_before_av_one_full  column-top-margin\" style='border-radius:0px; '><section class=\"av_textblock_section \"  itemscope=\"itemscope\" itemtype=\"https:\/\/schema.org\/BlogPosting\" itemprop=\"blogPost\" ><div class='avia_textblock  '   itemprop=\"text\" ><p style=\"text-align: center;\"><strong><span style=\"font-size: 18pt;\">Balance energ\u00e9tico 2024 estuvo marcado por avances a nivel nacional y regional<\/span><\/strong><\/p>\n<div id=\"gtx-trans\" style=\"position: absolute; left: -50px; top: 4.31534px;\">\n<div class=\"gtx-trans-icon\"><\/div>\n<\/div>\n<\/div><\/section><\/div><div class=\"flex_column av_one_full  flex_column_div av-zero-column-padding first  avia-builder-el-4  el_after_av_one_full  el_before_av_hr  column-top-margin\" style='border-radius:0px; '><section class=\"av_textblock_section \"  itemscope=\"itemscope\" itemtype=\"https:\/\/schema.org\/BlogPosting\" itemprop=\"blogPost\" ><div class='avia_textblock  '   itemprop=\"text\" ><p style=\"text-align: justify;\"><em>La Secretar\u00eda Regional Ministerial de Energ\u00eda de la regi\u00f3n de Ays\u00e9n destac\u00f3 que este a\u00f1o ha sido clave para impulsar la transici\u00f3n energ\u00e9tica. <\/em><\/p>\n<p style=\"text-align: justify;\">Avances significativos en la agenda energ\u00e9tica local se concretaron durante 2024. En este sentido la presentaci\u00f3n del proyecto de ley de sistemas medianos, la implementaci\u00f3n del subsidio el\u00e9ctrico y el desarrollo de iniciativas de energ\u00eda renovable, destacan en la gesti\u00f3n de la cartera.<\/p>\n<p style=\"text-align: justify;\">Entre los hitos destacados, se encuentra el inicio de las obras para la ampliaci\u00f3n del Parque E\u00f3lico Alto Baguales, que duplicar\u00e1 la generaci\u00f3n de energ\u00eda renovable en la regi\u00f3n. Sobre este proyecto, Laibe se\u00f1al\u00f3: \u00abEste fue el primer parque e\u00f3lico de Chile y su ampliaci\u00f3n permitir\u00e1 reducir a la mitad el uso de combustibles f\u00f3siles en Ays\u00e9n, marcando un paso significativo hacia la descarbonizaci\u00f3n y la diversificaci\u00f3n de nuestra matriz energ\u00e9tica\u00bb.<\/p>\n<p style=\"text-align: justify;\">La entrega del subsidio el\u00e9ctrico por parte del Gobierno signific\u00f3 un alivio importante para las familias de Ays\u00e9n. Respecto a esta ayuda, el seremi de Energ\u00eda adelant\u00f3 que para enero de 2025 este beneficio volver\u00e1 a reflejarse en las cuentas de electricidad, ahora como descuentos mensuales.<\/p>\n<p style=\"text-align: justify;\">\u00abComo cartera, seguimos impulsando el proyecto de ley que fortalece el subsidio el\u00e9ctrico, que busca expandir la cobertura de este beneficio a m\u00e1s hogares vulnerables, aumentar el monto del subsidio para la regi\u00f3n de Ays\u00e9n, financiar un programa para la instalaci\u00f3n de techos solares dirigido a familias de clase media y la creaci\u00f3n de un mecanismo para que Pymes y Servicios Sanitarios Rurales (SSR o tambi\u00e9n conocidos como APR) accedan a precios de energ\u00eda m\u00e1s bajos\u201d, agreg\u00f3 la autoridad de Energ\u00eda.<\/p>\n<p style=\"text-align: justify;\">En este mismo sentido, la tramitaci\u00f3n del proyecto de ley de sistemas medianos, propuesta legislativa que busca modernizar los sistemas el\u00e9ctricos en las regiones de Ays\u00e9n, Magallanes y Los Lagos es otra de las acciones que se han visualizado como un avance en materia energ\u00e9tica.<\/p>\n<p style=\"text-align: justify;\">De cara al pr\u00f3ximo a\u00f1o, Tom\u00e1s Laibe remarc\u00f3 que \u201cel a\u00f1o 2025 ser\u00e1 decisivo para trabajar en la aprobaci\u00f3n del proyecto de reforma a los sistemas medianos, lo que representar\u00eda un cambio trascendental para destrabar el desarrollo de Ays\u00e9n, generando mayor equidad tarifaria y atrayendo inversi\u00f3n en energ\u00edas renovables\u201d.<\/p>\n<\/div><\/section><\/div><div  style='height:50px' class='hr hr-invisible   avia-builder-el-6  el_after_av_one_full  el_before_av_social_share '><span class='hr-inner ' ><span class='hr-inner-style'><\/span><\/span><\/div><\/p>\n<div  class='av-social-sharing-box  avia-builder-el-7  el_after_av_hr  el_before_av_hr  '><div class='av-share-box'><h5 class='av-share-link-description av-no-toc '>Compartir esta noticia<\/h5><ul class='av-share-box-list noLightbox'><li class='av-share-link av-social-link-facebook' ><a target=\"_blank\" aria-label=\"Compartir en Facebook\" href='https:\/\/www.facebook.com\/sharer.php?u=https:\/\/radiorevelacionfm.cl\/?p=49226&#038;t=Balance%20energ%C3%A9tico%202024%20estuvo%20marcado%20por%20avances%20a%20nivel%20nacional%20y%20regional' aria-hidden='false' data-av_icon='\ue8f3' data-av_iconfont='entypo-fontello' title='' data-avia-related-tooltip='Compartir en Facebook' rel=\"noopener\"><span class='avia_hidden_link_text'>Compartir en Facebook<\/span><\/a><\/li><li class='av-share-link av-social-link-twitter' ><a target=\"_blank\" aria-label=\"Compartir en Twitter\" href='https:\/\/twitter.com\/share?text=Balance%20energ%C3%A9tico%202024%20estuvo%20marcado%20por%20avances%20a%20nivel%20nacional%20y%20regional&#038;url=https:\/\/radiorevelacionfm.cl\/?p=49226' aria-hidden='false' data-av_icon='\ue8f1' data-av_iconfont='entypo-fontello' title='' data-avia-related-tooltip='Compartir en Twitter' rel=\"noopener\"><span class='avia_hidden_link_text'>Compartir en Twitter<\/span><\/a><\/li><li class='av-share-link av-social-link-whatsapp' ><a target=\"_blank\" aria-label=\"Compartir en Whatsapp\" href='https:\/\/api.whatsapp.com\/send?text=https:\/\/radiorevelacionfm.cl\/?p=49226' aria-hidden='false' data-av_icon='\uf232' data-av_iconfont='entypo-fontello' title='' data-avia-related-tooltip='Compartir en Whatsapp' rel=\"noopener\"><span class='avia_hidden_link_text'>Compartir en Whatsapp<\/span><\/a><\/li><li class='av-share-link av-social-link-linkedin' ><a target=\"_blank\" aria-label=\"Compartir en LinkedIn\" href='https:\/\/linkedin.com\/shareArticle?mini=true&#038;title=Balance%20energ%C3%A9tico%202024%20estuvo%20marcado%20por%20avances%20a%20nivel%20nacional%20y%20regional&#038;url=https:\/\/radiorevelacionfm.cl\/?p=49226' aria-hidden='false' data-av_icon='\ue8fc' data-av_iconfont='entypo-fontello' title='' data-avia-related-tooltip='Compartir en LinkedIn' rel=\"noopener\"><span class='avia_hidden_link_text'>Compartir en LinkedIn<\/span><\/a><\/li><li class='av-share-link av-social-link-mail' ><a  aria-label=\"Compartir por correo\" href='mailto:?subject=Balance%20energ%C3%A9tico%202024%20estuvo%20marcado%20por%20avances%20a%20nivel%20nacional%20y%20regional&#038;body=https:\/\/radiorevelacionfm.cl\/?p=49226' aria-hidden='false' data-av_icon='\ue805' data-av_iconfont='entypo-fontello' title='' data-avia-related-tooltip='Compartir por correo'><span class='avia_hidden_link_text'>Compartir por correo<\/span><\/a><\/li><\/ul><\/div><\/div>\n<div  style='height:50px' class='hr hr-invisible   avia-builder-el-8  el_after_av_social_share  el_before_av_comments_list '><span class='hr-inner ' ><span class='hr-inner-style'><\/span><\/span><\/div>\n<div  class='av-buildercomment  av-blog-meta-html-info-disabled av-blog-meta-tag-disabled  '><\/div>\n","protected":false},"excerpt":{"rendered":"","protected":false},"author":1,"featured_media":49227,"comment_status":"open","ping_status":"open","sticky":false,"template":"","format":"standard","meta":{"footnotes":""},"categories":[38],"tags":[],"class_list":["post-49226","post","type-post","status-publish","format-standard","has-post-thumbnail","hentry","category-regional"],"jetpack_featured_media_url":"https:\/\/radiorevelacionfm.cl\/wp-content\/uploads\/2024\/12\/IMG_5086-1-1.jpg","_links":{"self":[{"href":"https:\/\/radiorevelacionfm.cl\/index.php?rest_route=\/wp\/v2\/posts\/49226","targetHints":{"allow":["GET"]}}],"collection":[{"href":"https:\/\/radiorevelacionfm.cl\/index.php?rest_route=\/wp\/v2\/posts"}],"about":[{"href":"https:\/\/radiorevelacionfm.cl\/index.php?rest_route=\/wp\/v2\/types\/post"}],"author":[{"embeddable":true,"href":"https:\/\/radiorevelacionfm.cl\/index.php?rest_route=\/wp\/v2\/users\/1"}],"replies":[{"embeddable":true,"href":"https:\/\/radiorevelacionfm.cl\/index.php?rest_route=%2Fwp%2Fv2%2Fcomments&post=49226"}],"version-history":[{"count":1,"href":"https:\/\/radiorevelacionfm.cl\/index.php?rest_route=\/wp\/v2\/posts\/49226\/revisions"}],"predecessor-version":[{"id":49228,"href":"https:\/\/radiorevelacionfm.cl\/index.php?rest_route=\/wp\/v2\/posts\/49226\/revisions\/49228"}],"wp:featuredmedia":[{"embeddable":true,"href":"https:\/\/radiorevelacionfm.cl\/index.php?rest_route=\/wp\/v2\/media\/49227"}],"wp:attachment":[{"href":"https:\/\/radiorevelacionfm.cl\/index.php?rest_route=%2Fwp%2Fv2%2Fmedia&parent=49226"}],"wp:term":[{"taxonomy":"category","embeddable":true,"href":"https:\/\/radiorevelacionfm.cl\/index.php?rest_route=%2Fwp%2Fv2%2Fcategories&post=49226"},{"taxonomy":"post_tag","embeddable":true,"href":"https:\/\/radiorevelacionfm.cl\/index.php?rest_route=%2Fwp%2Fv2%2Ftags&post=49226"}],"curies":[{"name":"wp","href":"https:\/\/api.w.org\/{rel}","templated":true}]}}