{"id":49223,"date":"2024-12-27T19:57:14","date_gmt":"2024-12-27T22:57:14","guid":{"rendered":"https:\/\/radiorevelacionfm.cl\/?p=49223"},"modified":"2024-12-27T19:57:14","modified_gmt":"2024-12-27T22:57:14","slug":"no-todo-es-cansancio-como-se-manifiesta-el-estres-de-fin-de-ano-y-claves-para-manejarlo","status":"publish","type":"post","link":"https:\/\/radiorevelacionfm.cl\/?p=49223","title":{"rendered":"No todo es cansancio: C\u00f3mo se manifiesta el estr\u00e9s de fin de a\u00f1o y claves para manejarlo"},"content":{"rendered":"<div class=\"flex_column av_one_full  flex_column_div av-zero-column-padding first  avia-builder-el-0  el_before_av_one_full  avia-builder-el-first  \" style='border-radius:0px; '><div  class='avia-image-container  av-styling-    avia-builder-el-1  avia-builder-el-no-sibling  avia-align-center '  itemprop=\"image\" itemscope=\"itemscope\" itemtype=\"https:\/\/schema.org\/ImageObject\"  ><div class='avia-image-container-inner'><div class='avia-image-overlay-wrap'><img decoding=\"async\" class='wp-image-49224 avia-img-lazy-loading-not-49224 avia_image' src=\"https:\/\/radiorevelacionfm.cl\/wp-content\/uploads\/2024\/12\/estres-2-1-1.jpg\" alt='' title='estr\u00e9s 2 (1) (1)' height=\"600\" width=\"900\"  itemprop=\"thumbnailUrl\" srcset=\"https:\/\/radiorevelacionfm.cl\/wp-content\/uploads\/2024\/12\/estres-2-1-1.jpg 900w, https:\/\/radiorevelacionfm.cl\/wp-content\/uploads\/2024\/12\/estres-2-1-1-300x200.jpg 300w, https:\/\/radiorevelacionfm.cl\/wp-content\/uploads\/2024\/12\/estres-2-1-1-768x512.jpg 768w, https:\/\/radiorevelacionfm.cl\/wp-content\/uploads\/2024\/12\/estres-2-1-1-705x470.jpg 705w, https:\/\/radiorevelacionfm.cl\/wp-content\/uploads\/2024\/12\/estres-2-1-1-450x300.jpg 450w, https:\/\/radiorevelacionfm.cl\/wp-content\/uploads\/2024\/12\/estres-2-1-1-600x400.jpg 600w\" sizes=\"(max-width: 900px) 100vw, 900px\" \/><\/div><\/div><\/div><\/div><div class=\"flex_column av_one_full  flex_column_div av-zero-column-padding first  avia-builder-el-2  el_after_av_one_full  el_before_av_one_full  column-top-margin\" style='border-radius:0px; '><section class=\"av_textblock_section \"  itemscope=\"itemscope\" itemtype=\"https:\/\/schema.org\/BlogPosting\" itemprop=\"blogPost\" ><div class='avia_textblock  '   itemprop=\"text\" ><p style=\"text-align: center;\"><strong><span style=\"font-size: 18pt;\">No todo es cansancio: C\u00f3mo se manifiesta el estr\u00e9s de fin de a\u00f1o y claves para manejarlo<\/span><\/strong><\/p>\n<div id=\"gtx-trans\" style=\"position: absolute; left: -50px; top: 4.31534px;\">\n<div class=\"gtx-trans-icon\"><\/div>\n<\/div>\n<\/div><\/section><\/div><div class=\"flex_column av_one_full  flex_column_div av-zero-column-padding first  avia-builder-el-4  el_after_av_one_full  el_before_av_hr  column-top-margin\" style='border-radius:0px; '><section class=\"av_textblock_section \"  itemscope=\"itemscope\" itemtype=\"https:\/\/schema.org\/BlogPosting\" itemprop=\"blogPost\" ><div class='avia_textblock  '   itemprop=\"text\" ><p style=\"text-align: justify;\"><em>Dolor de est\u00f3mago, migra\u00f1as, afecciones a la piel y ataques de p\u00e1nico son algunos de los s\u00edntomas que pueden surgir al cierre del 2024. Especialistas de la salud comparten recomendaciones para sobrellevar mejor esta \u00e9poca.<\/em><\/p>\n<p style=\"text-align: justify;\">Comienza la cuenta regresiva para cerrar el a\u00f1o y para muchos aumenta la ansiedad, las preocupaciones e incluso la angustia. La planificaci\u00f3n del pr\u00f3ximo per\u00edodo, las fiestas y los compromisos sociales generan la combinaci\u00f3n perfecta para alterar el sistema nervioso.<\/p>\n<p style=\"text-align: justify;\">\u201cEn estas fechas la gran cantidad de actividades puede generan un nivel de hiperactividad importante. Por esto, hay que estar atentos a los s\u00edntomas derivados del estr\u00e9s, que son m\u00faltiples, ya que la respuesta neurol\u00f3gica ocurre en todo el cuerpo\u201d, comenta la Dra. Eugenia Escorza, jefa de Psiquiatr\u00eda de Cl\u00ednica D\u00e1vila.<\/p>\n<p style=\"text-align: justify;\">Por ello, las <strong>principales recomendaciones para enfrentar la carga mental son:<\/strong><\/p>\n<ol style=\"text-align: justify;\">\n<li>Organizarse, priorizar lo importante y delegar o postergar lo menos urgente<\/li>\n<li>Cambiar de actividad cuando se est\u00e1 muy concentrado en una sola labor<\/li>\n<li>Dar paseos al aire libre para tomar nuevas perspectivas y relajarse<\/li>\n<li>Realizar ejercicio f\u00edsico<\/li>\n<li>Tener una agenda diaria saludable que incluya las principales obligaciones, sin dejar de lado el descanso apropiado o un espacio para realizar hobbies<\/li>\n<\/ol>\n<p style=\"text-align: justify;\">\u201cTambi\u00e9n es una buena oportunidad para reflexionar acerca de lo que se ha tenido, lo que se ha logrado, lo que se ha ido, creo que hay que darse un espacio de reflexi\u00f3n y considerar estas celebraciones como un premio, un momento de compartir con los que queremos. Hay que tomar tiempo para lo que estamos haciendo, hay que estar presente en el aqu\u00ed y en el ahora\u201d, comenta la psiquiatra de Cl\u00ednica D\u00e1vila.<\/p>\n<p style=\"text-align: justify;\"><strong><u>\u00bfC\u00f3mo se manifiesta el estr\u00e9s?<\/u><\/strong><\/p>\n<p style=\"text-align: justify;\"><strong>Dolor de est\u00f3mago y problemas digestivos <\/strong><\/p>\n<p style=\"text-align: justify;\">El sistema digestivo es particularmente vulnerable al estr\u00e9s. \u201cEn cuanto al estilo de vida, se hace hincapi\u00e9 en la actualidad a todo lo que tiene que ver con mayor tensi\u00f3n y sedentarismo. En general, la recomendaci\u00f3n es volver a lo natural y lo saludable, tanto en la actividad f\u00edsica como en los h\u00e1bitos de alimentaci\u00f3n\u201d, indica el Dr. Alex D\u00edaz, gastroenter\u00f3logo de Cl\u00ednica Ciudad del Mar.<\/p>\n<p style=\"text-align: justify;\"><strong>Migra\u00f1as y dolores de cabeza <\/strong><\/p>\n<p style=\"text-align: justify;\">En tanto, el Dr. Juan Pablo Betancur, neur\u00f3logo de Cl\u00ednica Biob\u00edo, explica que factores como la ansiedad, el estr\u00e9s, la falta de sue\u00f1o y la deshidrataci\u00f3n pueden desencadenar migra\u00f1as y dolores de cabeza. Aunque no son las \u00fanicas causas, tienen un impacto significativo.<\/p>\n<p style=\"text-align: justify;\">\u201cPor eso, siempre es s\u00faper importante que la gente ante la presencia de dolor o tener migra\u00f1a visite a un m\u00e9dico o a un especialista para recibir indicaciones correctas y no automedicarse. Existe una condici\u00f3n que se llama cefalea por abuso de analg\u00e9sicos, por lo tanto, es importante siempre asesorarse por un profesional de la salud\u201d, explica.<\/p>\n<p style=\"text-align: justify;\"><strong>Afecciones a la piel<\/strong><\/p>\n<p style=\"text-align: justify;\">La Dra. Irene Araya, dermat\u00f3loga de Cl\u00ednica Santa Mar\u00eda, sostiene que, al existir una conexi\u00f3n entre la piel y el sistema nervioso, casi todas las enfermedades de la dermis tienen alg\u00fan grado de relaci\u00f3n con patolog\u00edas neurol\u00f3gicas. \u201cCuando la enfermedad es psicosom\u00e1tica, es importante hacer un tratamiento multidisciplinario que aborde la salud mental\u201d, se\u00f1ala.<\/p>\n<p style=\"text-align: justify;\">Asimismo, la Dra. Marisol Ibar, dermat\u00f3loga de Cl\u00ednica D\u00e1vila Vespucio, explica que en las consultas se evidencian pacientes que somatizan su carga emocional con enfermedades cut\u00e1neas. \u201cManifiestan que les pica el cuerpo y se rascan, uno busca causas org\u00e1nicas y la verdad es que no las hay, pero s\u00ed est\u00e1n sometidos y est\u00e1n cursando per\u00edodos de estr\u00e9s importantes\u201d, asegura la especialista.<\/p>\n<p style=\"text-align: justify;\"><strong>Ataques de p\u00e1nico y ansiedad<\/strong><\/p>\n<p style=\"text-align: justify;\">Aunque las personas con ansiedad y estr\u00e9s tienen un mayor riesgo de sufrir ataques de p\u00e1nico, no todas tienden a experimentarlos. Sin embargo, el Dr. Alfredo Labarca, urgenci\u00f3logo de Help explica que es relevante comprender que es usual que ocurren de un momento a otro, pero duran poco tiempo y desaparecen cuando el problema que lo causa es tratado junto a un especialista del \u00e1rea de salud mental.<\/p>\n<p style=\"text-align: justify;\">\u201cEs un episodio repentino de miedo incontrolable, que se manifiesta con reacciones f\u00edsicas graves cuando no existe ning\u00fan peligro real o causa aparente. Estos provocan que una persona pueda llegar a sentir que est\u00e1 perdiendo el control, teniendo un ataque card\u00edaco o que incluso se va a morir. Los s\u00edntomas pueden ir de un dolor de pecho, dificultad respiratoria y sensaci\u00f3n de falta de aire\u201d, finaliza el urgenci\u00f3logo.<\/p>\n<\/div><\/section><\/div><div  style='height:50px' class='hr hr-invisible   avia-builder-el-6  el_after_av_one_full  el_before_av_social_share '><span class='hr-inner ' ><span class='hr-inner-style'><\/span><\/span><\/div><\/p>\n<div  class='av-social-sharing-box  avia-builder-el-7  el_after_av_hr  el_before_av_hr  '><div class='av-share-box'><h5 class='av-share-link-description av-no-toc '>Compartir esta noticia<\/h5><ul class='av-share-box-list noLightbox'><li class='av-share-link av-social-link-facebook' ><a target=\"_blank\" aria-label=\"Compartir en Facebook\" href='https:\/\/www.facebook.com\/sharer.php?u=https:\/\/radiorevelacionfm.cl\/?p=49223&#038;t=No%20todo%20es%20cansancio%3A%20C%C3%B3mo%20se%20manifiesta%20el%20estr%C3%A9s%20de%20fin%20de%20a%C3%B1o%20y%20claves%20para%20manejarlo' aria-hidden='false' data-av_icon='\ue8f3' data-av_iconfont='entypo-fontello' title='' data-avia-related-tooltip='Compartir en Facebook' rel=\"noopener\"><span class='avia_hidden_link_text'>Compartir en Facebook<\/span><\/a><\/li><li class='av-share-link av-social-link-twitter' ><a target=\"_blank\" aria-label=\"Compartir en Twitter\" href='https:\/\/twitter.com\/share?text=No%20todo%20es%20cansancio%3A%20C%C3%B3mo%20se%20manifiesta%20el%20estr%C3%A9s%20de%20fin%20de%20a%C3%B1o%20y%20claves%20para%20manejarlo&#038;url=https:\/\/radiorevelacionfm.cl\/?p=49223' aria-hidden='false' data-av_icon='\ue8f1' data-av_iconfont='entypo-fontello' title='' data-avia-related-tooltip='Compartir en Twitter' rel=\"noopener\"><span class='avia_hidden_link_text'>Compartir en Twitter<\/span><\/a><\/li><li class='av-share-link av-social-link-whatsapp' ><a target=\"_blank\" aria-label=\"Compartir en Whatsapp\" href='https:\/\/api.whatsapp.com\/send?text=https:\/\/radiorevelacionfm.cl\/?p=49223' aria-hidden='false' data-av_icon='\uf232' data-av_iconfont='entypo-fontello' title='' data-avia-related-tooltip='Compartir en Whatsapp' rel=\"noopener\"><span class='avia_hidden_link_text'>Compartir en Whatsapp<\/span><\/a><\/li><li class='av-share-link av-social-link-linkedin' ><a target=\"_blank\" aria-label=\"Compartir en LinkedIn\" href='https:\/\/linkedin.com\/shareArticle?mini=true&#038;title=No%20todo%20es%20cansancio%3A%20C%C3%B3mo%20se%20manifiesta%20el%20estr%C3%A9s%20de%20fin%20de%20a%C3%B1o%20y%20claves%20para%20manejarlo&#038;url=https:\/\/radiorevelacionfm.cl\/?p=49223' aria-hidden='false' data-av_icon='\ue8fc' data-av_iconfont='entypo-fontello' title='' data-avia-related-tooltip='Compartir en LinkedIn' rel=\"noopener\"><span class='avia_hidden_link_text'>Compartir en LinkedIn<\/span><\/a><\/li><li class='av-share-link av-social-link-mail' ><a  aria-label=\"Compartir por correo\" href='mailto:?subject=No%20todo%20es%20cansancio%3A%20C%C3%B3mo%20se%20manifiesta%20el%20estr%C3%A9s%20de%20fin%20de%20a%C3%B1o%20y%20claves%20para%20manejarlo&#038;body=https:\/\/radiorevelacionfm.cl\/?p=49223' aria-hidden='false' data-av_icon='\ue805' data-av_iconfont='entypo-fontello' title='' data-avia-related-tooltip='Compartir por correo'><span class='avia_hidden_link_text'>Compartir por correo<\/span><\/a><\/li><\/ul><\/div><\/div>\n<div  style='height:50px' class='hr hr-invisible   avia-builder-el-8  el_after_av_social_share  el_before_av_comments_list '><span class='hr-inner ' ><span class='hr-inner-style'><\/span><\/span><\/div>\n<div  class='av-buildercomment  av-blog-meta-html-info-disabled av-blog-meta-tag-disabled  '><\/div>\n","protected":false},"excerpt":{"rendered":"","protected":false},"author":1,"featured_media":49224,"comment_status":"open","ping_status":"open","sticky":false,"template":"","format":"standard","meta":{"footnotes":""},"categories":[46],"tags":[],"class_list":["post-49223","post","type-post","status-publish","format-standard","has-post-thumbnail","hentry","category-salud"],"jetpack_featured_media_url":"https:\/\/radiorevelacionfm.cl\/wp-content\/uploads\/2024\/12\/estres-2-1-1.jpg","_links":{"self":[{"href":"https:\/\/radiorevelacionfm.cl\/index.php?rest_route=\/wp\/v2\/posts\/49223","targetHints":{"allow":["GET"]}}],"collection":[{"href":"https:\/\/radiorevelacionfm.cl\/index.php?rest_route=\/wp\/v2\/posts"}],"about":[{"href":"https:\/\/radiorevelacionfm.cl\/index.php?rest_route=\/wp\/v2\/types\/post"}],"author":[{"embeddable":true,"href":"https:\/\/radiorevelacionfm.cl\/index.php?rest_route=\/wp\/v2\/users\/1"}],"replies":[{"embeddable":true,"href":"https:\/\/radiorevelacionfm.cl\/index.php?rest_route=%2Fwp%2Fv2%2Fcomments&post=49223"}],"version-history":[{"count":1,"href":"https:\/\/radiorevelacionfm.cl\/index.php?rest_route=\/wp\/v2\/posts\/49223\/revisions"}],"predecessor-version":[{"id":49225,"href":"https:\/\/radiorevelacionfm.cl\/index.php?rest_route=\/wp\/v2\/posts\/49223\/revisions\/49225"}],"wp:featuredmedia":[{"embeddable":true,"href":"https:\/\/radiorevelacionfm.cl\/index.php?rest_route=\/wp\/v2\/media\/49224"}],"wp:attachment":[{"href":"https:\/\/radiorevelacionfm.cl\/index.php?rest_route=%2Fwp%2Fv2%2Fmedia&parent=49223"}],"wp:term":[{"taxonomy":"category","embeddable":true,"href":"https:\/\/radiorevelacionfm.cl\/index.php?rest_route=%2Fwp%2Fv2%2Fcategories&post=49223"},{"taxonomy":"post_tag","embeddable":true,"href":"https:\/\/radiorevelacionfm.cl\/index.php?rest_route=%2Fwp%2Fv2%2Ftags&post=49223"}],"curies":[{"name":"wp","href":"https:\/\/api.w.org\/{rel}","templated":true}]}}