{"id":49220,"date":"2024-12-27T18:15:45","date_gmt":"2024-12-27T21:15:45","guid":{"rendered":"https:\/\/radiorevelacionfm.cl\/?p=49220"},"modified":"2024-12-27T18:15:45","modified_gmt":"2024-12-27T21:15:45","slug":"destacan-impulso-entregado-a-mas-de-380-emprendimientos-en-puerto-aysen-y-localidades-aledanas-durante-este-2024","status":"publish","type":"post","link":"https:\/\/radiorevelacionfm.cl\/?p=49220","title":{"rendered":"Destacan impulso entregado a m\u00e1s de 380 emprendimientos en Puerto Ays\u00e9n y localidades aleda\u00f1as durante este 2024"},"content":{"rendered":"<div class=\"flex_column av_one_full  flex_column_div av-zero-column-padding first  avia-builder-el-0  el_before_av_one_full  avia-builder-el-first  \" style='border-radius:0px; '><div  class='avia-image-container  av-styling-    avia-builder-el-1  avia-builder-el-no-sibling  avia-align-center '  itemprop=\"image\" itemscope=\"itemscope\" itemtype=\"https:\/\/schema.org\/ImageObject\"  ><div class='avia-image-container-inner'><div class='avia-image-overlay-wrap'><img decoding=\"async\" class='wp-image-49221 avia-img-lazy-loading-not-49221 avia_image' src=\"https:\/\/radiorevelacionfm.cl\/wp-content\/uploads\/2024\/12\/WhatsApp-Image-2024-12-27-at-15.37.38-1-1.jpeg\" alt='' title='WhatsApp Image 2024-12-27 at 15.37.38 (1) (1)' height=\"600\" width=\"1067\"  itemprop=\"thumbnailUrl\" srcset=\"https:\/\/radiorevelacionfm.cl\/wp-content\/uploads\/2024\/12\/WhatsApp-Image-2024-12-27-at-15.37.38-1-1.jpeg 1067w, https:\/\/radiorevelacionfm.cl\/wp-content\/uploads\/2024\/12\/WhatsApp-Image-2024-12-27-at-15.37.38-1-1-300x169.jpeg 300w, https:\/\/radiorevelacionfm.cl\/wp-content\/uploads\/2024\/12\/WhatsApp-Image-2024-12-27-at-15.37.38-1-1-1030x579.jpeg 1030w, https:\/\/radiorevelacionfm.cl\/wp-content\/uploads\/2024\/12\/WhatsApp-Image-2024-12-27-at-15.37.38-1-1-768x432.jpeg 768w, https:\/\/radiorevelacionfm.cl\/wp-content\/uploads\/2024\/12\/WhatsApp-Image-2024-12-27-at-15.37.38-1-1-705x396.jpeg 705w, https:\/\/radiorevelacionfm.cl\/wp-content\/uploads\/2024\/12\/WhatsApp-Image-2024-12-27-at-15.37.38-1-1-450x253.jpeg 450w, https:\/\/radiorevelacionfm.cl\/wp-content\/uploads\/2024\/12\/WhatsApp-Image-2024-12-27-at-15.37.38-1-1-600x337.jpeg 600w\" sizes=\"(max-width: 1067px) 100vw, 1067px\" \/><\/div><\/div><\/div><\/div><div class=\"flex_column av_one_full  flex_column_div av-zero-column-padding first  avia-builder-el-2  el_after_av_one_full  el_before_av_one_full  column-top-margin\" style='border-radius:0px; '><section class=\"av_textblock_section \"  itemscope=\"itemscope\" itemtype=\"https:\/\/schema.org\/BlogPosting\" itemprop=\"blogPost\" ><div class='avia_textblock  '   itemprop=\"text\" ><p style=\"text-align: center;\"><strong><span style=\"font-size: 18pt;\">Destacan impulso entregado a m\u00e1s de 380 emprendimientos en Puerto Ays\u00e9n y localidades aleda\u00f1as durante este 2024<\/span><\/strong><\/p>\n<div id=\"gtx-trans\" style=\"position: absolute; left: -50px; top: 4.31534px;\">\n<div class=\"gtx-trans-icon\"><\/div>\n<\/div>\n<\/div><\/section><\/div><div class=\"flex_column av_one_full  flex_column_div av-zero-column-padding first  avia-builder-el-4  el_after_av_one_full  el_before_av_hr  column-top-margin\" style='border-radius:0px; '><section class=\"av_textblock_section \"  itemscope=\"itemscope\" itemtype=\"https:\/\/schema.org\/BlogPosting\" itemprop=\"blogPost\" ><div class='avia_textblock  '   itemprop=\"text\" ><p style=\"text-align: justify;\">La entrega de asesor\u00edas y capacitaciones empresas de menor tama\u00f1o del norte de la regi\u00f3n de Ays\u00e9n, ha sido el principal objetivo para el Centro de Desarrollo de Negocios de Sercotec Puerto Ays\u00e9n durante este a\u00f1o, el cual ha sumado el impulso y consolidaci\u00f3n de empresas, orientaci\u00f3n en la apertura de nuevos mercados, y especialmente el fomento de la asociatividad y generaci\u00f3n de redes en el ecosistema del emprendimiento.<\/p>\n<p style=\"text-align: justify;\">As\u00ed lo indica \u00c1lvaro Mu\u00f1oz, creador TIBUROV, empresa dedicada a la prestaci\u00f3n de servicios de rob\u00f3tica, fotograf\u00eda submarina, construcci\u00f3n, venta de muebles y servicios relacionados a la acuicultura. Se trata de una de las empresas participantes de la <strong>Academia Laboral<\/strong> impulsada por el Centro. \u201cEl CDN nos ha dado una gran ayuda desde los inicios de nuestra formalizaci\u00f3n, especialmente en el sistema de pago de remuneraciones, facturaci\u00f3n y el establecimiento de nexos con empresas de nuestro rubro. La Academia nos permiti\u00f3 recibir grandes aprendizajes que nos han permitido crecer y concretar las primeras ventas de nuestros servicios\u201d, indic\u00f3.<\/p>\n<p style=\"text-align: justify;\">Durante este a\u00f1o han sido diversas acciones realizadas por el Centro de Desarrollo de Negocios, donde destacan: 98 capacitaciones en las \u00e1reas de financiamiento, marketing, ingl\u00e9s, desarrollo tur\u00edstico, contable, digital, entre otras, donde participaron un total de 448 pymes de manera presencial y virtual, a trav\u00e9s de alianzas con diversas instituciones para hacer llegar la oferta formativa y de servicios enfocadas a los clientes del Centro. Entre ellas destaca el trabajo colaborativo con el Servicio de Impuestos Internos, Sernatur y Seremi de Salud, municipios, entre otros.<\/p>\n<p style=\"text-align: justify;\">Otra de las empresarias que destaca que el aporte del Centro de Desarrollo de Negocios en su crecimiento empresarial es Valeria Caro, creadora de Piuke, emprendimiento enfocado a la confecci\u00f3n de piezas de joyer\u00eda con t\u00e9cnica de alambrismo, quien adem\u00e1s logr\u00f3 adjudicarse un fondo Capital Abeja de Sercotec, que le permiti\u00f3 comprar implementos para la elaboraci\u00f3n de Joyas y quien adem\u00e1s particip\u00f3 de la <strong>Escuela \u201cAntorcha Digital\u201d.<\/strong> \u201cLa mejor decisi\u00f3n que tom\u00e9 fue acercarme al CDN, me han prestado mucha ayuda, sobre todo en asesor\u00eda de marketing, porque mi experiencia se basa en hacer aros, pero no sab\u00eda vender mis productos; tambi\u00e9n me ayudaron \u00a0a entender la importancia de las redes sociales, la imagen de marca y tomar contacto con otros emprendedores para fortalecer mi negocio\u201d, comenta \u00a0Valeria.<\/p>\n<p style=\"text-align: justify;\">En la b\u00fasqueda de apertura a nuevos mercados y oportunidades de negocios para los clientes de centro, se destaca la implementaci\u00f3n del \u201c<strong>Yo compro local\u201d,<\/strong> programa pionero en la regi\u00f3n que durante este a\u00f1o permiti\u00f3 establecer nexos comerciales entre empresas de menor y gran tama\u00f1o, permitiendo abrir el abanico de posibilidades de ventas. El presente a\u00f1o, 15 empresas pertenecientes a la red de los Centros de Coyhaique y Puerto Ays\u00e9n participaron de capacitaciones, asesor\u00edas, ruedas de negocios y ferias. \u00bb Mediante la gesti\u00f3n del Centro se lograron v\u00ednculos comerciales como 5 grandes empresas locales y se apunta a seguir incorporando nuevos puntos de ventas para los participantes del programa \u201cYo Compro Local\u201d, menciona Paulina Medina Jefa del Centro de Negocios Sercotec Puerto Ays\u00e9n.<\/p>\n<p style=\"text-align: justify;\">Sin embargo, no es lo \u00fanico que destacan los asesorados, tambi\u00e9n relevan la gesti\u00f3n de participaci\u00f3n en Ferias y Expos, que adem\u00e1s de ventas, permiti\u00f3 generar v\u00ednculos virtuosos. Kimberly Past\u00e9n de Maqui Ilustraci\u00f3n y Papeler\u00eda pone en valor este apoyo: \u201cEn las ferias no solo he logrado vender mis productos, sino tambi\u00e9n acceder a una importante vitrina comercial\u201d, indica.<\/p>\n<p style=\"text-align: justify;\">En materia de difusi\u00f3n, tambi\u00e9n el Centro de Desarrollo de Negocios Puerto Ays\u00e9n, emiti\u00f3 por segundo a\u00f1o consecutivo el Live CDN Conecta Ays\u00e9n a trav\u00e9s de su cuenta de Instagram, donde la periodista Claudia Molina, entrevist\u00f3 a 10 due\u00f1os de mypes quienes compartieron sus historias de emprendimiento y c\u00f3mo la asesor\u00eda del Centro ha aportado a su desarrollo.<\/p>\n<p style=\"text-align: justify;\">Finalmente, cabe destacar que el Centro continuar\u00e1 operando bajo la ejecuci\u00f3n de INACAP, instituci\u00f3n que se adjudic\u00f3 por segunda vez el concurso de operaci\u00f3n de los centros tanto de Coyhaique como Puerto Ays\u00e9n, y que deber\u00e1 cumplir los lineamientos estrat\u00e9gicos de Sercotec, que para este per\u00edodo 2025 \u2013 2028, el cual apuntar\u00e1 a fortalecer la sostenibilidad de las empresas, generar vinculaci\u00f3n con empresas p\u00fablicas, privadas y academia, fortalecer el encadenamiento productivo y promover \u00a0de redes empresariales a trav\u00e9s de el fortalecimiento de la asociatividad con enfoque inclusivo y transversal, considerando la transversalidad de g\u00e9nero y la inclusi\u00f3n de pueblos originarios.<\/p>\n<p style=\"text-align: justify;\">\u201cDesde Sercotec nos sentimos muy orgullosos del trabajo que ha realizado el CDN de Puerto Ays\u00e9n que ha hecho un despliegue y una vinculaci\u00f3n importante, que a permitido adem\u00e1s generar alianzas estrat\u00e9gicas y encadenamiento productivo entre clientes y clientas del Centro, con la mediana empresa regional generando desarrollo econ\u00f3mico local\u201d, indic\u00f3 Nelly Vargas Mansilla, directora regional de Sercotec Ays\u00e9n.<\/p>\n<p style=\"text-align: justify;\">Sin duda desaf\u00edos importantes que ya proyectan un trabajo en la comuna, pero que priorizar\u00e1 el terreno, fortaleciendo el trabajo con localidades como: Ma\u00f1ihuales, \u00a0Amengual, Cisnes, Puyuhuapi, La Junta y Ra\u00fal Mar\u00edn, territorios marcados por un prominente potencial emprendedor y donde de manera descentralizada se llegar\u00e1 (como hasta ahora) con la oferta de programas y servicios, que permitan fortalecer el desarrollo econ\u00f3mico local.<\/p>\n<\/div><\/section><\/div><div  style='height:50px' class='hr hr-invisible   avia-builder-el-6  el_after_av_one_full  el_before_av_social_share '><span class='hr-inner ' ><span class='hr-inner-style'><\/span><\/span><\/div><\/p>\n<div  class='av-social-sharing-box  avia-builder-el-7  el_after_av_hr  el_before_av_hr  '><div class='av-share-box'><h5 class='av-share-link-description av-no-toc '>Compartir esta noticia<\/h5><ul class='av-share-box-list noLightbox'><li class='av-share-link av-social-link-facebook' ><a target=\"_blank\" aria-label=\"Compartir en Facebook\" href='https:\/\/www.facebook.com\/sharer.php?u=https:\/\/radiorevelacionfm.cl\/?p=49220&#038;t=Destacan%20impulso%20entregado%20a%20m%C3%A1s%20de%20380%20emprendimientos%20en%20Puerto%20Ays%C3%A9n%20y%20localidades%20aleda%C3%B1as%20durante%20este%202024' aria-hidden='false' data-av_icon='\ue8f3' data-av_iconfont='entypo-fontello' title='' data-avia-related-tooltip='Compartir en Facebook' rel=\"noopener\"><span class='avia_hidden_link_text'>Compartir en Facebook<\/span><\/a><\/li><li class='av-share-link av-social-link-twitter' ><a target=\"_blank\" aria-label=\"Compartir en Twitter\" href='https:\/\/twitter.com\/share?text=Destacan%20impulso%20entregado%20a%20m%C3%A1s%20de%20380%20emprendimientos%20en%20Puerto%20Ays%C3%A9n%20y%20localidades%20aleda%C3%B1as%20durante%20este%202024&#038;url=https:\/\/radiorevelacionfm.cl\/?p=49220' aria-hidden='false' data-av_icon='\ue8f1' data-av_iconfont='entypo-fontello' title='' data-avia-related-tooltip='Compartir en Twitter' rel=\"noopener\"><span class='avia_hidden_link_text'>Compartir en Twitter<\/span><\/a><\/li><li class='av-share-link av-social-link-whatsapp' ><a target=\"_blank\" aria-label=\"Compartir en Whatsapp\" href='https:\/\/api.whatsapp.com\/send?text=https:\/\/radiorevelacionfm.cl\/?p=49220' aria-hidden='false' data-av_icon='\uf232' data-av_iconfont='entypo-fontello' title='' data-avia-related-tooltip='Compartir en Whatsapp' rel=\"noopener\"><span class='avia_hidden_link_text'>Compartir en Whatsapp<\/span><\/a><\/li><li class='av-share-link av-social-link-linkedin' ><a target=\"_blank\" aria-label=\"Compartir en LinkedIn\" href='https:\/\/linkedin.com\/shareArticle?mini=true&#038;title=Destacan%20impulso%20entregado%20a%20m%C3%A1s%20de%20380%20emprendimientos%20en%20Puerto%20Ays%C3%A9n%20y%20localidades%20aleda%C3%B1as%20durante%20este%202024&#038;url=https:\/\/radiorevelacionfm.cl\/?p=49220' aria-hidden='false' data-av_icon='\ue8fc' data-av_iconfont='entypo-fontello' title='' data-avia-related-tooltip='Compartir en LinkedIn' rel=\"noopener\"><span class='avia_hidden_link_text'>Compartir en LinkedIn<\/span><\/a><\/li><li class='av-share-link av-social-link-mail' ><a  aria-label=\"Compartir por correo\" href='mailto:?subject=Destacan%20impulso%20entregado%20a%20m%C3%A1s%20de%20380%20emprendimientos%20en%20Puerto%20Ays%C3%A9n%20y%20localidades%20aleda%C3%B1as%20durante%20este%202024&#038;body=https:\/\/radiorevelacionfm.cl\/?p=49220' aria-hidden='false' data-av_icon='\ue805' data-av_iconfont='entypo-fontello' title='' data-avia-related-tooltip='Compartir por correo'><span class='avia_hidden_link_text'>Compartir por correo<\/span><\/a><\/li><\/ul><\/div><\/div>\n<div  style='height:50px' class='hr hr-invisible   avia-builder-el-8  el_after_av_social_share  el_before_av_comments_list '><span class='hr-inner ' ><span class='hr-inner-style'><\/span><\/span><\/div>\n<div  class='av-buildercomment  av-blog-meta-html-info-disabled av-blog-meta-tag-disabled  '><\/div>\n","protected":false},"excerpt":{"rendered":"","protected":false},"author":1,"featured_media":49221,"comment_status":"open","ping_status":"open","sticky":false,"template":"","format":"standard","meta":{"footnotes":""},"categories":[38],"tags":[],"class_list":["post-49220","post","type-post","status-publish","format-standard","has-post-thumbnail","hentry","category-regional"],"jetpack_featured_media_url":"https:\/\/radiorevelacionfm.cl\/wp-content\/uploads\/2024\/12\/WhatsApp-Image-2024-12-27-at-15.37.38-1-1.jpeg","_links":{"self":[{"href":"https:\/\/radiorevelacionfm.cl\/index.php?rest_route=\/wp\/v2\/posts\/49220","targetHints":{"allow":["GET"]}}],"collection":[{"href":"https:\/\/radiorevelacionfm.cl\/index.php?rest_route=\/wp\/v2\/posts"}],"about":[{"href":"https:\/\/radiorevelacionfm.cl\/index.php?rest_route=\/wp\/v2\/types\/post"}],"author":[{"embeddable":true,"href":"https:\/\/radiorevelacionfm.cl\/index.php?rest_route=\/wp\/v2\/users\/1"}],"replies":[{"embeddable":true,"href":"https:\/\/radiorevelacionfm.cl\/index.php?rest_route=%2Fwp%2Fv2%2Fcomments&post=49220"}],"version-history":[{"count":1,"href":"https:\/\/radiorevelacionfm.cl\/index.php?rest_route=\/wp\/v2\/posts\/49220\/revisions"}],"predecessor-version":[{"id":49222,"href":"https:\/\/radiorevelacionfm.cl\/index.php?rest_route=\/wp\/v2\/posts\/49220\/revisions\/49222"}],"wp:featuredmedia":[{"embeddable":true,"href":"https:\/\/radiorevelacionfm.cl\/index.php?rest_route=\/wp\/v2\/media\/49221"}],"wp:attachment":[{"href":"https:\/\/radiorevelacionfm.cl\/index.php?rest_route=%2Fwp%2Fv2%2Fmedia&parent=49220"}],"wp:term":[{"taxonomy":"category","embeddable":true,"href":"https:\/\/radiorevelacionfm.cl\/index.php?rest_route=%2Fwp%2Fv2%2Fcategories&post=49220"},{"taxonomy":"post_tag","embeddable":true,"href":"https:\/\/radiorevelacionfm.cl\/index.php?rest_route=%2Fwp%2Fv2%2Ftags&post=49220"}],"curies":[{"name":"wp","href":"https:\/\/api.w.org\/{rel}","templated":true}]}}