{"id":49218,"date":"2024-12-27T17:51:37","date_gmt":"2024-12-27T20:51:37","guid":{"rendered":"https:\/\/radiorevelacionfm.cl\/?p=49218"},"modified":"2024-12-27T17:51:37","modified_gmt":"2024-12-27T20:51:37","slug":"red-de-salud-preparada-para-eventual-aumento-de-demanda-en-servicios-de-urgencia-en-este-ano-nuevo-2025","status":"publish","type":"post","link":"https:\/\/radiorevelacionfm.cl\/?p=49218","title":{"rendered":"Red de Salud preparada para eventual aumento de demanda en servicios de urgencia en este a\u00f1o nuevo 2025"},"content":{"rendered":"<div class=\"flex_column av_one_full  flex_column_div av-zero-column-padding first  avia-builder-el-0  el_before_av_one_full  avia-builder-el-first  \" style='border-radius:0px; '><div  class='avia-image-container  av-styling-    avia-builder-el-1  avia-builder-el-no-sibling  avia-align-center '  itemprop=\"image\" itemscope=\"itemscope\" itemtype=\"https:\/\/schema.org\/ImageObject\"  ><div class='avia-image-container-inner'><div class='avia-image-overlay-wrap'><img decoding=\"async\" class='wp-image-24003 avia-img-lazy-loading-not-24003 avia_image' src=\"https:\/\/radiorevelacionfm.cl\/wp-content\/uploads\/2022\/11\/hospital-regional-coyhaique-1_optimized.jpg\" alt='' title='hospital-regional-coyhaique-(1)_optimized' height=\"600\" width=\"906\"  itemprop=\"thumbnailUrl\" srcset=\"https:\/\/radiorevelacionfm.cl\/wp-content\/uploads\/2022\/11\/hospital-regional-coyhaique-1_optimized.jpg 906w, https:\/\/radiorevelacionfm.cl\/wp-content\/uploads\/2022\/11\/hospital-regional-coyhaique-1_optimized-300x199.jpg 300w, https:\/\/radiorevelacionfm.cl\/wp-content\/uploads\/2022\/11\/hospital-regional-coyhaique-1_optimized-768x509.jpg 768w, https:\/\/radiorevelacionfm.cl\/wp-content\/uploads\/2022\/11\/hospital-regional-coyhaique-1_optimized-705x467.jpg 705w, https:\/\/radiorevelacionfm.cl\/wp-content\/uploads\/2022\/11\/hospital-regional-coyhaique-1_optimized-600x397.jpg 600w\" sizes=\"(max-width: 906px) 100vw, 906px\" \/><\/div><\/div><\/div><\/div><div class=\"flex_column av_one_full  flex_column_div av-zero-column-padding first  avia-builder-el-2  el_after_av_one_full  el_before_av_one_full  column-top-margin\" style='border-radius:0px; '><section class=\"av_textblock_section \"  itemscope=\"itemscope\" itemtype=\"https:\/\/schema.org\/BlogPosting\" itemprop=\"blogPost\" ><div class='avia_textblock  '   itemprop=\"text\" ><p style=\"text-align: center;\"><strong><span style=\"font-size: 18pt;\">Red de Salud preparada para eventual aumento de demanda en servicios de urgencia en este a\u00f1o nuevo 2025<\/span><\/strong><\/p>\n<div id=\"gtx-trans\" style=\"position: absolute; left: -50px; top: 4.31534px;\">\n<div class=\"gtx-trans-icon\"><\/div>\n<\/div>\n<\/div><\/section><\/div><div class=\"flex_column av_one_full  flex_column_div av-zero-column-padding first  avia-builder-el-4  el_after_av_one_full  el_before_av_hr  column-top-margin\" style='border-radius:0px; '><section class=\"av_textblock_section \"  itemscope=\"itemscope\" itemtype=\"https:\/\/schema.org\/BlogPosting\" itemprop=\"blogPost\" ><div class='avia_textblock  '   itemprop=\"text\" ><p class=\"v1MsoNormal\" style=\"text-align: justify;\">En el marco de la celebraci\u00f3n del\u00a0A\u00f1o\u00a0Nuevo 2025, las autoridades del Servicio de Salud hicieron un llamado a hacer un\u00a0buen\u00a0uso\u00a0de la\u00a0Red\u00a0Asistencial y celebrar con moderaci\u00f3n, tanto en el consumo de alimentos, como en la ingesta de alcohol.<\/p>\n<p class=\"v1MsoNormal\" style=\"text-align: justify;\">\u00abJunto con desearles a todos un buen fin de a\u00f1o y un 2025 lleno de felicidad y \u00e9xitos, quiero informarles que nuestra Red est\u00e1 preparada, desde Guaitecas hasta Villa O&#8217;Higgins, para dar respuesta a las necesidades que se puedan presentar los pr\u00f3ximos d\u00edas. Los quiero invitar a celebrar y disfrutar esta fiesta con sus amigos y familia, evitando situaciones de riesgo, al autocuidado y hacer un buen uso de nuestra Red Asistencial en todo el territorio\u00bb, dijo Mauricio Cort\u00e9s, director (S) del Servicio de Salud Ays\u00e9n (SSA).<\/p>\n<p class=\"v1MsoNormal\" style=\"text-align: justify;\">Los esfuerzos apuntan a la prevenci\u00f3n y evitar que los servicios de urgencia se vean sobrepasados, por eso el llamado a la comunidad es a recordar que en Coyhaique estar\u00e1 disponible la atenci\u00f3n en el SAPU. \u00abQueremos informarles que la Red de Urgencia de la regi\u00f3n de Ays\u00e9n se encuentra preparada y operativa para resolver los problemas de salud que les puedan afectar\u00bb, puntualiz\u00f3 Erick Sandoval, coordinador de la Red de Urgencia del Servicio de Salud Ays\u00e9n.<\/p>\n<p class=\"v1MsoNormal\" style=\"text-align: justify;\">La invitaci\u00f3n es hacer un buen uso de la Red y evitar acudir directamente a los hospitales en caso de problemas de salud de car\u00e1cter leve, \u00absi tienes dudas si tu condici\u00f3n de salud requiere o no asistencia a uno de estos centros puedes llamar directamente a Salud Responde, al n\u00famero 600 360 7777, donde obtendr\u00e1s la orientaci\u00f3n de un profesional de la salud y si est\u00e1s en Coyhaique, puedes acudir al SAPU Dr. Alejandro Guti\u00e9rrez y en caso de alguna urgencia de riesgo vital, puedes llamar al 1 3 1 en cualquier punto de la regi\u00f3n\u00bb, agreg\u00f3 Sandoval.<\/p>\n<p class=\"v1MsoNormal\" style=\"text-align: justify;\">En esta fecha del a\u00f1o eventualmente los principales establecimientos de la red incrementan su demanda, por accidentes y descompensaci\u00f3n de patolog\u00edas cr\u00f3nicas. Por eso existe un completo plan de contingencia en toda la regi\u00f3n.<\/p>\n<p class=\"v1MsoNormal\" style=\"text-align: justify;\">\u00abEn aquellos casos que sean patolog\u00edas m\u00e1s graves acudan al Hospital Regional Coyhaique recuerden que contamos con tres tipos de urgencias diferenciadas: la urgencia gineco obst\u00e9trica para la atenci\u00f3n de mujeres y pacientes embarazadas, urgencia pedi\u00e1trica que atiende desde cero a los hasta 14 a\u00f1os, 11 meses y 29 d\u00edas, ambas urgencias tienen acceso por calle Jorge Ibar y la urgencia adulto ubicada en calle Carrera que atiende desde los 15 a\u00f1os en adelante. Por supuesto recordar el llamado al autocuidado, que pasemos unas felices fiestas, sin nada que lamentar\u00bb, precis\u00f3 por su parte el Dr. Daniel Aravena, director (S) del Hospital Regional Coyhaique.<\/p>\n<p class=\"v1MsoNormal\" style=\"text-align: justify;\">Cabe reiterar que ante aquellas emergencias de mayor riesgo siempre est\u00e1n disponibles los m\u00f3viles b\u00e1sicos y avanzados de SAMU desplegados en distintos puntos de la regi\u00f3n. Las autoridades recordaron hacer buen uso del 131 para evitar colapsar esta l\u00ednea dispuesta para responder a las urgencias que se pueden presentar en estas fechas. A su vez es importante mantener el autocuidado, protegerse del sol y tomar agua regularmente.<\/p>\n<p class=\"v1MsoNormal\" style=\"text-align: justify;\"><b>Prevenci\u00f3n de accidentes<\/b><\/p>\n<p class=\"v1MsoNormal\" style=\"text-align: justify;\">Entretanto Carmen Monsalve, Seremi de Salud Ays\u00e9n, hizo un fuerte llamado a no conducir si se decide beber alcohol. \u00abEs importante recordar que uno de los factores identificados en estas causales es el consumo de alcohol al momento de conducir y por ese motivo una de las fuertes recomendaciones es invitar a un consumo responsable, a tener identificado al segundo conductor designado, si es que la decisi\u00f3n es consumir alcohol y desde el punto de vista de las celebraciones, como autoridad sanitaria recomendamos que las personas obtengan sus productos desde fuentes y lugares autorizados, porque eso resguarda la inocuidad de los productos\u00bb, indic\u00f3 la Autoridad.<\/p>\n<p class=\"v1MsoNormal\" style=\"text-align: justify;\">Adem\u00e1s, recomend\u00f3 deshacerse de las v\u00edsceras de animales para prevenir la transmisi\u00f3n de la hidatidosis, como asimismo acampar en lugares autorizados para evitar el virus hanta.<\/p>\n<p class=\"v1MsoNormal\" style=\"text-align: justify;\">Cabe se\u00f1alar que desde la Red de Urgencia mantendr\u00e1n un monitoreo constante de la Red de Salud para garantizar una atenci\u00f3n de urgencia eficiente y de calidad para la poblaci\u00f3n regional.<\/p>\n<\/div><\/section><\/div><div  style='height:50px' class='hr hr-invisible   avia-builder-el-6  el_after_av_one_full  el_before_av_social_share '><span class='hr-inner ' ><span class='hr-inner-style'><\/span><\/span><\/div><\/p>\n<div  class='av-social-sharing-box  avia-builder-el-7  el_after_av_hr  el_before_av_hr  '><div class='av-share-box'><h5 class='av-share-link-description av-no-toc '>Compartir esta noticia<\/h5><ul class='av-share-box-list noLightbox'><li class='av-share-link av-social-link-facebook' ><a target=\"_blank\" aria-label=\"Compartir en Facebook\" href='https:\/\/www.facebook.com\/sharer.php?u=https:\/\/radiorevelacionfm.cl\/?p=49218&#038;t=Red%20de%20Salud%20preparada%20para%20eventual%20aumento%20de%20demanda%20en%20servicios%20de%20urgencia%20en%20este%20a%C3%B1o%20nuevo%202025' aria-hidden='false' data-av_icon='\ue8f3' data-av_iconfont='entypo-fontello' title='' data-avia-related-tooltip='Compartir en Facebook' rel=\"noopener\"><span class='avia_hidden_link_text'>Compartir en Facebook<\/span><\/a><\/li><li class='av-share-link av-social-link-twitter' ><a target=\"_blank\" aria-label=\"Compartir en Twitter\" href='https:\/\/twitter.com\/share?text=Red%20de%20Salud%20preparada%20para%20eventual%20aumento%20de%20demanda%20en%20servicios%20de%20urgencia%20en%20este%20a%C3%B1o%20nuevo%202025&#038;url=https:\/\/radiorevelacionfm.cl\/?p=49218' aria-hidden='false' data-av_icon='\ue8f1' data-av_iconfont='entypo-fontello' title='' data-avia-related-tooltip='Compartir en Twitter' rel=\"noopener\"><span class='avia_hidden_link_text'>Compartir en Twitter<\/span><\/a><\/li><li class='av-share-link av-social-link-whatsapp' ><a target=\"_blank\" aria-label=\"Compartir en Whatsapp\" href='https:\/\/api.whatsapp.com\/send?text=https:\/\/radiorevelacionfm.cl\/?p=49218' aria-hidden='false' data-av_icon='\uf232' data-av_iconfont='entypo-fontello' title='' data-avia-related-tooltip='Compartir en Whatsapp' rel=\"noopener\"><span class='avia_hidden_link_text'>Compartir en Whatsapp<\/span><\/a><\/li><li class='av-share-link av-social-link-linkedin' ><a target=\"_blank\" aria-label=\"Compartir en LinkedIn\" href='https:\/\/linkedin.com\/shareArticle?mini=true&#038;title=Red%20de%20Salud%20preparada%20para%20eventual%20aumento%20de%20demanda%20en%20servicios%20de%20urgencia%20en%20este%20a%C3%B1o%20nuevo%202025&#038;url=https:\/\/radiorevelacionfm.cl\/?p=49218' aria-hidden='false' data-av_icon='\ue8fc' data-av_iconfont='entypo-fontello' title='' data-avia-related-tooltip='Compartir en LinkedIn' rel=\"noopener\"><span class='avia_hidden_link_text'>Compartir en LinkedIn<\/span><\/a><\/li><li class='av-share-link av-social-link-mail' ><a  aria-label=\"Compartir por correo\" href='mailto:?subject=Red%20de%20Salud%20preparada%20para%20eventual%20aumento%20de%20demanda%20en%20servicios%20de%20urgencia%20en%20este%20a%C3%B1o%20nuevo%202025&#038;body=https:\/\/radiorevelacionfm.cl\/?p=49218' aria-hidden='false' data-av_icon='\ue805' data-av_iconfont='entypo-fontello' title='' data-avia-related-tooltip='Compartir por correo'><span class='avia_hidden_link_text'>Compartir por correo<\/span><\/a><\/li><\/ul><\/div><\/div>\n<div  style='height:50px' class='hr hr-invisible   avia-builder-el-8  el_after_av_social_share  el_before_av_comments_list '><span class='hr-inner ' ><span class='hr-inner-style'><\/span><\/span><\/div>\n<div  class='av-buildercomment  av-blog-meta-html-info-disabled av-blog-meta-tag-disabled  '><\/div>\n","protected":false},"excerpt":{"rendered":"","protected":false},"author":1,"featured_media":24003,"comment_status":"open","ping_status":"open","sticky":false,"template":"","format":"standard","meta":{"footnotes":""},"categories":[46],"tags":[],"class_list":["post-49218","post","type-post","status-publish","format-standard","has-post-thumbnail","hentry","category-salud"],"jetpack_featured_media_url":"https:\/\/radiorevelacionfm.cl\/wp-content\/uploads\/2022\/11\/hospital-regional-coyhaique-1_optimized.jpg","_links":{"self":[{"href":"https:\/\/radiorevelacionfm.cl\/index.php?rest_route=\/wp\/v2\/posts\/49218","targetHints":{"allow":["GET"]}}],"collection":[{"href":"https:\/\/radiorevelacionfm.cl\/index.php?rest_route=\/wp\/v2\/posts"}],"about":[{"href":"https:\/\/radiorevelacionfm.cl\/index.php?rest_route=\/wp\/v2\/types\/post"}],"author":[{"embeddable":true,"href":"https:\/\/radiorevelacionfm.cl\/index.php?rest_route=\/wp\/v2\/users\/1"}],"replies":[{"embeddable":true,"href":"https:\/\/radiorevelacionfm.cl\/index.php?rest_route=%2Fwp%2Fv2%2Fcomments&post=49218"}],"version-history":[{"count":1,"href":"https:\/\/radiorevelacionfm.cl\/index.php?rest_route=\/wp\/v2\/posts\/49218\/revisions"}],"predecessor-version":[{"id":49219,"href":"https:\/\/radiorevelacionfm.cl\/index.php?rest_route=\/wp\/v2\/posts\/49218\/revisions\/49219"}],"wp:featuredmedia":[{"embeddable":true,"href":"https:\/\/radiorevelacionfm.cl\/index.php?rest_route=\/wp\/v2\/media\/24003"}],"wp:attachment":[{"href":"https:\/\/radiorevelacionfm.cl\/index.php?rest_route=%2Fwp%2Fv2%2Fmedia&parent=49218"}],"wp:term":[{"taxonomy":"category","embeddable":true,"href":"https:\/\/radiorevelacionfm.cl\/index.php?rest_route=%2Fwp%2Fv2%2Fcategories&post=49218"},{"taxonomy":"post_tag","embeddable":true,"href":"https:\/\/radiorevelacionfm.cl\/index.php?rest_route=%2Fwp%2Fv2%2Ftags&post=49218"}],"curies":[{"name":"wp","href":"https:\/\/api.w.org\/{rel}","templated":true}]}}