{"id":49215,"date":"2024-12-27T17:21:09","date_gmt":"2024-12-27T20:21:09","guid":{"rendered":"https:\/\/radiorevelacionfm.cl\/?p=49215"},"modified":"2024-12-27T17:21:09","modified_gmt":"2024-12-27T20:21:09","slug":"inauguran-academia-austral-de-emprendimiento-para-fomentar-desarrollo-de-ideas-innovadoras","status":"publish","type":"post","link":"https:\/\/radiorevelacionfm.cl\/?p=49215","title":{"rendered":"Inauguran Academia Austral de Emprendimiento para fomentar desarrollo de ideas innovadoras"},"content":{"rendered":"<div class=\"flex_column av_one_full  flex_column_div av-zero-column-padding first  avia-builder-el-0  el_before_av_one_full  avia-builder-el-first  \" style='border-radius:0px; '><div  class='avia-image-container  av-styling-    avia-builder-el-1  avia-builder-el-no-sibling  avia-align-center '  itemprop=\"image\" itemscope=\"itemscope\" itemtype=\"https:\/\/schema.org\/ImageObject\"  ><div class='avia-image-container-inner'><div class='avia-image-overlay-wrap'><img decoding=\"async\" class='wp-image-49216 avia-img-lazy-loading-not-49216 avia_image' src=\"https:\/\/radiorevelacionfm.cl\/wp-content\/uploads\/2024\/12\/lanzamiento-academia6-1_optimized.jpeg\" alt='' title='lanzamiento-academia6-(1)_optimized' height=\"600\" width=\"907\"  itemprop=\"thumbnailUrl\" srcset=\"https:\/\/radiorevelacionfm.cl\/wp-content\/uploads\/2024\/12\/lanzamiento-academia6-1_optimized.jpeg 907w, https:\/\/radiorevelacionfm.cl\/wp-content\/uploads\/2024\/12\/lanzamiento-academia6-1_optimized-300x198.jpeg 300w, https:\/\/radiorevelacionfm.cl\/wp-content\/uploads\/2024\/12\/lanzamiento-academia6-1_optimized-768x508.jpeg 768w, https:\/\/radiorevelacionfm.cl\/wp-content\/uploads\/2024\/12\/lanzamiento-academia6-1_optimized-705x466.jpeg 705w, https:\/\/radiorevelacionfm.cl\/wp-content\/uploads\/2024\/12\/lanzamiento-academia6-1_optimized-450x298.jpeg 450w, https:\/\/radiorevelacionfm.cl\/wp-content\/uploads\/2024\/12\/lanzamiento-academia6-1_optimized-600x397.jpeg 600w\" sizes=\"(max-width: 907px) 100vw, 907px\" \/><\/div><\/div><\/div><\/div><div class=\"flex_column av_one_full  flex_column_div av-zero-column-padding first  avia-builder-el-2  el_after_av_one_full  el_before_av_one_full  column-top-margin\" style='border-radius:0px; '><section class=\"av_textblock_section \"  itemscope=\"itemscope\" itemtype=\"https:\/\/schema.org\/BlogPosting\" itemprop=\"blogPost\" ><div class='avia_textblock  '   itemprop=\"text\" ><p style=\"text-align: center;\"><strong><span style=\"font-size: 18pt;\">Inauguran Academia Austral de Emprendimiento para fomentar desarrollo de ideas innovadoras<\/span><\/strong><\/p>\n<div id=\"gtx-trans\" style=\"position: absolute; left: -50px; top: 4.31534px;\">\n<div class=\"gtx-trans-icon\"><\/div>\n<\/div>\n<\/div><\/section><\/div><div class=\"flex_column av_one_full  flex_column_div av-zero-column-padding first  avia-builder-el-4  el_after_av_one_full  el_before_av_hr  column-top-margin\" style='border-radius:0px; '><section class=\"av_textblock_section \"  itemscope=\"itemscope\" itemtype=\"https:\/\/schema.org\/BlogPosting\" itemprop=\"blogPost\" ><div class='avia_textblock  '   itemprop=\"text\" ><p style=\"text-align: justify;\">Con una ceremonia en la que participaron autoridades regionales, integrantes de la comunidad universitaria y las personas seleccionadas para formar parte de esta iniciativa, se realiz\u00f3 el lanzamiento del proyecto \u201cAcademia Austral de Emprendimiento\u201d que busca acompa\u00f1ar y potenciar a emprendedores con alto potencial, entreg\u00e1ndoles herramientas pr\u00e1cticas en \u00e1reas como innovaci\u00f3n, econom\u00eda circular, formalizaci\u00f3n y acceso a financiamiento.<\/p>\n<p style=\"text-align: justify;\">\u201cLa academia no solo impulsa el desarrollo de negocios, sino que tambi\u00e9n fomenta la creaci\u00f3n de redes de colaboraci\u00f3n entre emprendedores, instituciones y actores clave, contribuyendo al crecimiento econ\u00f3mico y social de la Regi\u00f3n de Ays\u00e9n\u201d, as\u00ed lo indic\u00f3 el director del proyecto y docente del Campus Patagonia, Marcelo Mar\u00edn.<\/p>\n<p style=\"text-align: justify;\">Durante la actividad, el director del Campus Patagonia, Prof. Mario Brito valor\u00f3 el desarrollo de esta iniciativa producto de la alianza entre el sector p\u00fablico y privado, destacando que \u201cesta Academia es resultado de la articulaci\u00f3n y colaboraci\u00f3n permanente de los principales actores del ecosistema de emprendimiento e innovaci\u00f3n de la Regi\u00f3n de Ays\u00e9n, donde la UACh ha sido un permanente facilitador junto a la CORFO, el prop\u00f3sito ahora es extender el accionar en todo el territorio y potenciar a los emprendedores o a aquellas personas que vienen trabajando ideas de emprendimiento conectadas con diversas necesidades y mercados de alto potencial, aqu\u00ed recibir\u00e1n el apoyo de expertos que guiar\u00e1n los procesos de fortalecimiento y aceleraci\u00f3n de sus negocios, en contextos de sostenibilidad y competitividad, a todos les deseamos los mejores resultados\u201d.<\/p>\n<p style=\"text-align: justify;\">Hugo Sotomayor Casanova,\u00a0Coordinador de emprendimiento,\u00a0de Corfo Ays\u00e9n, detall\u00f3 que la regi\u00f3n enfrenta desaf\u00edos importantes en su ecosistema emprendedor, especialmente en zonas rurales donde el acceso a tecnolog\u00edas y mentor\u00edas especializadas es limitado, lo que dificulta el desarrollo de emprendimientos din\u00e1micos y sostenibles. \u201cPor ello, desde Corfo reafirmamos nuestro compromiso con la descentralizaci\u00f3n y el fortalecimiento de capacidades locales. La Academia Asociativa de Emprendimiento Ays\u00e9n no solo es un programa, es un puente para que las ideas innovadoras y sostenibles se concreten\u201d. Agreg\u00f3 que este modelo integra tecnolog\u00eda, mentor\u00edas y una perspectiva de g\u00e9nero, permitiendo a emprendedores locales transformar desaf\u00edos en oportunidades. \u201cCon \u00e9nfasis en la formalizaci\u00f3n de negocios y la creaci\u00f3n de empleos, creemos que la Academia, se posicionar\u00e1 como un motor importante para dinamizar la econom\u00eda local y fomentar un desarrollo sostenible e inclusivo\u201d.\u00a0Agreg\u00f3 que \u201cmediante un esfuerzo conjunto entre Corfo y diversos actores agrupados en la Red Pro Emprendimiento e Innovaci\u00f3n Regional, se ha logrado consolidar y dinamizar cada vez m\u00e1s a nuestro ecosistema, con acciones que van en directo apoyo a las emprendedoras y emprendedores regionales\u201d.<\/p>\n<p style=\"text-align: justify;\">Durante su convocatoria, el proyecto alcanz\u00f3 cerca de 200 postulaciones desde distintas localidades de la regi\u00f3n, seleccionando a 50 de ellas por su originalidad, viabilidad y por el compromiso e inter\u00e9s de sus emprendedores, quienes recibir\u00e1n formaci\u00f3n, mentor\u00edas y apoyo para transformar sus ideas en negocios sostenibles y din\u00e1micos, fortaleciendo as\u00ed el ecosistema emprendedor de la regi\u00f3n.<\/p>\n<p style=\"text-align: justify;\">Ruth Quiroz, representante de \u201cMonta\u00f1a Noble\u201d, empresa fabricante de cubiertas en madera nativa. y una de las emprendedoras seleccionadas para participar de este proyecto, se mostr\u00f3 feliz de formar parte de la iniciativa y de las actividades que se tienen programadas para los pr\u00f3ximos meses. \u201cEstoy feliz de haberme ganado esta beca en la academia de emprendimiento austral, espero que el proceso me ayuda para prepararme para poder levantar financiamiento para poder incorporar m\u00e1s maquinaria, tecnificar m\u00e1s mi proceso, ya estoy funcionando de manera artesanal y quiero poder acelerar el proceso de secado de madera. Estoy s\u00faper contenta y emocionada del desaf\u00edo que implica hacer la academia y con las expectativas s\u00faper altas. S\u00e9 que va a ser bueno para mi negocio\u201d.<\/p>\n<p style=\"text-align: justify;\">El proyecto incluye varias sesiones con capacitaciones y mentor\u00edas para apoyar a los participantes en el desarrollo de modelo de negocios y propuesta de valor, prototipo de producto, econom\u00eda circular, marca comercial y personal; marketing digital, herramientas TIC y digitalizaci\u00f3n, adem\u00e1s de aspectos legales, econom\u00eda y finanzas b\u00e1sicas para los negocios.<\/p>\n<p style=\"text-align: justify;\">Asimismo, se proyecta organizar una serie de eventos de vinculaci\u00f3n con el ecosistema de emprendimiento regional.<\/p>\n<\/div><\/section><\/div><div  style='height:50px' class='hr hr-invisible   avia-builder-el-6  el_after_av_one_full  el_before_av_social_share '><span class='hr-inner ' ><span class='hr-inner-style'><\/span><\/span><\/div><\/p>\n<div  class='av-social-sharing-box  avia-builder-el-7  el_after_av_hr  el_before_av_hr  '><div class='av-share-box'><h5 class='av-share-link-description av-no-toc '>Compartir esta noticia<\/h5><ul class='av-share-box-list noLightbox'><li class='av-share-link av-social-link-facebook' ><a target=\"_blank\" aria-label=\"Compartir en Facebook\" href='https:\/\/www.facebook.com\/sharer.php?u=https:\/\/radiorevelacionfm.cl\/?p=49215&#038;t=Inauguran%20Academia%20Austral%20de%20Emprendimiento%20para%20fomentar%20desarrollo%20de%20ideas%20innovadoras' aria-hidden='false' data-av_icon='\ue8f3' data-av_iconfont='entypo-fontello' title='' data-avia-related-tooltip='Compartir en Facebook' rel=\"noopener\"><span class='avia_hidden_link_text'>Compartir en Facebook<\/span><\/a><\/li><li class='av-share-link av-social-link-twitter' ><a target=\"_blank\" aria-label=\"Compartir en Twitter\" href='https:\/\/twitter.com\/share?text=Inauguran%20Academia%20Austral%20de%20Emprendimiento%20para%20fomentar%20desarrollo%20de%20ideas%20innovadoras&#038;url=https:\/\/radiorevelacionfm.cl\/?p=49215' aria-hidden='false' data-av_icon='\ue8f1' data-av_iconfont='entypo-fontello' title='' data-avia-related-tooltip='Compartir en Twitter' rel=\"noopener\"><span class='avia_hidden_link_text'>Compartir en Twitter<\/span><\/a><\/li><li class='av-share-link av-social-link-whatsapp' ><a target=\"_blank\" aria-label=\"Compartir en Whatsapp\" href='https:\/\/api.whatsapp.com\/send?text=https:\/\/radiorevelacionfm.cl\/?p=49215' aria-hidden='false' data-av_icon='\uf232' data-av_iconfont='entypo-fontello' title='' data-avia-related-tooltip='Compartir en Whatsapp' rel=\"noopener\"><span class='avia_hidden_link_text'>Compartir en Whatsapp<\/span><\/a><\/li><li class='av-share-link av-social-link-linkedin' ><a target=\"_blank\" aria-label=\"Compartir en LinkedIn\" href='https:\/\/linkedin.com\/shareArticle?mini=true&#038;title=Inauguran%20Academia%20Austral%20de%20Emprendimiento%20para%20fomentar%20desarrollo%20de%20ideas%20innovadoras&#038;url=https:\/\/radiorevelacionfm.cl\/?p=49215' aria-hidden='false' data-av_icon='\ue8fc' data-av_iconfont='entypo-fontello' title='' data-avia-related-tooltip='Compartir en LinkedIn' rel=\"noopener\"><span class='avia_hidden_link_text'>Compartir en LinkedIn<\/span><\/a><\/li><li class='av-share-link av-social-link-mail' ><a  aria-label=\"Compartir por correo\" href='mailto:?subject=Inauguran%20Academia%20Austral%20de%20Emprendimiento%20para%20fomentar%20desarrollo%20de%20ideas%20innovadoras&#038;body=https:\/\/radiorevelacionfm.cl\/?p=49215' aria-hidden='false' data-av_icon='\ue805' data-av_iconfont='entypo-fontello' title='' data-avia-related-tooltip='Compartir por correo'><span class='avia_hidden_link_text'>Compartir por correo<\/span><\/a><\/li><\/ul><\/div><\/div>\n<div  style='height:50px' class='hr hr-invisible   avia-builder-el-8  el_after_av_social_share  el_before_av_comments_list '><span class='hr-inner ' ><span class='hr-inner-style'><\/span><\/span><\/div>\n<div  class='av-buildercomment  av-blog-meta-html-info-disabled av-blog-meta-tag-disabled  '><\/div>\n","protected":false},"excerpt":{"rendered":"","protected":false},"author":1,"featured_media":49216,"comment_status":"open","ping_status":"open","sticky":false,"template":"","format":"standard","meta":{"footnotes":""},"categories":[38],"tags":[],"class_list":["post-49215","post","type-post","status-publish","format-standard","has-post-thumbnail","hentry","category-regional"],"jetpack_featured_media_url":"https:\/\/radiorevelacionfm.cl\/wp-content\/uploads\/2024\/12\/lanzamiento-academia6-1_optimized.jpeg","_links":{"self":[{"href":"https:\/\/radiorevelacionfm.cl\/index.php?rest_route=\/wp\/v2\/posts\/49215","targetHints":{"allow":["GET"]}}],"collection":[{"href":"https:\/\/radiorevelacionfm.cl\/index.php?rest_route=\/wp\/v2\/posts"}],"about":[{"href":"https:\/\/radiorevelacionfm.cl\/index.php?rest_route=\/wp\/v2\/types\/post"}],"author":[{"embeddable":true,"href":"https:\/\/radiorevelacionfm.cl\/index.php?rest_route=\/wp\/v2\/users\/1"}],"replies":[{"embeddable":true,"href":"https:\/\/radiorevelacionfm.cl\/index.php?rest_route=%2Fwp%2Fv2%2Fcomments&post=49215"}],"version-history":[{"count":1,"href":"https:\/\/radiorevelacionfm.cl\/index.php?rest_route=\/wp\/v2\/posts\/49215\/revisions"}],"predecessor-version":[{"id":49217,"href":"https:\/\/radiorevelacionfm.cl\/index.php?rest_route=\/wp\/v2\/posts\/49215\/revisions\/49217"}],"wp:featuredmedia":[{"embeddable":true,"href":"https:\/\/radiorevelacionfm.cl\/index.php?rest_route=\/wp\/v2\/media\/49216"}],"wp:attachment":[{"href":"https:\/\/radiorevelacionfm.cl\/index.php?rest_route=%2Fwp%2Fv2%2Fmedia&parent=49215"}],"wp:term":[{"taxonomy":"category","embeddable":true,"href":"https:\/\/radiorevelacionfm.cl\/index.php?rest_route=%2Fwp%2Fv2%2Fcategories&post=49215"},{"taxonomy":"post_tag","embeddable":true,"href":"https:\/\/radiorevelacionfm.cl\/index.php?rest_route=%2Fwp%2Fv2%2Ftags&post=49215"}],"curies":[{"name":"wp","href":"https:\/\/api.w.org\/{rel}","templated":true}]}}