{"id":49212,"date":"2024-12-27T17:08:56","date_gmt":"2024-12-27T20:08:56","guid":{"rendered":"https:\/\/radiorevelacionfm.cl\/?p=49212"},"modified":"2024-12-27T17:08:56","modified_gmt":"2024-12-27T20:08:56","slug":"con-servicios-dependientes-y-relacionados-del-sector-justicia-realizan-ultimo-gabinete-de-justicia-y-proyectos-ano-2024","status":"publish","type":"post","link":"https:\/\/radiorevelacionfm.cl\/?p=49212","title":{"rendered":"Con servicios dependientes y relacionados del sector Justicia: Realizan \u00faltimo Gabinete de Justicia y Proyectos a\u00f1o 2024"},"content":{"rendered":"<div class=\"flex_column av_one_full  flex_column_div av-zero-column-padding first  avia-builder-el-0  el_before_av_one_full  avia-builder-el-first  \" style='border-radius:0px; '><div  class='avia-image-container  av-styling-    avia-builder-el-1  avia-builder-el-no-sibling  avia-align-center '  itemprop=\"image\" itemscope=\"itemscope\" itemtype=\"https:\/\/schema.org\/ImageObject\"  ><div class='avia-image-container-inner'><div class='avia-image-overlay-wrap'><img decoding=\"async\" class='wp-image-49213 avia-img-lazy-loading-not-49213 avia_image' src=\"https:\/\/radiorevelacionfm.cl\/wp-content\/uploads\/2024\/12\/gabinete-2-1-1.jpg\" alt='' title='gabinete 2 (1) (1)' height=\"600\" width=\"800\"  itemprop=\"thumbnailUrl\" srcset=\"https:\/\/radiorevelacionfm.cl\/wp-content\/uploads\/2024\/12\/gabinete-2-1-1.jpg 800w, https:\/\/radiorevelacionfm.cl\/wp-content\/uploads\/2024\/12\/gabinete-2-1-1-300x225.jpg 300w, https:\/\/radiorevelacionfm.cl\/wp-content\/uploads\/2024\/12\/gabinete-2-1-1-768x576.jpg 768w, https:\/\/radiorevelacionfm.cl\/wp-content\/uploads\/2024\/12\/gabinete-2-1-1-705x529.jpg 705w, https:\/\/radiorevelacionfm.cl\/wp-content\/uploads\/2024\/12\/gabinete-2-1-1-450x338.jpg 450w, https:\/\/radiorevelacionfm.cl\/wp-content\/uploads\/2024\/12\/gabinete-2-1-1-600x450.jpg 600w\" sizes=\"(max-width: 800px) 100vw, 800px\" \/><\/div><\/div><\/div><\/div><div class=\"flex_column av_one_full  flex_column_div av-zero-column-padding first  avia-builder-el-2  el_after_av_one_full  el_before_av_one_full  column-top-margin\" style='border-radius:0px; '><section class=\"av_textblock_section \"  itemscope=\"itemscope\" itemtype=\"https:\/\/schema.org\/BlogPosting\" itemprop=\"blogPost\" ><div class='avia_textblock  '   itemprop=\"text\" ><p style=\"text-align: center;\"><strong><span style=\"font-size: 18pt;\">Con servicios dependientes y relacionados del sector Justicia: Realizan \u00faltimo Gabinete de Justicia y Proyectos a\u00f1o 2024<\/span><\/strong><\/p>\n<div id=\"gtx-trans\" style=\"position: absolute; left: -50px; top: 4.31534px;\">\n<div class=\"gtx-trans-icon\"><\/div>\n<\/div>\n<\/div><\/section><\/div><div class=\"flex_column av_one_full  flex_column_div av-zero-column-padding first  avia-builder-el-4  el_after_av_one_full  el_before_av_hr  column-top-margin\" style='border-radius:0px; '><section class=\"av_textblock_section \"  itemscope=\"itemscope\" itemtype=\"https:\/\/schema.org\/BlogPosting\" itemprop=\"blogPost\" ><div class='avia_textblock  '   itemprop=\"text\" ><p style=\"text-align: justify;\">Con la participaci\u00f3n de los directores de servicios dependientes y relacionados del sector Justicia, se llev\u00f3 a cabo recientemente la \u00faltima reuni\u00f3n de Gabinete de Justicia y Proyectos, instancia en que se hizo un balance de todas las iniciativas y acciones desarrolladas durante el a\u00f1o 2024, destac\u00e1ndose entre ellas la inauguraci\u00f3n de la secci\u00f3n femenina en el Centro de Detenci\u00f3n Preventiva de Puerto Ays\u00e9n y el inicio del nuevo sistema de identificaci\u00f3n a nivel pa\u00eds.<\/p>\n<p style=\"text-align: justify;\">Cabe mencionar que los servicios dependientes y relacionados del Ministerio de Justicia son el Registro Civil e Identificaci\u00f3n, Gendarmer\u00eda de Chile, Servicio M\u00e9dico Legal, Defensor\u00eda Penal P\u00fablica, Corporaci\u00f3n de Asistencia Judicial y el Servicio Nacional de Menores.<\/p>\n<p style=\"text-align: justify;\">En este sentido, el seremi de Justicia y Derechos Humanos Samuel Navarro Castro se refiri\u00f3 a importantes avances durante el presente a\u00f1o se\u00f1alando que \u201ctuvimos una interesante reuni\u00f3n con los directores de los servicios relacionados y dependientes de la cartera de Justicia y Derechos Humanos donde cada uno de ellos pudo exponer el balance de su gesti\u00f3n durante el a\u00f1o 2024, adem\u00e1s de indicar proyecciones para lo que ser\u00e1 el a\u00f1o 2025, en general estamos muy contentos con el cumplimiento de varios objetivos y metas propuestas para este a\u00f1o, en materia de infraestructura penitenciaria, Gendarmer\u00eda ha hecho significativos esfuerzos por mejorar las condiciones de habitabilidad para las personas privadas de libertad, particularmente con la apertura de la secci\u00f3n femenina en la c\u00e1rcel de Puerto Ays\u00e9n, por otra parte el Registro Civil dio inicio al nuevo sistema de identificaci\u00f3n que permite contar con c\u00e9dulas y pasaportes con mayor seguridad y con mayores componentes tecnol\u00f3gicos, as\u00ed tambi\u00e9n avanzar en la habilitaci\u00f3n de espacios infantiles en las distintas oficinas del Registro Civil a lo largo y ancho de nuestra regi\u00f3n y que nos permitir\u00e1 entregar mejores condiciones a las personas que concurren a atenderse \u00a0en las oficinas del Registro Civil\u201d.<\/p>\n<p style=\"text-align: justify;\">Respecto a la Corporaci\u00f3n de Asistencia Judicial y la Defensor\u00eda Penal P\u00fablica, Samuel Navarro indic\u00f3 que en el caso de la CAJ se ha expandido durante este a\u00f1o sus convenios y en sus atenciones en especial en la l\u00ednea, la Ni\u00f1ez y la Adolescencia se defienden, con la apertura de una oficina en la ciudad de Puerto Ays\u00e9n y con aumento de dotaci\u00f3n para atender a ese grupo etario, mientras que la Defensor\u00eda ha ido avanzando tambi\u00e9n en sus defensas, con exitosos trabajos en esa materia, a su vez el Servicio M\u00e9dico Legal contin\u00faa con su avance en mejorar sus condiciones de infraestructura para una mejor atenci\u00f3n en las pericias que les ha tocado desplegar y que esta sujeto a las contingencias que puedan ocurrir durante el a\u00f1o\u201d.<\/p>\n<p style=\"text-align: justify;\">Finalmente, la autoridad sectorial destac\u00f3 que para el a\u00f1o 2025 existen una serie de proyectos de infraestructura que se esperan concretar, algunos por l\u00ednea pedze como por otras l\u00edneas de financiamiento.<\/p>\n<\/div><\/section><\/div><div  style='height:50px' class='hr hr-invisible   avia-builder-el-6  el_after_av_one_full  el_before_av_social_share '><span class='hr-inner ' ><span class='hr-inner-style'><\/span><\/span><\/div><\/p>\n<div  class='av-social-sharing-box  avia-builder-el-7  el_after_av_hr  el_before_av_hr  '><div class='av-share-box'><h5 class='av-share-link-description av-no-toc '>Compartir esta noticia<\/h5><ul class='av-share-box-list noLightbox'><li class='av-share-link av-social-link-facebook' ><a target=\"_blank\" aria-label=\"Compartir en Facebook\" href='https:\/\/www.facebook.com\/sharer.php?u=https:\/\/radiorevelacionfm.cl\/?p=49212&#038;t=Con%20servicios%20dependientes%20y%20relacionados%20del%20sector%20Justicia%3A%20Realizan%20%C3%BAltimo%20Gabinete%20de%20Justicia%20y%20Proyectos%20a%C3%B1o%202024' aria-hidden='false' data-av_icon='\ue8f3' data-av_iconfont='entypo-fontello' title='' data-avia-related-tooltip='Compartir en Facebook' rel=\"noopener\"><span class='avia_hidden_link_text'>Compartir en Facebook<\/span><\/a><\/li><li class='av-share-link av-social-link-twitter' ><a target=\"_blank\" aria-label=\"Compartir en Twitter\" href='https:\/\/twitter.com\/share?text=Con%20servicios%20dependientes%20y%20relacionados%20del%20sector%20Justicia%3A%20Realizan%20%C3%BAltimo%20Gabinete%20de%20Justicia%20y%20Proyectos%20a%C3%B1o%202024&#038;url=https:\/\/radiorevelacionfm.cl\/?p=49212' aria-hidden='false' data-av_icon='\ue8f1' data-av_iconfont='entypo-fontello' title='' data-avia-related-tooltip='Compartir en Twitter' rel=\"noopener\"><span class='avia_hidden_link_text'>Compartir en Twitter<\/span><\/a><\/li><li class='av-share-link av-social-link-whatsapp' ><a target=\"_blank\" aria-label=\"Compartir en Whatsapp\" href='https:\/\/api.whatsapp.com\/send?text=https:\/\/radiorevelacionfm.cl\/?p=49212' aria-hidden='false' data-av_icon='\uf232' data-av_iconfont='entypo-fontello' title='' data-avia-related-tooltip='Compartir en Whatsapp' rel=\"noopener\"><span class='avia_hidden_link_text'>Compartir en Whatsapp<\/span><\/a><\/li><li class='av-share-link av-social-link-linkedin' ><a target=\"_blank\" aria-label=\"Compartir en LinkedIn\" href='https:\/\/linkedin.com\/shareArticle?mini=true&#038;title=Con%20servicios%20dependientes%20y%20relacionados%20del%20sector%20Justicia%3A%20Realizan%20%C3%BAltimo%20Gabinete%20de%20Justicia%20y%20Proyectos%20a%C3%B1o%202024&#038;url=https:\/\/radiorevelacionfm.cl\/?p=49212' aria-hidden='false' data-av_icon='\ue8fc' data-av_iconfont='entypo-fontello' title='' data-avia-related-tooltip='Compartir en LinkedIn' rel=\"noopener\"><span class='avia_hidden_link_text'>Compartir en LinkedIn<\/span><\/a><\/li><li class='av-share-link av-social-link-mail' ><a  aria-label=\"Compartir por correo\" href='mailto:?subject=Con%20servicios%20dependientes%20y%20relacionados%20del%20sector%20Justicia%3A%20Realizan%20%C3%BAltimo%20Gabinete%20de%20Justicia%20y%20Proyectos%20a%C3%B1o%202024&#038;body=https:\/\/radiorevelacionfm.cl\/?p=49212' aria-hidden='false' data-av_icon='\ue805' data-av_iconfont='entypo-fontello' title='' data-avia-related-tooltip='Compartir por correo'><span class='avia_hidden_link_text'>Compartir por correo<\/span><\/a><\/li><\/ul><\/div><\/div>\n<div  style='height:50px' class='hr hr-invisible   avia-builder-el-8  el_after_av_social_share  el_before_av_comments_list '><span class='hr-inner ' ><span class='hr-inner-style'><\/span><\/span><\/div>\n<div  class='av-buildercomment  av-blog-meta-html-info-disabled av-blog-meta-tag-disabled  '><\/div>\n","protected":false},"excerpt":{"rendered":"","protected":false},"author":1,"featured_media":49213,"comment_status":"open","ping_status":"open","sticky":false,"template":"","format":"standard","meta":{"footnotes":""},"categories":[55],"tags":[],"class_list":["post-49212","post","type-post","status-publish","format-standard","has-post-thumbnail","hentry","category-justicia"],"jetpack_featured_media_url":"https:\/\/radiorevelacionfm.cl\/wp-content\/uploads\/2024\/12\/gabinete-2-1-1.jpg","_links":{"self":[{"href":"https:\/\/radiorevelacionfm.cl\/index.php?rest_route=\/wp\/v2\/posts\/49212","targetHints":{"allow":["GET"]}}],"collection":[{"href":"https:\/\/radiorevelacionfm.cl\/index.php?rest_route=\/wp\/v2\/posts"}],"about":[{"href":"https:\/\/radiorevelacionfm.cl\/index.php?rest_route=\/wp\/v2\/types\/post"}],"author":[{"embeddable":true,"href":"https:\/\/radiorevelacionfm.cl\/index.php?rest_route=\/wp\/v2\/users\/1"}],"replies":[{"embeddable":true,"href":"https:\/\/radiorevelacionfm.cl\/index.php?rest_route=%2Fwp%2Fv2%2Fcomments&post=49212"}],"version-history":[{"count":1,"href":"https:\/\/radiorevelacionfm.cl\/index.php?rest_route=\/wp\/v2\/posts\/49212\/revisions"}],"predecessor-version":[{"id":49214,"href":"https:\/\/radiorevelacionfm.cl\/index.php?rest_route=\/wp\/v2\/posts\/49212\/revisions\/49214"}],"wp:featuredmedia":[{"embeddable":true,"href":"https:\/\/radiorevelacionfm.cl\/index.php?rest_route=\/wp\/v2\/media\/49213"}],"wp:attachment":[{"href":"https:\/\/radiorevelacionfm.cl\/index.php?rest_route=%2Fwp%2Fv2%2Fmedia&parent=49212"}],"wp:term":[{"taxonomy":"category","embeddable":true,"href":"https:\/\/radiorevelacionfm.cl\/index.php?rest_route=%2Fwp%2Fv2%2Fcategories&post=49212"},{"taxonomy":"post_tag","embeddable":true,"href":"https:\/\/radiorevelacionfm.cl\/index.php?rest_route=%2Fwp%2Fv2%2Ftags&post=49212"}],"curies":[{"name":"wp","href":"https:\/\/api.w.org\/{rel}","templated":true}]}}