{"id":49203,"date":"2024-12-26T23:23:21","date_gmt":"2024-12-27T02:23:21","guid":{"rendered":"https:\/\/radiorevelacionfm.cl\/?p=49203"},"modified":"2024-12-26T23:55:01","modified_gmt":"2024-12-27T02:55:01","slug":"incendio-destruyo-por-completo-camioneta-en-localidad-de-bahia-jara","status":"publish","type":"post","link":"https:\/\/radiorevelacionfm.cl\/?p=49203","title":{"rendered":"Incendio destruy\u00f3 por completo camioneta en localidad de Bah\u00eda Jara"},"content":{"rendered":"<div class=\"flex_column av_one_full  flex_column_div av-zero-column-padding first  avia-builder-el-0  el_before_av_one_full  avia-builder-el-first  \" style='border-radius:0px; '><div  class='avia-image-container  av-styling-    avia-builder-el-1  avia-builder-el-no-sibling  avia-align-center '  itemprop=\"image\" itemscope=\"itemscope\" itemtype=\"https:\/\/schema.org\/ImageObject\"  ><div class='avia-image-container-inner'><div class='avia-image-overlay-wrap'><img decoding=\"async\" class='wp-image-49204 avia-img-lazy-loading-not-49204 avia_image' src=\"https:\/\/radiorevelacionfm.cl\/wp-content\/uploads\/2024\/12\/471193908_1139970284795531_3117692355518828835_n-1-1.jpg\" alt='' title='471193908_1139970284795531_3117692355518828835_n (1) (1)' height=\"800\" width=\"819\"  itemprop=\"thumbnailUrl\" srcset=\"https:\/\/radiorevelacionfm.cl\/wp-content\/uploads\/2024\/12\/471193908_1139970284795531_3117692355518828835_n-1-1.jpg 819w, https:\/\/radiorevelacionfm.cl\/wp-content\/uploads\/2024\/12\/471193908_1139970284795531_3117692355518828835_n-1-1-300x293.jpg 300w, https:\/\/radiorevelacionfm.cl\/wp-content\/uploads\/2024\/12\/471193908_1139970284795531_3117692355518828835_n-1-1-768x750.jpg 768w, https:\/\/radiorevelacionfm.cl\/wp-content\/uploads\/2024\/12\/471193908_1139970284795531_3117692355518828835_n-1-1-36x36.jpg 36w, https:\/\/radiorevelacionfm.cl\/wp-content\/uploads\/2024\/12\/471193908_1139970284795531_3117692355518828835_n-1-1-705x689.jpg 705w, https:\/\/radiorevelacionfm.cl\/wp-content\/uploads\/2024\/12\/471193908_1139970284795531_3117692355518828835_n-1-1-450x440.jpg 450w, https:\/\/radiorevelacionfm.cl\/wp-content\/uploads\/2024\/12\/471193908_1139970284795531_3117692355518828835_n-1-1-600x586.jpg 600w\" sizes=\"(max-width: 819px) 100vw, 819px\" \/><\/div><\/div><\/div><\/div><div class=\"flex_column av_one_full  flex_column_div av-zero-column-padding first  avia-builder-el-2  el_after_av_one_full  el_before_av_one_full  column-top-margin\" style='border-radius:0px; '><section class=\"av_textblock_section \"  itemscope=\"itemscope\" itemtype=\"https:\/\/schema.org\/BlogPosting\" itemprop=\"blogPost\" ><div class='avia_textblock  '   itemprop=\"text\" ><p style=\"text-align: center;\"><strong><span style=\"font-size: 18pt;\">Incendio destruy\u00f3 por completo camioneta en localidad de Bah\u00eda Jara<\/span><\/strong><\/p>\n<div id=\"gtx-trans\" style=\"position: absolute; left: -50px; top: 4.31534px;\">\n<div class=\"gtx-trans-icon\"><\/div>\n<\/div>\n<\/div><\/section><\/div><div class=\"flex_column av_one_full  flex_column_div av-zero-column-padding first  avia-builder-el-4  el_after_av_one_full  el_before_av_hr  column-top-margin\" style='border-radius:0px; '><section class=\"av_textblock_section \"  itemscope=\"itemscope\" itemtype=\"https:\/\/schema.org\/BlogPosting\" itemprop=\"blogPost\" ><div class='avia_textblock  '   itemprop=\"text\" ><p style=\"text-align: justify;\">El hecho se registr\u00f3 esta tarde, jueves 26 de diciembre de 2024, en la comuna de Chile Chico.<\/p>\n<p style=\"text-align: justify;\">Personal de Bomberos fue alertado inicialmente sobre un incendio estructural, posteriormente se confirm\u00f3 que se trataba de incendio vehicular, 3 Unidades de Bomberos trabajaron en el lugar, y evitar adem\u00e1s que el fuego se propagara a pastizales, la camioneta result\u00f3 completamente destruida por la acci\u00f3n del fuego.<\/p>\n<p style=\"text-align: justify;\">Afortunadamente no se registraron personas lesionadas en la emergencia.<\/p>\n<p style=\"text-align: justify;\">El comandante de Bomberos, Pedro Guenuman, se\u00f1al\u00f3 que \u00abInicialmente se inform\u00f3 que hab\u00eda un incendio estructural donde la familia Jara. Al llegar al lugar, se trataba de un veh\u00edculo que estaba en fase de libre combusti\u00f3n, ya en el lugar se encontraba trabajando Bomberos, donde concurrimos en tres carros. Gracias a Dios no pas\u00f3 a mayores, solo da\u00f1os materiales. Ni Bomberos ni civiles lesionados\u00bb, indic\u00f3.<\/p>\n<\/div><\/section><\/div><div  style='height:50px' class='hr hr-invisible   avia-builder-el-6  el_after_av_one_full  el_before_av_social_share '><span class='hr-inner ' ><span class='hr-inner-style'><\/span><\/span><\/div><\/p>\n<div  class='av-social-sharing-box  avia-builder-el-7  el_after_av_hr  el_before_av_hr  '><div class='av-share-box'><h5 class='av-share-link-description av-no-toc '>Compartir esta noticia<\/h5><ul class='av-share-box-list noLightbox'><li class='av-share-link av-social-link-facebook' ><a target=\"_blank\" aria-label=\"Compartir en Facebook\" href='https:\/\/www.facebook.com\/sharer.php?u=https:\/\/radiorevelacionfm.cl\/?p=49203&#038;t=Incendio%20destruy%C3%B3%20por%20completo%20camioneta%20en%20localidad%20de%20Bah%C3%ADa%20Jara' aria-hidden='false' data-av_icon='\ue8f3' data-av_iconfont='entypo-fontello' title='' data-avia-related-tooltip='Compartir en Facebook' rel=\"noopener\"><span class='avia_hidden_link_text'>Compartir en Facebook<\/span><\/a><\/li><li class='av-share-link av-social-link-twitter' ><a target=\"_blank\" aria-label=\"Compartir en Twitter\" href='https:\/\/twitter.com\/share?text=Incendio%20destruy%C3%B3%20por%20completo%20camioneta%20en%20localidad%20de%20Bah%C3%ADa%20Jara&#038;url=https:\/\/radiorevelacionfm.cl\/?p=49203' aria-hidden='false' data-av_icon='\ue8f1' data-av_iconfont='entypo-fontello' title='' data-avia-related-tooltip='Compartir en Twitter' rel=\"noopener\"><span class='avia_hidden_link_text'>Compartir en Twitter<\/span><\/a><\/li><li class='av-share-link av-social-link-whatsapp' ><a target=\"_blank\" aria-label=\"Compartir en Whatsapp\" href='https:\/\/api.whatsapp.com\/send?text=https:\/\/radiorevelacionfm.cl\/?p=49203' aria-hidden='false' data-av_icon='\uf232' data-av_iconfont='entypo-fontello' title='' data-avia-related-tooltip='Compartir en Whatsapp' rel=\"noopener\"><span class='avia_hidden_link_text'>Compartir en Whatsapp<\/span><\/a><\/li><li class='av-share-link av-social-link-linkedin' ><a target=\"_blank\" aria-label=\"Compartir en LinkedIn\" href='https:\/\/linkedin.com\/shareArticle?mini=true&#038;title=Incendio%20destruy%C3%B3%20por%20completo%20camioneta%20en%20localidad%20de%20Bah%C3%ADa%20Jara&#038;url=https:\/\/radiorevelacionfm.cl\/?p=49203' aria-hidden='false' data-av_icon='\ue8fc' data-av_iconfont='entypo-fontello' title='' data-avia-related-tooltip='Compartir en LinkedIn' rel=\"noopener\"><span class='avia_hidden_link_text'>Compartir en LinkedIn<\/span><\/a><\/li><li class='av-share-link av-social-link-mail' ><a  aria-label=\"Compartir por correo\" href='mailto:?subject=Incendio%20destruy%C3%B3%20por%20completo%20camioneta%20en%20localidad%20de%20Bah%C3%ADa%20Jara&#038;body=https:\/\/radiorevelacionfm.cl\/?p=49203' aria-hidden='false' data-av_icon='\ue805' data-av_iconfont='entypo-fontello' title='' data-avia-related-tooltip='Compartir por correo'><span class='avia_hidden_link_text'>Compartir por correo<\/span><\/a><\/li><\/ul><\/div><\/div>\n<div  style='height:50px' class='hr hr-invisible   avia-builder-el-8  el_after_av_social_share  el_before_av_comments_list '><span class='hr-inner ' ><span class='hr-inner-style'><\/span><\/span><\/div>\n<div  class='av-buildercomment  av-blog-meta-html-info-disabled av-blog-meta-tag-disabled  '><\/div>\n","protected":false},"excerpt":{"rendered":"","protected":false},"author":1,"featured_media":49204,"comment_status":"open","ping_status":"open","sticky":false,"template":"","format":"standard","meta":{"footnotes":""},"categories":[38],"tags":[],"class_list":["post-49203","post","type-post","status-publish","format-standard","has-post-thumbnail","hentry","category-regional"],"jetpack_featured_media_url":"https:\/\/radiorevelacionfm.cl\/wp-content\/uploads\/2024\/12\/471193908_1139970284795531_3117692355518828835_n-1-1.jpg","_links":{"self":[{"href":"https:\/\/radiorevelacionfm.cl\/index.php?rest_route=\/wp\/v2\/posts\/49203","targetHints":{"allow":["GET"]}}],"collection":[{"href":"https:\/\/radiorevelacionfm.cl\/index.php?rest_route=\/wp\/v2\/posts"}],"about":[{"href":"https:\/\/radiorevelacionfm.cl\/index.php?rest_route=\/wp\/v2\/types\/post"}],"author":[{"embeddable":true,"href":"https:\/\/radiorevelacionfm.cl\/index.php?rest_route=\/wp\/v2\/users\/1"}],"replies":[{"embeddable":true,"href":"https:\/\/radiorevelacionfm.cl\/index.php?rest_route=%2Fwp%2Fv2%2Fcomments&post=49203"}],"version-history":[{"count":1,"href":"https:\/\/radiorevelacionfm.cl\/index.php?rest_route=\/wp\/v2\/posts\/49203\/revisions"}],"predecessor-version":[{"id":49205,"href":"https:\/\/radiorevelacionfm.cl\/index.php?rest_route=\/wp\/v2\/posts\/49203\/revisions\/49205"}],"wp:featuredmedia":[{"embeddable":true,"href":"https:\/\/radiorevelacionfm.cl\/index.php?rest_route=\/wp\/v2\/media\/49204"}],"wp:attachment":[{"href":"https:\/\/radiorevelacionfm.cl\/index.php?rest_route=%2Fwp%2Fv2%2Fmedia&parent=49203"}],"wp:term":[{"taxonomy":"category","embeddable":true,"href":"https:\/\/radiorevelacionfm.cl\/index.php?rest_route=%2Fwp%2Fv2%2Fcategories&post=49203"},{"taxonomy":"post_tag","embeddable":true,"href":"https:\/\/radiorevelacionfm.cl\/index.php?rest_route=%2Fwp%2Fv2%2Ftags&post=49203"}],"curies":[{"name":"wp","href":"https:\/\/api.w.org\/{rel}","templated":true}]}}