{"id":49191,"date":"2024-12-26T17:14:26","date_gmt":"2024-12-26T20:14:26","guid":{"rendered":"https:\/\/radiorevelacionfm.cl\/?p=49191"},"modified":"2024-12-26T17:14:26","modified_gmt":"2024-12-26T20:14:26","slug":"viejito-puedo-cambiar-el-regalo-sernac-recuerda-que-hacer-si-un-regalo-no-gusto-o-venia-malo","status":"publish","type":"post","link":"https:\/\/radiorevelacionfm.cl\/?p=49191","title":{"rendered":"\u201cViejito, \u00bfpuedo cambiar el regalo?\u201d: Sernac recuerda qu\u00e9 hacer si un regalo no gust\u00f3 o ven\u00eda malo"},"content":{"rendered":"<div class=\"flex_column av_one_full  flex_column_div av-zero-column-padding first  avia-builder-el-0  el_before_av_one_full  avia-builder-el-first  \" style='border-radius:0px; '><div  class='avia-image-container  av-styling-    avia-builder-el-1  avia-builder-el-no-sibling  avia-align-center '  itemprop=\"image\" itemscope=\"itemscope\" itemtype=\"https:\/\/schema.org\/ImageObject\"  ><div class='avia-image-container-inner'><div class='avia-image-overlay-wrap'><img decoding=\"async\" class='wp-image-49192 avia-img-lazy-loading-not-49192 avia_image' src=\"https:\/\/radiorevelacionfm.cl\/wp-content\/uploads\/2024\/12\/regalos-navidad-1_optimized-1.jpg\" alt='' title='regalos-navidad-(1)_optimized (1)' height=\"600\" width=\"800\"  itemprop=\"thumbnailUrl\" srcset=\"https:\/\/radiorevelacionfm.cl\/wp-content\/uploads\/2024\/12\/regalos-navidad-1_optimized-1.jpg 800w, https:\/\/radiorevelacionfm.cl\/wp-content\/uploads\/2024\/12\/regalos-navidad-1_optimized-1-300x225.jpg 300w, https:\/\/radiorevelacionfm.cl\/wp-content\/uploads\/2024\/12\/regalos-navidad-1_optimized-1-768x576.jpg 768w, https:\/\/radiorevelacionfm.cl\/wp-content\/uploads\/2024\/12\/regalos-navidad-1_optimized-1-705x529.jpg 705w, https:\/\/radiorevelacionfm.cl\/wp-content\/uploads\/2024\/12\/regalos-navidad-1_optimized-1-450x338.jpg 450w, https:\/\/radiorevelacionfm.cl\/wp-content\/uploads\/2024\/12\/regalos-navidad-1_optimized-1-600x450.jpg 600w\" sizes=\"(max-width: 800px) 100vw, 800px\" \/><\/div><\/div><\/div><\/div><div class=\"flex_column av_one_full  flex_column_div av-zero-column-padding first  avia-builder-el-2  el_after_av_one_full  el_before_av_one_full  column-top-margin\" style='border-radius:0px; '><section class=\"av_textblock_section \"  itemscope=\"itemscope\" itemtype=\"https:\/\/schema.org\/BlogPosting\" itemprop=\"blogPost\" ><div class='avia_textblock  '   itemprop=\"text\" ><p style=\"text-align: center;\"><strong><span style=\"font-size: 18pt;\">\u201cViejito, \u00bfpuedo cambiar el regalo?\u201d: Sernac recuerda qu\u00e9 hacer si un regalo no gust\u00f3 o ven\u00eda malo<\/span><\/strong><\/p>\n<div id=\"gtx-trans\" style=\"position: absolute; left: -50px; top: 4.31534px;\">\n<div class=\"gtx-trans-icon\"><\/div>\n<\/div>\n<\/div><\/section><\/div><div class=\"flex_column av_one_full  flex_column_div av-zero-column-padding first  avia-builder-el-4  el_after_av_one_full  el_before_av_hr  column-top-margin\" style='border-radius:0px; '><section class=\"av_textblock_section \"  itemscope=\"itemscope\" itemtype=\"https:\/\/schema.org\/BlogPosting\" itemprop=\"blogPost\" ><div class='avia_textblock  '   itemprop=\"text\" ><p style=\"text-align: justify;\">24 de diciembre y ya los regalos -o la mayor\u00eda de ellos- est\u00e1n bajo el \u00e1rbol de navidad. En la mayor\u00eda de los hogares las 00 horas del 25 de diciembre es el momento para saber qu\u00e9 fue lo que trajo el Viejito Pascuero, pero \u00bfqu\u00e9 pasa si no nos gust\u00f3 el regalo o no era lo que esper\u00e1bamos?<\/p>\n<p style=\"text-align: justify;\">Porque sabemos que estos casos ocurren, el Servicio Nacional del Consumidor recuerda a las y los consumidores sus derechos ante compras presenciales y online.<\/p>\n<p style=\"text-align: justify;\"><strong>\u00bfQU\u00c9 DEBO TENER PARA CAMBIAR UN PRODUCTO PORQUE NO GUST\u00d3? <\/strong><\/p>\n<p style=\"text-align: justify;\">En Chile, el cambio a \u201ctodo evento\u201d existe bajo ciertas condiciones. La primera de ellas, es cuando se compra de manera online, esto es el derecho a retracto de 10 d\u00edas desde recibido el producto. Otra opci\u00f3n, es el \u201cticket de cambio\u201d, que a diferencia de la anterior, no es obligatoria para el comercio, eso s\u00ed, se vuelve una obligaci\u00f3n cuando ya la han ofrecido.<\/p>\n<p style=\"text-align: justify;\">Para ambos casos, se debe <strong>tener copia de la boleta o del ticket de cambio<\/strong>, seg\u00fan corresponda y lo m\u00e1s importante: tener todos los empaques originales del producto, no haberlo usado y, de hecho, si quien recibi\u00f3 el regalo no le gust\u00f3 a simple vista, lo mejor es dejarlo intacto para su cambio.<\/p>\n<p style=\"text-align: justify;\"><strong><u>Derecho a retracto:<\/u><\/strong> permite arrepentirse de una compra o terminar un contrato dentro de los<strong> primeros 10 d\u00edas desde la recepci\u00f3n del producto o aceptaci\u00f3n del servicio<\/strong>. Este derecho aplica en:<\/p>\n<ul style=\"text-align: justify;\">\n<li>La compra o contrataci\u00f3n de servicios ofrecidos en reuniones convocadas por una empresa (por ejemplo; tiempos compartidos), instancia en la que el consumidor debe aceptar ese mismo d\u00eda.<\/li>\n<li>La compra o contrataci\u00f3n de servicios por medios electr\u00f3nicos como internet, tel\u00e9fono u otra.<\/li>\n<\/ul>\n<p style=\"text-align: justify;\">Existen ciertas excepciones en donde no aplica el derecho a retracto, como, por ejemplo:<\/p>\n<ul style=\"text-align: justify;\">\n<li>Bienes que por su naturaleza no puedan ser devueltos o puedan deteriorarse o caducar con rapidez.<\/li>\n<li>Bienes confeccionados o personalizados conforme a las especificaciones instruidas por el consumidor, salvo que dichas especificaciones o instrucciones no hayan sido cumplidas cabalmente por el proveedor.<\/li>\n<li>Bienes de uso personal o higiene sellados, tales como cepillo de dientes o ropa interior, cuyos sellos de seguridad hayan sido abiertos o retirados por el consumidor despu\u00e9s de la entrega.<\/li>\n<\/ul>\n<p style=\"text-align: justify;\"><strong>\u00bfPuedo optar al derecho a retracto en las compras presenciales?<\/strong><\/p>\n<p style=\"text-align: justify;\">S\u00ed, pero solamente en los casos donde la persona consumidora no haya tenido acceso directo al producto que adquiri\u00f3.<\/p>\n<p style=\"text-align: justify;\"><strong><u>Ticket de cambio:<\/u><\/strong> Los comercios pueden ofrecer voluntariamente la posibilidad de cambio del producto por no ser del gusto del consumidor final, en algunos casos estos son llamadas pol\u00edticas de \u201csatisfacci\u00f3n garantizada\u201d.<\/p>\n<p style=\"text-align: justify;\">En estos casos, se solicita a los consumidores tener todos los elementos originales que ven\u00edan con el producto, adem\u00e1s de no haber sido usados.<\/p>\n<p style=\"text-align: justify;\">Este tipo de ofrecimientos de \u201cticket de cambio\u201d si bien son voluntarios para el comercio, en tanto lo ofrecen, se vuelven una obligaci\u00f3n que debe respetarse y puede exigirse por parte de los consumidores.<\/p>\n<p style=\"text-align: justify;\"><strong>\u00bfQU\u00c9 OCURRE SI EL PRODUCTO PRESENTA DA\u00d1OS O DESPERFECTOS?<\/strong><\/p>\n<p style=\"text-align: justify;\">Todos los productos que hayan sido adquiridos en el comercio formal y establecido cuentan con <strong><u>Garant\u00eda Legal <\/u><\/strong><u>de seis meses desde que se recepcion\u00f3.<\/u><\/p>\n<p style=\"text-align: justify;\">Este es un derecho que aplica cuando compras un producto nuevo que es defectuoso, le faltan piezas o partes, no es apto para el uso que fue destinado, que fue anteriormente arreglado, pero sus deficiencias persisten o presenta nuevas fallas, entre otras situaciones que menciona la Ley del Consumidor.<\/p>\n<p style=\"text-align: justify;\">Si compraste un producto nuevo y sali\u00f3 defectuoso, puedes elegir entre <strong>3 alternativas en un per\u00edodo de 6 meses:<\/strong><\/p>\n<ul style=\"text-align: justify;\">\n<li><strong>Devoluci\u00f3n del dinero<\/strong><\/li>\n<li><strong>Cambio del producto<\/strong><\/li>\n<li><strong>Reparaci\u00f3n gratuita<\/strong><\/li>\n<\/ul>\n<p style=\"text-align: justify;\">La garant\u00eda cubre defectos de fabricaci\u00f3n, fallas en el funcionamiento del producto y problemas que impidan su uso normal.<\/p>\n<p style=\"text-align: justify;\"><strong><u>Garant\u00eda extendida:<\/u><\/strong> En algunos comercios y para ciertos productos, principalmente relacionados a la tecnolog\u00eda, se ofrece una \u201cgarant\u00eda extendida\u201d, que es opcional para el consumidor y no anula en ning\u00fan caso el ejercicio del derecho a garant\u00eda legal.<\/p>\n<p style=\"text-align: justify;\">La garant\u00eda extendida que ofrecen las tiendas tiene un costo adicional y es un contrato de adhesi\u00f3n respecto del cual el consumidor presta su consentimiento, por lo que debe ser respetado \u00edntegramente.<\/p>\n<p style=\"text-align: justify;\">Adem\u00e1s de todo lo mencionado anteriormente, tambi\u00e9n es importante recordar que las y los consumidores que se vean afectados por alg\u00fan tipo de incumplimiento por parte de una empresa, por ejemplo, que no respete el derecho a retracto o la garant\u00eda legal, pueden hacer sus reclamos ante el Servicio Nacional del Consumidor.<\/p>\n<p style=\"text-align: justify;\">Lo anterior se puede hacer directamente en www.sernac.cl, llamando gratuitamente al 800 700 100 o de manera presencial en las oficinas ubicadas en cada regi\u00f3n.<\/p>\n<\/div><\/section><\/div><div  style='height:50px' class='hr hr-invisible   avia-builder-el-6  el_after_av_one_full  el_before_av_social_share '><span class='hr-inner ' ><span class='hr-inner-style'><\/span><\/span><\/div><\/p>\n<div  class='av-social-sharing-box  avia-builder-el-7  el_after_av_hr  el_before_av_hr  '><div class='av-share-box'><h5 class='av-share-link-description av-no-toc '>Compartir esta noticia<\/h5><ul class='av-share-box-list noLightbox'><li class='av-share-link av-social-link-facebook' ><a target=\"_blank\" aria-label=\"Compartir en Facebook\" href='https:\/\/www.facebook.com\/sharer.php?u=https:\/\/radiorevelacionfm.cl\/?p=49191&#038;t=%E2%80%9CViejito%2C%20%C2%BFpuedo%20cambiar%20el%20regalo%3F%E2%80%9D%3A%20Sernac%20recuerda%20qu%C3%A9%20hacer%20si%20un%20regalo%20no%20gust%C3%B3%20o%20ven%C3%ADa%20malo' aria-hidden='false' data-av_icon='\ue8f3' data-av_iconfont='entypo-fontello' title='' data-avia-related-tooltip='Compartir en Facebook' rel=\"noopener\"><span class='avia_hidden_link_text'>Compartir en Facebook<\/span><\/a><\/li><li class='av-share-link av-social-link-twitter' ><a target=\"_blank\" aria-label=\"Compartir en Twitter\" href='https:\/\/twitter.com\/share?text=%E2%80%9CViejito%2C%20%C2%BFpuedo%20cambiar%20el%20regalo%3F%E2%80%9D%3A%20Sernac%20recuerda%20qu%C3%A9%20hacer%20si%20un%20regalo%20no%20gust%C3%B3%20o%20ven%C3%ADa%20malo&#038;url=https:\/\/radiorevelacionfm.cl\/?p=49191' aria-hidden='false' data-av_icon='\ue8f1' data-av_iconfont='entypo-fontello' title='' data-avia-related-tooltip='Compartir en Twitter' rel=\"noopener\"><span class='avia_hidden_link_text'>Compartir en Twitter<\/span><\/a><\/li><li class='av-share-link av-social-link-whatsapp' ><a target=\"_blank\" aria-label=\"Compartir en Whatsapp\" href='https:\/\/api.whatsapp.com\/send?text=https:\/\/radiorevelacionfm.cl\/?p=49191' aria-hidden='false' data-av_icon='\uf232' data-av_iconfont='entypo-fontello' title='' data-avia-related-tooltip='Compartir en Whatsapp' rel=\"noopener\"><span class='avia_hidden_link_text'>Compartir en Whatsapp<\/span><\/a><\/li><li class='av-share-link av-social-link-linkedin' ><a target=\"_blank\" aria-label=\"Compartir en LinkedIn\" href='https:\/\/linkedin.com\/shareArticle?mini=true&#038;title=%E2%80%9CViejito%2C%20%C2%BFpuedo%20cambiar%20el%20regalo%3F%E2%80%9D%3A%20Sernac%20recuerda%20qu%C3%A9%20hacer%20si%20un%20regalo%20no%20gust%C3%B3%20o%20ven%C3%ADa%20malo&#038;url=https:\/\/radiorevelacionfm.cl\/?p=49191' aria-hidden='false' data-av_icon='\ue8fc' data-av_iconfont='entypo-fontello' title='' data-avia-related-tooltip='Compartir en LinkedIn' rel=\"noopener\"><span class='avia_hidden_link_text'>Compartir en LinkedIn<\/span><\/a><\/li><li class='av-share-link av-social-link-mail' ><a  aria-label=\"Compartir por correo\" href='mailto:?subject=%E2%80%9CViejito%2C%20%C2%BFpuedo%20cambiar%20el%20regalo%3F%E2%80%9D%3A%20Sernac%20recuerda%20qu%C3%A9%20hacer%20si%20un%20regalo%20no%20gust%C3%B3%20o%20ven%C3%ADa%20malo&#038;body=https:\/\/radiorevelacionfm.cl\/?p=49191' aria-hidden='false' data-av_icon='\ue805' data-av_iconfont='entypo-fontello' title='' data-avia-related-tooltip='Compartir por correo'><span class='avia_hidden_link_text'>Compartir por correo<\/span><\/a><\/li><\/ul><\/div><\/div>\n<div  style='height:50px' class='hr hr-invisible   avia-builder-el-8  el_after_av_social_share  el_before_av_comments_list '><span class='hr-inner ' ><span class='hr-inner-style'><\/span><\/span><\/div>\n<div  class='av-buildercomment  av-blog-meta-html-info-disabled av-blog-meta-tag-disabled  '><\/div>\n","protected":false},"excerpt":{"rendered":"","protected":false},"author":1,"featured_media":49192,"comment_status":"open","ping_status":"open","sticky":false,"template":"","format":"standard","meta":{"footnotes":""},"categories":[45],"tags":[],"class_list":["post-49191","post","type-post","status-publish","format-standard","has-post-thumbnail","hentry","category-comercio"],"jetpack_featured_media_url":"https:\/\/radiorevelacionfm.cl\/wp-content\/uploads\/2024\/12\/regalos-navidad-1_optimized-1.jpg","_links":{"self":[{"href":"https:\/\/radiorevelacionfm.cl\/index.php?rest_route=\/wp\/v2\/posts\/49191","targetHints":{"allow":["GET"]}}],"collection":[{"href":"https:\/\/radiorevelacionfm.cl\/index.php?rest_route=\/wp\/v2\/posts"}],"about":[{"href":"https:\/\/radiorevelacionfm.cl\/index.php?rest_route=\/wp\/v2\/types\/post"}],"author":[{"embeddable":true,"href":"https:\/\/radiorevelacionfm.cl\/index.php?rest_route=\/wp\/v2\/users\/1"}],"replies":[{"embeddable":true,"href":"https:\/\/radiorevelacionfm.cl\/index.php?rest_route=%2Fwp%2Fv2%2Fcomments&post=49191"}],"version-history":[{"count":1,"href":"https:\/\/radiorevelacionfm.cl\/index.php?rest_route=\/wp\/v2\/posts\/49191\/revisions"}],"predecessor-version":[{"id":49193,"href":"https:\/\/radiorevelacionfm.cl\/index.php?rest_route=\/wp\/v2\/posts\/49191\/revisions\/49193"}],"wp:featuredmedia":[{"embeddable":true,"href":"https:\/\/radiorevelacionfm.cl\/index.php?rest_route=\/wp\/v2\/media\/49192"}],"wp:attachment":[{"href":"https:\/\/radiorevelacionfm.cl\/index.php?rest_route=%2Fwp%2Fv2%2Fmedia&parent=49191"}],"wp:term":[{"taxonomy":"category","embeddable":true,"href":"https:\/\/radiorevelacionfm.cl\/index.php?rest_route=%2Fwp%2Fv2%2Fcategories&post=49191"},{"taxonomy":"post_tag","embeddable":true,"href":"https:\/\/radiorevelacionfm.cl\/index.php?rest_route=%2Fwp%2Fv2%2Ftags&post=49191"}],"curies":[{"name":"wp","href":"https:\/\/api.w.org\/{rel}","templated":true}]}}