{"id":4919,"date":"2021-06-04T20:21:26","date_gmt":"2021-06-04T23:21:26","guid":{"rendered":"https:\/\/radiorevelacionfm.cl\/?p=4919"},"modified":"2021-06-04T20:21:26","modified_gmt":"2021-06-04T23:21:26","slug":"conaf-continua-trabajos-en-islas-huichas-y-refuerza-compromisos-en-el-archipielago","status":"publish","type":"post","link":"https:\/\/radiorevelacionfm.cl\/?p=4919","title":{"rendered":"Conaf contin\u00faa trabajos en Islas Huichas y refuerza compromisos en el archipi\u00e9lago"},"content":{"rendered":"<div class=\"flex_column av_one_full  flex_column_div av-zero-column-padding first  avia-builder-el-0  el_before_av_one_full  avia-builder-el-first  \" style='border-radius:0px; '><div  class='avia-image-container  av-styling-    avia-builder-el-1  avia-builder-el-no-sibling  avia-align-center '  itemprop=\"image\" itemscope=\"itemscope\" itemtype=\"https:\/\/schema.org\/ImageObject\"  ><div class='avia-image-container-inner'><div class='avia-image-overlay-wrap'><img decoding=\"async\" class='wp-image-4920 avia-img-lazy-loading-not-4920 avia_image' src=\"https:\/\/radiorevelacionfm.cl\/wp-content\/uploads\/2021\/06\/conaf-0406_optimized.jpg\" alt='' title='conaf-0406_optimized' height=\"600\" width=\"900\"  itemprop=\"thumbnailUrl\" srcset=\"https:\/\/radiorevelacionfm.cl\/wp-content\/uploads\/2021\/06\/conaf-0406_optimized.jpg 900w, https:\/\/radiorevelacionfm.cl\/wp-content\/uploads\/2021\/06\/conaf-0406_optimized-300x200.jpg 300w, https:\/\/radiorevelacionfm.cl\/wp-content\/uploads\/2021\/06\/conaf-0406_optimized-768x512.jpg 768w, https:\/\/radiorevelacionfm.cl\/wp-content\/uploads\/2021\/06\/conaf-0406_optimized-705x470.jpg 705w, https:\/\/radiorevelacionfm.cl\/wp-content\/uploads\/2021\/06\/conaf-0406_optimized-600x400.jpg 600w\" sizes=\"(max-width: 900px) 100vw, 900px\" \/><\/div><\/div><\/div><\/div><div class=\"flex_column av_one_full  flex_column_div av-zero-column-padding first  avia-builder-el-2  el_after_av_one_full  el_before_av_one_full  column-top-margin\" style='border-radius:0px; '><section class=\"av_textblock_section \"  itemscope=\"itemscope\" itemtype=\"https:\/\/schema.org\/BlogPosting\" itemprop=\"blogPost\" ><div class='avia_textblock  '   itemprop=\"text\" ><p style=\"text-align: center;\"><strong><span style=\"font-size: 18pt;\">Conaf contin\u00faa trabajos en Islas Huichas y refuerza compromisos en el archipi\u00e9lago<\/span><\/strong><\/p>\n<div id=\"gtx-trans\" style=\"position: absolute; left: -50px; top: 4.31534px;\">\n<div class=\"gtx-trans-icon\"><\/div>\n<\/div>\n<\/div><\/section><\/div><div class=\"flex_column av_one_full  flex_column_div av-zero-column-padding first  avia-builder-el-4  el_after_av_one_full  el_before_av_hr  column-top-margin\" style='border-radius:0px; '><section class=\"av_textblock_section \"  itemscope=\"itemscope\" itemtype=\"https:\/\/schema.org\/BlogPosting\" itemprop=\"blogPost\" ><div class='avia_textblock  '   itemprop=\"text\" ><p style=\"text-align: justify;\">Ni el fr\u00edo ni la pandemia fueron impedimentos para el equipo provincial de CONAF Ays\u00e9n se trasladara hasta el litoral la semana pasada para realizar diversas actividades con los integrantes del proyecto Parque Urbano La Poza, perteneciente a la instituci\u00f3n, el cual es financiado en su totalidad por el Gobierno Regional.<\/p>\n<p style=\"text-align: justify;\">El jefe provincial de CONAF Ays\u00e9n, Erwin Toledo, convers\u00f3 con los trabajadores y trabajadoras\u00a0 respecto a los nuevos desaf\u00edos que tiene la Corporaci\u00f3n para este a\u00f1o, pero por sobre todo el compromiso que existe con cada uno de los integrantes en resguardar su salud y proveer condiciones seguras de trabajo en la \u00e9poca de pandemia que actualmente vivimos.<\/p>\n<p style=\"text-align: justify;\">Adem\u00e1s en estas reuniones con la comunidad el equipo aprovech\u00f3 la oportunidad de responder dudas en distintos aspectos del \u00e1mbito forestal. Esto llev\u00f3 a que los profesionales de CONAF atendiesen las interrogantes y requerimientos de los isle\u00f1os, los cuales est\u00e1n principalmente enfocados en autorizaci\u00f3n de quemas, uso de gu\u00edas de libre tr\u00e1nsito, extracci\u00f3n de madera muerta y planes de manejo.<\/p>\n<p style=\"text-align: justify;\">Un aspecto importante del proyecto Parque Urbano Natural La Poza, es la vinculaci\u00f3n con el medio, en este caso, CONAF ha trabajado con varios entes de la isla, entre ellos la posta, escuelas, jardines y juntas de vecinos, de tal forma que se hacen trabajos de cooperaci\u00f3n entre instituciones, donde los principales beneficiados son las y los ni\u00f1os, adultos mayores y personas con movilidad reducida.<\/p>\n<p style=\"text-align: justify;\">\u201cTambi\u00e9n se realizaron diversas visitas para revisar y ver en terreno las ayudas sociales que se han logrado hacer con estas peque\u00f1as alianzas, por ejemplo con la posta de Puerto Aguirre, donde hemos podido ayudar a algunas personas con discapacidad a mejorar su calidad de vida, con gestos peque\u00f1os, pero significativos, como por ejemplo la \u00a0reparaci\u00f3n de la techumbre o crear una rampa de acceso.\u201d expres\u00f3 Erwin Toledo.<\/p>\n<p style=\"text-align: justify;\">En este \u00faltimo punto, el vecino de Puerto Aguirre, Ernesto Nancul Ovando, fue beneficiado con una mejora en su vivienda para poder as\u00ed soportar el crudo invierno que se avecina. Don Ernesto, quien pertenece a la tercera edad, se mostr\u00f3 muy emocionado y contento por la ayuda. \u201cAgradecido, como le acabo de decir antes, yo estaba m\u00e1s o menos y ahora que me empez\u00f3 a ayudar CONAF podr\u00e9 pasar de mejor manera este invierno porque con el techo que me hicieron podr\u00e9 guardar le\u00f1a y colgar mi ropa\u201d, coment\u00f3 emocionado.<\/p>\n<p style=\"text-align: justify;\">Recordemos que este proyecto para el 2021 tiene contemplado finalizar el sendero de los pescadores, el que cuenta la historia de los colonos de Islas Huichas y como esta actividad ha sido la base para el desarrollo del archipi\u00e9lago.<\/p>\n<\/div><\/section><\/div><div  style='height:50px' class='hr hr-invisible   avia-builder-el-6  el_after_av_one_full  el_before_av_social_share '><span class='hr-inner ' ><span class='hr-inner-style'><\/span><\/span><\/div><\/p>\n<div  class='av-social-sharing-box  avia-builder-el-7  el_after_av_hr  el_before_av_hr  '><div class='av-share-box'><h5 class='av-share-link-description av-no-toc '>Compartir esta noticia<\/h5><ul class='av-share-box-list noLightbox'><li class='av-share-link av-social-link-facebook' ><a target=\"_blank\" aria-label=\"Compartir en Facebook\" href='https:\/\/www.facebook.com\/sharer.php?u=https:\/\/radiorevelacionfm.cl\/?p=4919&#038;t=Conaf%20contin%C3%BAa%20trabajos%20en%20Islas%20Huichas%20y%20refuerza%20compromisos%20en%20el%20archipi%C3%A9lago' aria-hidden='false' data-av_icon='\ue8f3' data-av_iconfont='entypo-fontello' title='' data-avia-related-tooltip='Compartir en Facebook' rel=\"noopener\"><span class='avia_hidden_link_text'>Compartir en Facebook<\/span><\/a><\/li><li class='av-share-link av-social-link-twitter' ><a target=\"_blank\" aria-label=\"Compartir en Twitter\" href='https:\/\/twitter.com\/share?text=Conaf%20contin%C3%BAa%20trabajos%20en%20Islas%20Huichas%20y%20refuerza%20compromisos%20en%20el%20archipi%C3%A9lago&#038;url=https:\/\/radiorevelacionfm.cl\/?p=4919' aria-hidden='false' data-av_icon='\ue8f1' data-av_iconfont='entypo-fontello' title='' data-avia-related-tooltip='Compartir en Twitter' rel=\"noopener\"><span class='avia_hidden_link_text'>Compartir en Twitter<\/span><\/a><\/li><li class='av-share-link av-social-link-whatsapp' ><a target=\"_blank\" aria-label=\"Compartir en Whatsapp\" href='https:\/\/api.whatsapp.com\/send?text=https:\/\/radiorevelacionfm.cl\/?p=4919' aria-hidden='false' data-av_icon='\uf232' data-av_iconfont='entypo-fontello' title='' data-avia-related-tooltip='Compartir en Whatsapp' rel=\"noopener\"><span class='avia_hidden_link_text'>Compartir en Whatsapp<\/span><\/a><\/li><li class='av-share-link av-social-link-linkedin' ><a target=\"_blank\" aria-label=\"Compartir en LinkedIn\" href='https:\/\/linkedin.com\/shareArticle?mini=true&#038;title=Conaf%20contin%C3%BAa%20trabajos%20en%20Islas%20Huichas%20y%20refuerza%20compromisos%20en%20el%20archipi%C3%A9lago&#038;url=https:\/\/radiorevelacionfm.cl\/?p=4919' aria-hidden='false' data-av_icon='\ue8fc' data-av_iconfont='entypo-fontello' title='' data-avia-related-tooltip='Compartir en LinkedIn' rel=\"noopener\"><span class='avia_hidden_link_text'>Compartir en LinkedIn<\/span><\/a><\/li><li class='av-share-link av-social-link-mail' ><a  aria-label=\"Compartir por correo\" href='mailto:?subject=Conaf%20contin%C3%BAa%20trabajos%20en%20Islas%20Huichas%20y%20refuerza%20compromisos%20en%20el%20archipi%C3%A9lago&#038;body=https:\/\/radiorevelacionfm.cl\/?p=4919' aria-hidden='false' data-av_icon='\ue805' data-av_iconfont='entypo-fontello' title='' data-avia-related-tooltip='Compartir por correo'><span class='avia_hidden_link_text'>Compartir por correo<\/span><\/a><\/li><\/ul><\/div><\/div>\n<div  style='height:50px' class='hr hr-invisible   avia-builder-el-8  el_after_av_social_share  el_before_av_comments_list '><span class='hr-inner ' ><span class='hr-inner-style'><\/span><\/span><\/div>\n<div  class='av-buildercomment  av-blog-meta-html-info-disabled av-blog-meta-tag-disabled  '><\/div>\n","protected":false},"excerpt":{"rendered":"","protected":false},"author":1,"featured_media":4920,"comment_status":"open","ping_status":"open","sticky":false,"template":"","format":"standard","meta":{"footnotes":""},"categories":[38],"tags":[],"class_list":["post-4919","post","type-post","status-publish","format-standard","has-post-thumbnail","hentry","category-regional"],"jetpack_featured_media_url":"https:\/\/radiorevelacionfm.cl\/wp-content\/uploads\/2021\/06\/conaf-0406_optimized.jpg","_links":{"self":[{"href":"https:\/\/radiorevelacionfm.cl\/index.php?rest_route=\/wp\/v2\/posts\/4919","targetHints":{"allow":["GET"]}}],"collection":[{"href":"https:\/\/radiorevelacionfm.cl\/index.php?rest_route=\/wp\/v2\/posts"}],"about":[{"href":"https:\/\/radiorevelacionfm.cl\/index.php?rest_route=\/wp\/v2\/types\/post"}],"author":[{"embeddable":true,"href":"https:\/\/radiorevelacionfm.cl\/index.php?rest_route=\/wp\/v2\/users\/1"}],"replies":[{"embeddable":true,"href":"https:\/\/radiorevelacionfm.cl\/index.php?rest_route=%2Fwp%2Fv2%2Fcomments&post=4919"}],"version-history":[{"count":1,"href":"https:\/\/radiorevelacionfm.cl\/index.php?rest_route=\/wp\/v2\/posts\/4919\/revisions"}],"predecessor-version":[{"id":4921,"href":"https:\/\/radiorevelacionfm.cl\/index.php?rest_route=\/wp\/v2\/posts\/4919\/revisions\/4921"}],"wp:featuredmedia":[{"embeddable":true,"href":"https:\/\/radiorevelacionfm.cl\/index.php?rest_route=\/wp\/v2\/media\/4920"}],"wp:attachment":[{"href":"https:\/\/radiorevelacionfm.cl\/index.php?rest_route=%2Fwp%2Fv2%2Fmedia&parent=4919"}],"wp:term":[{"taxonomy":"category","embeddable":true,"href":"https:\/\/radiorevelacionfm.cl\/index.php?rest_route=%2Fwp%2Fv2%2Fcategories&post=4919"},{"taxonomy":"post_tag","embeddable":true,"href":"https:\/\/radiorevelacionfm.cl\/index.php?rest_route=%2Fwp%2Fv2%2Ftags&post=4919"}],"curies":[{"name":"wp","href":"https:\/\/api.w.org\/{rel}","templated":true}]}}