{"id":49188,"date":"2024-12-26T16:58:14","date_gmt":"2024-12-26T19:58:14","guid":{"rendered":"https:\/\/radiorevelacionfm.cl\/?p=49188"},"modified":"2024-12-26T16:58:14","modified_gmt":"2024-12-26T19:58:14","slug":"navidad-en-puerto-guadal-festejando-a-ninos-y-adultos-mayores-comunidad-se-une-por-el-bien-comun","status":"publish","type":"post","link":"https:\/\/radiorevelacionfm.cl\/?p=49188","title":{"rendered":"Navidad en Puerto Guadal: Festejando a ni\u00f1os y adultos mayores, comunidad se une por el bien com\u00fan"},"content":{"rendered":"<div class=\"flex_column av_one_full  flex_column_div av-zero-column-padding first  avia-builder-el-0  el_before_av_one_full  avia-builder-el-first  \" style='border-radius:0px; '><div  class='avia-image-container  av-styling-    avia-builder-el-1  avia-builder-el-no-sibling  avia-align-center '  itemprop=\"image\" itemscope=\"itemscope\" itemtype=\"https:\/\/schema.org\/ImageObject\"  ><div class='avia-image-container-inner'><div class='avia-image-overlay-wrap'><img decoding=\"async\" class='wp-image-49189 avia-img-lazy-loading-not-49189 avia_image' src=\"https:\/\/radiorevelacionfm.cl\/wp-content\/uploads\/2024\/12\/fotos-fiesta-de-navidad-en-puerto-guadal-3-1_optimized.jpg\" alt='' title='fotos-fiesta-de-navidad-en-puerto-guadal-3-(1)_optimized' height=\"600\" width=\"800\"  itemprop=\"thumbnailUrl\" srcset=\"https:\/\/radiorevelacionfm.cl\/wp-content\/uploads\/2024\/12\/fotos-fiesta-de-navidad-en-puerto-guadal-3-1_optimized.jpg 800w, https:\/\/radiorevelacionfm.cl\/wp-content\/uploads\/2024\/12\/fotos-fiesta-de-navidad-en-puerto-guadal-3-1_optimized-300x225.jpg 300w, https:\/\/radiorevelacionfm.cl\/wp-content\/uploads\/2024\/12\/fotos-fiesta-de-navidad-en-puerto-guadal-3-1_optimized-768x576.jpg 768w, https:\/\/radiorevelacionfm.cl\/wp-content\/uploads\/2024\/12\/fotos-fiesta-de-navidad-en-puerto-guadal-3-1_optimized-705x529.jpg 705w, https:\/\/radiorevelacionfm.cl\/wp-content\/uploads\/2024\/12\/fotos-fiesta-de-navidad-en-puerto-guadal-3-1_optimized-450x338.jpg 450w, https:\/\/radiorevelacionfm.cl\/wp-content\/uploads\/2024\/12\/fotos-fiesta-de-navidad-en-puerto-guadal-3-1_optimized-600x450.jpg 600w\" sizes=\"(max-width: 800px) 100vw, 800px\" \/><\/div><\/div><\/div><\/div><div class=\"flex_column av_one_full  flex_column_div av-zero-column-padding first  avia-builder-el-2  el_after_av_one_full  el_before_av_one_full  column-top-margin\" style='border-radius:0px; '><section class=\"av_textblock_section \"  itemscope=\"itemscope\" itemtype=\"https:\/\/schema.org\/BlogPosting\" itemprop=\"blogPost\" ><div class='avia_textblock  '   itemprop=\"text\" ><p style=\"text-align: center;\"><span style=\"font-size: 18pt;\"><b><span lang=\"ES-TRAD\">Navidad en Puerto Guadal: Festejando a ni\u00f1os y adultos mayores, comunidad se une por el bien com\u00fan<\/span><\/b><\/span><\/p>\n<div id=\"gtx-trans\" style=\"position: absolute; left: -50px; top: 4.31534px;\">\n<div class=\"gtx-trans-icon\"><\/div>\n<\/div>\n<\/div><\/section><\/div><div class=\"flex_column av_one_full  flex_column_div av-zero-column-padding first  avia-builder-el-4  el_after_av_one_full  el_before_av_hr  column-top-margin\" style='border-radius:0px; '><section class=\"av_textblock_section \"  itemscope=\"itemscope\" itemtype=\"https:\/\/schema.org\/BlogPosting\" itemprop=\"blogPost\" ><div class='avia_textblock  '   itemprop=\"text\" ><p class=\"v1gmail-MsoListParagraphCxSpFirst\" style=\"text-align: justify;\"><em><span lang=\"ES-TRAD\">El s\u00e1bado 21 se realiz\u00f3 una jornada especial con una Feria Navide\u00f1a que desde las 10 de la ma\u00f1ana y hasta las 9 de la noche, congreg\u00f3 a m\u00faltiples entidades y agrupaciones, en un esfuerzo por realizar un trabajo colectivo.<\/span><\/em><\/p>\n<p class=\"v1MsoNormal\" style=\"text-align: justify;\"><span lang=\"ES-TRAD\">Una Feria de Navidad comunitaria, donde confluyeron las organizaciones del poblado, el Municipio junto a la delegaci\u00f3n, y vecinos y vecinas, fue la que se vivi\u00f3 el s\u00e1bado \u00faltimo en Puerto Guadal. M\u00fasica en vivo con artistas locales,<span class=\"v1gmail-Apple-converted-space\">\u00a0<\/span><\/span><span lang=\"ES-TRAD\">t<\/span><span lang=\"ES-TRAD\">alleres infantiles,<span class=\"v1gmail-Apple-converted-space\">\u00a0<\/span><\/span><span lang=\"ES-TRAD\">e<\/span><span lang=\"ES-TRAD\">ntrega de regalos, artesan\u00eda, verduras de estaci\u00f3n fueron algunas de las iniciativas desarrolladas.<\/span><\/p>\n<p class=\"v1MsoNormal\" style=\"text-align: justify;\"><span lang=\"ES-TRAD\">Para la preparaci\u00f3n, desde la delegaci\u00f3n de la Municipalidad de Chile Chico en Puerto Guadal se realiz\u00f3 una convocatoria amplia a todas las organizaciones e instituciones con trabajo local, ocasi\u00f3n en que salieron las diversas ideas y acciones.<\/span><\/p>\n<p class=\"v1MsoNormal\" style=\"text-align: justify;\"><span lang=\"ES-TRAD\">Las actividades se extendieron desde las 10 de la ma\u00f1ana hasta las 9 de la noche, en diversos sectores del pueblo, y fueron m\u00faltiples las agrupaciones e instituciones que acogieron el llamado del municipio.<\/span><\/p>\n<p class=\"v1MsoNormal\" style=\"text-align: justify;\"><span lang=\"ES-TRAD\">Para la<span class=\"v1gmail-Apple-converted-space\">\u00a0<\/span><b>presidenta de la AG de Turismo, Ang\u00e9lica Anti\u00f1anco,<\/b><span class=\"v1gmail-Apple-converted-space\">\u00a0<\/span>la jornada \u00absali\u00f3 muy linda, fue una feria navide\u00f1a con entrega de regalo para ni\u00f1os, obsequios para adultos mayores\u00bb. En su visi\u00f3n, lo relevante es que \u00abnaci\u00f3 en conjunto desde la municipalidad con las organizaciones.\u00a0<span class=\"v1gmail-Apple-converted-space\">\u00a0<\/span>Esperamos poder seguir articulando estas lindas y que todo lo que salga de aqu\u00ed en adelante sea comunitario, porque de esa forma todo sale m\u00e1s bonito\u00bb.<\/span><\/p>\n<p class=\"v1MsoNormal\" style=\"text-align: justify;\"><span lang=\"ES-TRAD\">La<span class=\"v1gmail-Apple-converted-space\">\u00a0<\/span><b>directora de la Escuela Bernardo O&#8217;Higgins, Cecilia Rosas,<\/b><span class=\"v1gmail-Apple-converted-space\">\u00a0<\/span>consider\u00f3 la instancia como muy importante. \u00abHace tiempo que no se reun\u00edan todas las entidades de esta localidad por un objetivo com\u00fan, de inter\u00e9s p\u00fablico, que en este caso fue la actividad navide\u00f1a tanto para el adulto mayor como para los ni\u00f1os\u00bb plante\u00f3. Relev\u00f3 esencialmente \u00abincluir a los adultos mayores, que a veces est\u00e1n muy dejados de lado, muy solitos. Percib\u00ed ese d\u00eda bastante participaci\u00f3n, felicidad en los rostros de cada uno de los adultos mayores y especialmente los ni\u00f1os. Creo que es algo que se debe seguir repitiendo, que esta uni\u00f3n y trabajo cooperativo hace muy bien\u00bb.<\/span><\/p>\n<p class=\"v1MsoNormal\" style=\"text-align: justify;\"><span lang=\"ES-TRAD\">Los adultos mayores participaron en juegos de truco y espacios para relatar sus recuerdos. \u00abEstuvo muy lindo, muy entretenido. Nunca se hab\u00eda visto esto ac\u00e1 en Guadal, que tomen en cuenta al adulto mayor en Navidad como ese d\u00eda. Ojal\u00e1 que se siga as\u00ed, con uni\u00f3n, armon\u00eda, que no haya divisiones con la gente. Felicitaciones a todos nom\u00e1s, pues uno se siente bien, siente que nos toman en cuenta\u00bb dijo sobre la iniciativa<span class=\"v1gmail-Apple-converted-space\">\u00a0<\/span><b>Mar\u00eda Huenul<\/b>.<\/span><\/p>\n<p class=\"v1MsoNormal\" style=\"text-align: justify;\"><span lang=\"ES-TRAD\">La<span class=\"v1gmail-Apple-converted-space\">\u00a0<\/span><b>delegada municipal de Puerto Guadal, Anita Romero,<\/b><span class=\"v1gmail-Apple-converted-space\">\u00a0<\/span>se\u00f1al\u00f3 que \u00abestamos muy contentos como administraci\u00f3n de lo logrado en esta Feria Navide\u00f1a\u00bb. La jornada se enmarca en la \u00abmisi\u00f3n de fortalecer el tejido social de las agrupaciones sociales y de la comunidad. Un tejido social que ha estado da\u00f1ado en los \u00faltimos a\u00f1os, por ello lo que pas\u00f3 es s\u00edmbolo de que tenemos las puertas abiertas al di\u00e1logo, al trabajo en equipo y al respeto mutuo\u00bb.<\/span><\/p>\n<p class=\"v1MsoNormal\" style=\"text-align: justify;\"><span lang=\"ES-TRAD\">Tambi\u00e9n destac\u00f3 la inclusi\u00f3n de los adultos mayores como protagonistas. \u00abHemos recibido muchas felicitaciones de nuestros vecinos, sobre todo por el gesto con los adultos mayores, que es un eje importante, sobre todo en la ruralidad de donde vivimos, que tiene un gran n\u00famero de adultos mayores que muchas veces se encuentran solos, por lo tanto estamos enfocados en crear instancias de vinculaci\u00f3n\u00bb explic\u00f3.<span class=\"v1gmail-Apple-converted-space\">\u00a0<\/span><\/span><\/p>\n<p class=\"v1MsoNormal\" style=\"text-align: justify;\"><span lang=\"ES-TRAD\">Anita Romero record\u00f3 la acci\u00f3n mancomunada de la direcci\u00f3n y centro de padres y apoderados de la Escuela Bernardo O&#8217;Higgins, los bomberos, Carabineros, la Junta de Vecinos N8, la Fundaci\u00f3n Cuenca Viva e incluso el comercio local que aport\u00f3 cajas de v\u00edveres que se sumaron a los que don\u00f3 la Municipalidad de Chile Chico, a trav\u00e9s de su Departamento Social, bajo la figura de apadrinamiento de adultos mayores.<\/span><\/p>\n<p class=\"v1MsoNormal\" style=\"text-align: justify;\"><span lang=\"ES-TRAD\">Para el<span class=\"v1gmail-Apple-converted-space\">\u00a0<\/span><b>alcalde Ariel Keim<\/b>, la Feria Navide\u00f1a se enmarca dentro de un proyecto mayor.\u00a0<span class=\"v1gmail-Apple-converted-space\">\u00a0<\/span>El de recomponer el tejido social de la comuna, en sus distintas localidades. \u00abEs muy importante trabajar de manera asociativa.\u00a0<span class=\"v1gmail-Apple-converted-space\">\u00a0<\/span>Nuestra administraci\u00f3n tiene como foco el desarrollo de la localidad, pero con la gente, con quienes viven y son depositarios de las pol\u00edticas p\u00fablicas.\u00a0<span class=\"v1gmail-Apple-converted-space\">\u00a0<\/span>Y en este caso, con las organizaciones, fuerzas vivas del poblado, con especial \u00e9nfasis en los adultos y adultos mayores\u00bb se\u00f1al\u00f3.<\/span><\/p>\n<\/div><\/section><\/div><div  style='height:50px' class='hr hr-invisible   avia-builder-el-6  el_after_av_one_full  el_before_av_social_share '><span class='hr-inner ' ><span class='hr-inner-style'><\/span><\/span><\/div><\/p>\n<div  class='av-social-sharing-box  avia-builder-el-7  el_after_av_hr  el_before_av_hr  '><div class='av-share-box'><h5 class='av-share-link-description av-no-toc '>Compartir esta noticia<\/h5><ul class='av-share-box-list noLightbox'><li class='av-share-link av-social-link-facebook' ><a target=\"_blank\" aria-label=\"Compartir en Facebook\" href='https:\/\/www.facebook.com\/sharer.php?u=https:\/\/radiorevelacionfm.cl\/?p=49188&#038;t=Navidad%20en%20Puerto%20Guadal%3A%20Festejando%20a%20ni%C3%B1os%20y%20adultos%20mayores%2C%20comunidad%20se%20une%20por%20el%20bien%20com%C3%BAn' aria-hidden='false' data-av_icon='\ue8f3' data-av_iconfont='entypo-fontello' title='' data-avia-related-tooltip='Compartir en Facebook' rel=\"noopener\"><span class='avia_hidden_link_text'>Compartir en Facebook<\/span><\/a><\/li><li class='av-share-link av-social-link-twitter' ><a target=\"_blank\" aria-label=\"Compartir en Twitter\" href='https:\/\/twitter.com\/share?text=Navidad%20en%20Puerto%20Guadal%3A%20Festejando%20a%20ni%C3%B1os%20y%20adultos%20mayores%2C%20comunidad%20se%20une%20por%20el%20bien%20com%C3%BAn&#038;url=https:\/\/radiorevelacionfm.cl\/?p=49188' aria-hidden='false' data-av_icon='\ue8f1' data-av_iconfont='entypo-fontello' title='' data-avia-related-tooltip='Compartir en Twitter' rel=\"noopener\"><span class='avia_hidden_link_text'>Compartir en Twitter<\/span><\/a><\/li><li class='av-share-link av-social-link-whatsapp' ><a target=\"_blank\" aria-label=\"Compartir en Whatsapp\" href='https:\/\/api.whatsapp.com\/send?text=https:\/\/radiorevelacionfm.cl\/?p=49188' aria-hidden='false' data-av_icon='\uf232' data-av_iconfont='entypo-fontello' title='' data-avia-related-tooltip='Compartir en Whatsapp' rel=\"noopener\"><span class='avia_hidden_link_text'>Compartir en Whatsapp<\/span><\/a><\/li><li class='av-share-link av-social-link-linkedin' ><a target=\"_blank\" aria-label=\"Compartir en LinkedIn\" href='https:\/\/linkedin.com\/shareArticle?mini=true&#038;title=Navidad%20en%20Puerto%20Guadal%3A%20Festejando%20a%20ni%C3%B1os%20y%20adultos%20mayores%2C%20comunidad%20se%20une%20por%20el%20bien%20com%C3%BAn&#038;url=https:\/\/radiorevelacionfm.cl\/?p=49188' aria-hidden='false' data-av_icon='\ue8fc' data-av_iconfont='entypo-fontello' title='' data-avia-related-tooltip='Compartir en LinkedIn' rel=\"noopener\"><span class='avia_hidden_link_text'>Compartir en LinkedIn<\/span><\/a><\/li><li class='av-share-link av-social-link-mail' ><a  aria-label=\"Compartir por correo\" href='mailto:?subject=Navidad%20en%20Puerto%20Guadal%3A%20Festejando%20a%20ni%C3%B1os%20y%20adultos%20mayores%2C%20comunidad%20se%20une%20por%20el%20bien%20com%C3%BAn&#038;body=https:\/\/radiorevelacionfm.cl\/?p=49188' aria-hidden='false' data-av_icon='\ue805' data-av_iconfont='entypo-fontello' title='' data-avia-related-tooltip='Compartir por correo'><span class='avia_hidden_link_text'>Compartir por correo<\/span><\/a><\/li><\/ul><\/div><\/div>\n<div  style='height:50px' class='hr hr-invisible   avia-builder-el-8  el_after_av_social_share  el_before_av_comments_list '><span class='hr-inner ' ><span class='hr-inner-style'><\/span><\/span><\/div>\n<div  class='av-buildercomment  av-blog-meta-html-info-disabled av-blog-meta-tag-disabled  '><\/div>\n","protected":false},"excerpt":{"rendered":"","protected":false},"author":1,"featured_media":49189,"comment_status":"open","ping_status":"open","sticky":false,"template":"","format":"standard","meta":{"footnotes":""},"categories":[38],"tags":[],"class_list":["post-49188","post","type-post","status-publish","format-standard","has-post-thumbnail","hentry","category-regional"],"jetpack_featured_media_url":"https:\/\/radiorevelacionfm.cl\/wp-content\/uploads\/2024\/12\/fotos-fiesta-de-navidad-en-puerto-guadal-3-1_optimized.jpg","_links":{"self":[{"href":"https:\/\/radiorevelacionfm.cl\/index.php?rest_route=\/wp\/v2\/posts\/49188","targetHints":{"allow":["GET"]}}],"collection":[{"href":"https:\/\/radiorevelacionfm.cl\/index.php?rest_route=\/wp\/v2\/posts"}],"about":[{"href":"https:\/\/radiorevelacionfm.cl\/index.php?rest_route=\/wp\/v2\/types\/post"}],"author":[{"embeddable":true,"href":"https:\/\/radiorevelacionfm.cl\/index.php?rest_route=\/wp\/v2\/users\/1"}],"replies":[{"embeddable":true,"href":"https:\/\/radiorevelacionfm.cl\/index.php?rest_route=%2Fwp%2Fv2%2Fcomments&post=49188"}],"version-history":[{"count":1,"href":"https:\/\/radiorevelacionfm.cl\/index.php?rest_route=\/wp\/v2\/posts\/49188\/revisions"}],"predecessor-version":[{"id":49190,"href":"https:\/\/radiorevelacionfm.cl\/index.php?rest_route=\/wp\/v2\/posts\/49188\/revisions\/49190"}],"wp:featuredmedia":[{"embeddable":true,"href":"https:\/\/radiorevelacionfm.cl\/index.php?rest_route=\/wp\/v2\/media\/49189"}],"wp:attachment":[{"href":"https:\/\/radiorevelacionfm.cl\/index.php?rest_route=%2Fwp%2Fv2%2Fmedia&parent=49188"}],"wp:term":[{"taxonomy":"category","embeddable":true,"href":"https:\/\/radiorevelacionfm.cl\/index.php?rest_route=%2Fwp%2Fv2%2Fcategories&post=49188"},{"taxonomy":"post_tag","embeddable":true,"href":"https:\/\/radiorevelacionfm.cl\/index.php?rest_route=%2Fwp%2Fv2%2Ftags&post=49188"}],"curies":[{"name":"wp","href":"https:\/\/api.w.org\/{rel}","templated":true}]}}