{"id":49182,"date":"2024-12-26T13:04:00","date_gmt":"2024-12-26T16:04:00","guid":{"rendered":"https:\/\/radiorevelacionfm.cl\/?p=49182"},"modified":"2024-12-26T13:04:00","modified_gmt":"2024-12-26T16:04:00","slug":"en-tortel-impulsan-capacitacion-integral-para-fortalecer-la-gestion-municipal","status":"publish","type":"post","link":"https:\/\/radiorevelacionfm.cl\/?p=49182","title":{"rendered":"En Tortel impulsan capacitaci\u00f3n integral para fortalecer la gesti\u00f3n municipal"},"content":{"rendered":"<div class=\"flex_column av_one_full  flex_column_div av-zero-column-padding first  avia-builder-el-0  el_before_av_one_full  avia-builder-el-first  \" style='border-radius:0px; '><div  class='avia-image-container  av-styling-    avia-builder-el-1  avia-builder-el-no-sibling  avia-align-center '  itemprop=\"image\" itemscope=\"itemscope\" itemtype=\"https:\/\/schema.org\/ImageObject\"  ><div class='avia-image-container-inner'><div class='avia-image-overlay-wrap'><img decoding=\"async\" class='wp-image-49183 avia-img-lazy-loading-not-49183 avia_image' src=\"https:\/\/radiorevelacionfm.cl\/wp-content\/uploads\/2024\/12\/whatsapp-image-2024-12-26-at-10_optimized.47.53-1-1.jpg\" alt='' title='whatsapp-image-2024-12-26-at-10_optimized.47.53-(1) (1)' height=\"600\" width=\"800\"  itemprop=\"thumbnailUrl\" srcset=\"https:\/\/radiorevelacionfm.cl\/wp-content\/uploads\/2024\/12\/whatsapp-image-2024-12-26-at-10_optimized.47.53-1-1.jpg 800w, https:\/\/radiorevelacionfm.cl\/wp-content\/uploads\/2024\/12\/whatsapp-image-2024-12-26-at-10_optimized.47.53-1-1-300x225.jpg 300w, https:\/\/radiorevelacionfm.cl\/wp-content\/uploads\/2024\/12\/whatsapp-image-2024-12-26-at-10_optimized.47.53-1-1-768x576.jpg 768w, https:\/\/radiorevelacionfm.cl\/wp-content\/uploads\/2024\/12\/whatsapp-image-2024-12-26-at-10_optimized.47.53-1-1-705x529.jpg 705w, https:\/\/radiorevelacionfm.cl\/wp-content\/uploads\/2024\/12\/whatsapp-image-2024-12-26-at-10_optimized.47.53-1-1-450x338.jpg 450w, https:\/\/radiorevelacionfm.cl\/wp-content\/uploads\/2024\/12\/whatsapp-image-2024-12-26-at-10_optimized.47.53-1-1-600x450.jpg 600w\" sizes=\"(max-width: 800px) 100vw, 800px\" \/><\/div><\/div><\/div><\/div><div class=\"flex_column av_one_full  flex_column_div av-zero-column-padding first  avia-builder-el-2  el_after_av_one_full  el_before_av_one_full  column-top-margin\" style='border-radius:0px; '><section class=\"av_textblock_section \"  itemscope=\"itemscope\" itemtype=\"https:\/\/schema.org\/BlogPosting\" itemprop=\"blogPost\" ><div class='avia_textblock  '   itemprop=\"text\" ><p style=\"text-align: center;\"><strong><span style=\"font-size: 18pt;\">En Tortel impulsan capacitaci\u00f3n integral para fortalecer la gesti\u00f3n municipal<\/span><\/strong><\/p>\n<div id=\"gtx-trans\" style=\"position: absolute; left: -50px; top: 4.31534px;\">\n<div class=\"gtx-trans-icon\"><\/div>\n<\/div>\n<\/div><\/section><\/div><div class=\"flex_column av_one_full  flex_column_div av-zero-column-padding first  avia-builder-el-4  el_after_av_one_full  el_before_av_hr  column-top-margin\" style='border-radius:0px; '><section class=\"av_textblock_section \"  itemscope=\"itemscope\" itemtype=\"https:\/\/schema.org\/BlogPosting\" itemprop=\"blogPost\" ><div class='avia_textblock  '   itemprop=\"text\" ><p style=\"text-align: justify;\">Funcionarios(as) y concejales participaron en jornadas que abordaron temas clave como el presupuesto municipal, la Ley del Lobby y el combate al acoso laboral.<\/p>\n<p style=\"text-align: justify;\">Con el liderazgo de la alcaldesa Marisela Jim\u00e9nez Cruces y el Honorable Concejo Municipal, la Municipalidad de Tortel organiz\u00f3 una exitosa capacitaci\u00f3n integral para fortalecer las capacidades del equipo municipal. La actividad, desarrollada entre el 18 y el 20 de diciembre de 2024, tuvo como objetivo principal proporcionar herramientas que permitan mejorar la eficiencia y transparencia en la gesti\u00f3n, beneficiando directamente a la comunidad local.<\/p>\n<p style=\"text-align: justify;\">Durante tres jornadas intensivas, las y los participantes abordaron contenidos relacionados con el Estatuto Administrativo para funcionarios Municipales, la conducci\u00f3n de veh\u00edculos municipales, los aspectos pr\u00e1cticos del presupuesto municipal, y normativas clave como la Ley del Lobby y la Ley de Declaraci\u00f3n de Intereses y Patrimonio. Asimismo, se realiz\u00f3 un taller de sensibilizaci\u00f3n sobre la Ley 21.643, que busca prevenir y sancionar el acoso laboral, sexual y la violencia en el trabajo.<\/p>\n<p style=\"text-align: justify;\">\u201cLo que me motiv\u00f3 a impulsar esta iniciativa fue detectar falencias en procesos administrativos municipales y ver una oportunidad para fortalecer las capacidades de nuestros funcionarios y concejales. Esta capacitaci\u00f3n no solo nos permite trabajar con mayor eficiencia, sino tambi\u00e9n construir un Tortel m\u00e1s justo y transparente para nuestra comunidad\u201d, destac\u00f3 Marisela Jim\u00e9nez Cruces, alcaldesa de Tortel.<\/p>\n<p style=\"text-align: justify;\">Sebasti\u00e1n Guti\u00e9rrez, encargado de la Unidad de Turismo, expres\u00f3 la importancia de esta instancia formativa:<\/p>\n<p style=\"text-align: justify;\">\u201cEstas capacitaciones son una inversi\u00f3n en el futuro de nuestra comuna. Aprendimos sobre el marco legal que gu\u00eda nuestra labor, el manejo eficiente de recursos municipales y temas clave como la Ley del Lobby. Esto nos ayuda a ser m\u00e1s responsables y transparentes en nuestro trabajo diario junto a la comunidad\u201d.<\/p>\n<p style=\"text-align: justify;\">Por su parte, la concejala Carolina Maripill\u00e1n resalt\u00f3 el impacto de las jornadas:<\/p>\n<p style=\"text-align: justify;\">\u201cEs fundamental que las administraciones prioricen la capacitaci\u00f3n de sus equipos. Estas instancias no solo mejoran los procesos internos, sino que tambi\u00e9n fortalecen la relaci\u00f3n con la comunidad al garantizar un trabajo alineado con las normativas y los principios de participaci\u00f3n ciudadana\u201d.<\/p>\n<p style=\"text-align: justify;\">Esta capacitaci\u00f3n representa un paso significativo en el compromiso de la Municipalidad de Tortel por ofrecer una administraci\u00f3n moderna, profesional y cercana a las necesidades de la comunidad. El \u00e9xito de esta experiencia augura la realizaci\u00f3n de futuras iniciativas orientadas al desarrollo y fortalecimiento institucional.<\/p>\n<\/div><\/section><\/div><div  style='height:50px' class='hr hr-invisible   avia-builder-el-6  el_after_av_one_full  el_before_av_social_share '><span class='hr-inner ' ><span class='hr-inner-style'><\/span><\/span><\/div><\/p>\n<div  class='av-social-sharing-box  avia-builder-el-7  el_after_av_hr  el_before_av_hr  '><div class='av-share-box'><h5 class='av-share-link-description av-no-toc '>Compartir esta noticia<\/h5><ul class='av-share-box-list noLightbox'><li class='av-share-link av-social-link-facebook' ><a target=\"_blank\" aria-label=\"Compartir en Facebook\" href='https:\/\/www.facebook.com\/sharer.php?u=https:\/\/radiorevelacionfm.cl\/?p=49182&#038;t=En%20Tortel%20impulsan%20capacitaci%C3%B3n%20integral%20para%20fortalecer%20la%20gesti%C3%B3n%20municipal' aria-hidden='false' data-av_icon='\ue8f3' data-av_iconfont='entypo-fontello' title='' data-avia-related-tooltip='Compartir en Facebook' rel=\"noopener\"><span class='avia_hidden_link_text'>Compartir en Facebook<\/span><\/a><\/li><li class='av-share-link av-social-link-twitter' ><a target=\"_blank\" aria-label=\"Compartir en Twitter\" href='https:\/\/twitter.com\/share?text=En%20Tortel%20impulsan%20capacitaci%C3%B3n%20integral%20para%20fortalecer%20la%20gesti%C3%B3n%20municipal&#038;url=https:\/\/radiorevelacionfm.cl\/?p=49182' aria-hidden='false' data-av_icon='\ue8f1' data-av_iconfont='entypo-fontello' title='' data-avia-related-tooltip='Compartir en Twitter' rel=\"noopener\"><span class='avia_hidden_link_text'>Compartir en Twitter<\/span><\/a><\/li><li class='av-share-link av-social-link-whatsapp' ><a target=\"_blank\" aria-label=\"Compartir en Whatsapp\" href='https:\/\/api.whatsapp.com\/send?text=https:\/\/radiorevelacionfm.cl\/?p=49182' aria-hidden='false' data-av_icon='\uf232' data-av_iconfont='entypo-fontello' title='' data-avia-related-tooltip='Compartir en Whatsapp' rel=\"noopener\"><span class='avia_hidden_link_text'>Compartir en Whatsapp<\/span><\/a><\/li><li class='av-share-link av-social-link-linkedin' ><a target=\"_blank\" aria-label=\"Compartir en LinkedIn\" href='https:\/\/linkedin.com\/shareArticle?mini=true&#038;title=En%20Tortel%20impulsan%20capacitaci%C3%B3n%20integral%20para%20fortalecer%20la%20gesti%C3%B3n%20municipal&#038;url=https:\/\/radiorevelacionfm.cl\/?p=49182' aria-hidden='false' data-av_icon='\ue8fc' data-av_iconfont='entypo-fontello' title='' data-avia-related-tooltip='Compartir en LinkedIn' rel=\"noopener\"><span class='avia_hidden_link_text'>Compartir en LinkedIn<\/span><\/a><\/li><li class='av-share-link av-social-link-mail' ><a  aria-label=\"Compartir por correo\" href='mailto:?subject=En%20Tortel%20impulsan%20capacitaci%C3%B3n%20integral%20para%20fortalecer%20la%20gesti%C3%B3n%20municipal&#038;body=https:\/\/radiorevelacionfm.cl\/?p=49182' aria-hidden='false' data-av_icon='\ue805' data-av_iconfont='entypo-fontello' title='' data-avia-related-tooltip='Compartir por correo'><span class='avia_hidden_link_text'>Compartir por correo<\/span><\/a><\/li><\/ul><\/div><\/div>\n<div  style='height:50px' class='hr hr-invisible   avia-builder-el-8  el_after_av_social_share  el_before_av_comments_list '><span class='hr-inner ' ><span class='hr-inner-style'><\/span><\/span><\/div>\n<div  class='av-buildercomment  av-blog-meta-html-info-disabled av-blog-meta-tag-disabled  '><\/div>\n","protected":false},"excerpt":{"rendered":"","protected":false},"author":1,"featured_media":49183,"comment_status":"open","ping_status":"open","sticky":false,"template":"","format":"standard","meta":{"footnotes":""},"categories":[38],"tags":[],"class_list":["post-49182","post","type-post","status-publish","format-standard","has-post-thumbnail","hentry","category-regional"],"jetpack_featured_media_url":"https:\/\/radiorevelacionfm.cl\/wp-content\/uploads\/2024\/12\/whatsapp-image-2024-12-26-at-10_optimized.47.53-1-1.jpg","_links":{"self":[{"href":"https:\/\/radiorevelacionfm.cl\/index.php?rest_route=\/wp\/v2\/posts\/49182","targetHints":{"allow":["GET"]}}],"collection":[{"href":"https:\/\/radiorevelacionfm.cl\/index.php?rest_route=\/wp\/v2\/posts"}],"about":[{"href":"https:\/\/radiorevelacionfm.cl\/index.php?rest_route=\/wp\/v2\/types\/post"}],"author":[{"embeddable":true,"href":"https:\/\/radiorevelacionfm.cl\/index.php?rest_route=\/wp\/v2\/users\/1"}],"replies":[{"embeddable":true,"href":"https:\/\/radiorevelacionfm.cl\/index.php?rest_route=%2Fwp%2Fv2%2Fcomments&post=49182"}],"version-history":[{"count":1,"href":"https:\/\/radiorevelacionfm.cl\/index.php?rest_route=\/wp\/v2\/posts\/49182\/revisions"}],"predecessor-version":[{"id":49184,"href":"https:\/\/radiorevelacionfm.cl\/index.php?rest_route=\/wp\/v2\/posts\/49182\/revisions\/49184"}],"wp:featuredmedia":[{"embeddable":true,"href":"https:\/\/radiorevelacionfm.cl\/index.php?rest_route=\/wp\/v2\/media\/49183"}],"wp:attachment":[{"href":"https:\/\/radiorevelacionfm.cl\/index.php?rest_route=%2Fwp%2Fv2%2Fmedia&parent=49182"}],"wp:term":[{"taxonomy":"category","embeddable":true,"href":"https:\/\/radiorevelacionfm.cl\/index.php?rest_route=%2Fwp%2Fv2%2Fcategories&post=49182"},{"taxonomy":"post_tag","embeddable":true,"href":"https:\/\/radiorevelacionfm.cl\/index.php?rest_route=%2Fwp%2Fv2%2Ftags&post=49182"}],"curies":[{"name":"wp","href":"https:\/\/api.w.org\/{rel}","templated":true}]}}