{"id":49176,"date":"2024-12-26T09:50:31","date_gmt":"2024-12-26T12:50:31","guid":{"rendered":"https:\/\/radiorevelacionfm.cl\/?p=49176"},"modified":"2024-12-26T09:50:31","modified_gmt":"2024-12-26T12:50:31","slug":"codeff-aysen-responde-duramente-a-declaraciones-del-ceo-de-empresa-salmonera-cooke-aquaculture","status":"publish","type":"post","link":"https:\/\/radiorevelacionfm.cl\/?p=49176","title":{"rendered":"CODEFF Ays\u00e9n responde duramente a declaraciones del CEO de empresa salmonera Cooke Aquaculture"},"content":{"rendered":"<div class=\"flex_column av_one_full  flex_column_div av-zero-column-padding first  avia-builder-el-0  el_before_av_one_full  avia-builder-el-first  \" style='border-radius:0px; '><div  class='avia-image-container  av-styling-    avia-builder-el-1  avia-builder-el-no-sibling  avia-align-center '  itemprop=\"image\" itemscope=\"itemscope\" itemtype=\"https:\/\/schema.org\/ImageObject\"  ><div class='avia-image-container-inner'><div class='avia-image-overlay-wrap'><img decoding=\"async\" class='wp-image-49177 avia-img-lazy-loading-not-49177 avia_image' src=\"https:\/\/radiorevelacionfm.cl\/wp-content\/uploads\/2024\/12\/salmoneras-4-1_optimized-1.jpg\" alt='' title='salmoneras-4-(1)_optimized (1)' height=\"600\" width=\"800\"  itemprop=\"thumbnailUrl\" srcset=\"https:\/\/radiorevelacionfm.cl\/wp-content\/uploads\/2024\/12\/salmoneras-4-1_optimized-1.jpg 800w, https:\/\/radiorevelacionfm.cl\/wp-content\/uploads\/2024\/12\/salmoneras-4-1_optimized-1-300x225.jpg 300w, https:\/\/radiorevelacionfm.cl\/wp-content\/uploads\/2024\/12\/salmoneras-4-1_optimized-1-768x576.jpg 768w, https:\/\/radiorevelacionfm.cl\/wp-content\/uploads\/2024\/12\/salmoneras-4-1_optimized-1-705x529.jpg 705w, https:\/\/radiorevelacionfm.cl\/wp-content\/uploads\/2024\/12\/salmoneras-4-1_optimized-1-450x338.jpg 450w, https:\/\/radiorevelacionfm.cl\/wp-content\/uploads\/2024\/12\/salmoneras-4-1_optimized-1-600x450.jpg 600w\" sizes=\"(max-width: 800px) 100vw, 800px\" \/><\/div><\/div><\/div><\/div>\n<div class=\"flex_column av_one_full  flex_column_div av-zero-column-padding first  avia-builder-el-2  el_after_av_one_full  el_before_av_one_full  column-top-margin\" style='border-radius:0px; '><section class=\"av_textblock_section \"  itemscope=\"itemscope\" itemtype=\"https:\/\/schema.org\/BlogPosting\" itemprop=\"blogPost\" ><div class='avia_textblock  '   itemprop=\"text\" ><p style=\"text-align: center;\"><strong><span style=\"font-size: 18pt;\">CODEFF Ays\u00e9n responde duramente a declaraciones del CEO de empresa salmonera Cooke Aquaculture<\/span><\/strong><\/p>\n<div id=\"gtx-trans\" style=\"position: absolute; left: -50px; top: 4.31534px;\">\n<div class=\"gtx-trans-icon\"><\/div>\n<\/div>\n<\/div><\/section><\/div><div class=\"flex_column av_one_full  flex_column_div av-zero-column-padding first  avia-builder-el-4  el_after_av_one_full  el_before_av_hr  column-top-margin\" style='border-radius:0px; '><section class=\"av_textblock_section \"  itemscope=\"itemscope\" itemtype=\"https:\/\/schema.org\/BlogPosting\" itemprop=\"blogPost\" ><div class='avia_textblock  '   itemprop=\"text\" ><p style=\"text-align: justify;\">Respecto a las declaraciones del CEO de la empresa salmonera Cooke Aquaculture, Andres Parodi, en medios nacionales y Salmon Expert, de que ellos son una empresa reconocida por su compromiso ambiental, que los est\u00e1n persiguiendo injustamente, que eso es un atentado a la inversi\u00f3n extranjera, que no tienen operaciones en parques nacionales ni \u00e1reas protegidas y que no producen por sobre lo autorizado, vale responder lo siguiente;<\/p>\n<ol style=\"text-align: justify;\">\n<li>En el acuerdo que hubo en entre Cooke Aquaculture con el gobierno para la relocalizaci\u00f3n de cuatro concesiones, las 110225, 110228, 110259 y 110295, dice claramente que estas <u>se encuentran dentro del Parque Nacional Laguna San Rafael.<\/u> La ubicaci\u00f3n de esas concesiones dentro del parque nacional es verificable mediante el visualizador de mapas de la SUBPESCA y el Plano N\u00b0 XI-1-806 CR del Ministerio de Bienes Nacionales\/CONAF 1983 (catastro.cl). Vale agregar que, adem\u00e1s, todas las concesiones de Cooke Aquaculture <u>se encuentran en la Reserva de la Biosfera Laguna San Rafael (UNESCO<\/u>) en \u00e1rea n\u00facleo y de amortiguaci\u00f3n marina, las que no permite eso industrial y <u>est\u00e1n en Zona Tur\u00edstica y de Protecci\u00f3n de la Zonificaci\u00f3n del Borde Costero de la Regi\u00f3n de Ays\u00e9n.<\/u><\/li>\n<li>En virtud del acuerdo con el gobierno ya fueron relocalizados por Res.Ex. 2488\/2013 dos de esos centros, los cuales en rigor estaban caducables y se encuentran hipotecados en un banco extranjero.<\/li>\n<li>Existe un procedimiento sancionatorio D-096-2018 de 2021 por parte de la Superintendencia del Medio Ambiente a dos de los centros mencionados, Huillines 2 y 3, por estar un tercio fuera de sus concesiones, residuos s\u00f3lidos y sobreproducci\u00f3n en m\u00e1s de 6.000 toneladas sin contar con resoluci\u00f3n de calificaci\u00f3n ambiental para ello. Esos centros solo cuentan con proyecto t\u00e9cnico autorizado para producir 350 y 375 anuales. Desde el inicio del procedimiento sancionatorio, por el cual la empresa ha recurrido a recurso de protecci\u00f3n, llegando hasta la Corte Suprema, con resultado en contra, han continuado sobreproduciendo y cosechando 13.6287 tons. sobre lo autorizado, por lo cual ameritan ser clausurados.<\/li>\n<li>Cooke Acuaqulture no solo tiene problemas en Chile, tambi\u00e9n los tiene en el estado de Maine en Estados Unidos, donde son acusados por violar disposiciones legales y permisos.<\/li>\n<\/ol>\n<p style=\"text-align: justify;\">Adem\u00e1s, es impresentable como este CEO de una empresa extranjera que usufruct\u00faa de \u00e1reas protegidas, bienes nacionales chilenos, y una Reserva de la Bi\u00f3sfera, tergiversa y falsea informaci\u00f3n y amenaza impunemente, con una incre\u00edble prepotencia, a trav\u00e9s de los medios de comunicaci\u00f3n que se prestan a ello.<\/p>\n<\/div><\/section><\/div><\/p>\n<div  style='height:50px' class='hr hr-invisible   avia-builder-el-6  el_after_av_one_full  el_before_av_social_share '><span class='hr-inner ' ><span class='hr-inner-style'><\/span><\/span><\/div>\n<div  class='av-social-sharing-box  avia-builder-el-7  el_after_av_hr  el_before_av_hr  '><div class='av-share-box'><h5 class='av-share-link-description av-no-toc '>Compartir esta noticia<\/h5><ul class='av-share-box-list noLightbox'><li class='av-share-link av-social-link-facebook' ><a target=\"_blank\" aria-label=\"Compartir en Facebook\" href='https:\/\/www.facebook.com\/sharer.php?u=https:\/\/radiorevelacionfm.cl\/?p=49176&#038;t=CODEFF%20Ays%C3%A9n%20responde%20duramente%20a%20declaraciones%20del%20CEO%20de%20empresa%20salmonera%20Cooke%20Aquaculture' aria-hidden='false' data-av_icon='\ue8f3' data-av_iconfont='entypo-fontello' title='' data-avia-related-tooltip='Compartir en Facebook' rel=\"noopener\"><span class='avia_hidden_link_text'>Compartir en Facebook<\/span><\/a><\/li><li class='av-share-link av-social-link-twitter' ><a target=\"_blank\" aria-label=\"Compartir en Twitter\" href='https:\/\/twitter.com\/share?text=CODEFF%20Ays%C3%A9n%20responde%20duramente%20a%20declaraciones%20del%20CEO%20de%20empresa%20salmonera%20Cooke%20Aquaculture&#038;url=https:\/\/radiorevelacionfm.cl\/?p=49176' aria-hidden='false' data-av_icon='\ue8f1' data-av_iconfont='entypo-fontello' title='' data-avia-related-tooltip='Compartir en Twitter' rel=\"noopener\"><span class='avia_hidden_link_text'>Compartir en Twitter<\/span><\/a><\/li><li class='av-share-link av-social-link-whatsapp' ><a target=\"_blank\" aria-label=\"Compartir en Whatsapp\" href='https:\/\/api.whatsapp.com\/send?text=https:\/\/radiorevelacionfm.cl\/?p=49176' aria-hidden='false' data-av_icon='\uf232' data-av_iconfont='entypo-fontello' title='' data-avia-related-tooltip='Compartir en Whatsapp' rel=\"noopener\"><span class='avia_hidden_link_text'>Compartir en Whatsapp<\/span><\/a><\/li><li class='av-share-link av-social-link-linkedin' ><a target=\"_blank\" aria-label=\"Compartir en LinkedIn\" href='https:\/\/linkedin.com\/shareArticle?mini=true&#038;title=CODEFF%20Ays%C3%A9n%20responde%20duramente%20a%20declaraciones%20del%20CEO%20de%20empresa%20salmonera%20Cooke%20Aquaculture&#038;url=https:\/\/radiorevelacionfm.cl\/?p=49176' aria-hidden='false' data-av_icon='\ue8fc' data-av_iconfont='entypo-fontello' title='' data-avia-related-tooltip='Compartir en LinkedIn' rel=\"noopener\"><span class='avia_hidden_link_text'>Compartir en LinkedIn<\/span><\/a><\/li><li class='av-share-link av-social-link-mail' ><a  aria-label=\"Compartir por correo\" href='mailto:?subject=CODEFF%20Ays%C3%A9n%20responde%20duramente%20a%20declaraciones%20del%20CEO%20de%20empresa%20salmonera%20Cooke%20Aquaculture&#038;body=https:\/\/radiorevelacionfm.cl\/?p=49176' aria-hidden='false' data-av_icon='\ue805' data-av_iconfont='entypo-fontello' title='' data-avia-related-tooltip='Compartir por correo'><span class='avia_hidden_link_text'>Compartir por correo<\/span><\/a><\/li><\/ul><\/div><\/div>\n<div  style='height:50px' class='hr hr-invisible   avia-builder-el-8  el_after_av_social_share  el_before_av_comments_list '><span class='hr-inner ' ><span class='hr-inner-style'><\/span><\/span><\/div>\n<div  class='av-buildercomment  av-blog-meta-html-info-disabled av-blog-meta-tag-disabled  '><\/div>\n","protected":false},"excerpt":{"rendered":"","protected":false},"author":1,"featured_media":49177,"comment_status":"open","ping_status":"open","sticky":false,"template":"","format":"standard","meta":{"footnotes":""},"categories":[60],"tags":[],"class_list":["post-49176","post","type-post","status-publish","format-standard","has-post-thumbnail","hentry","category-pesca"],"jetpack_featured_media_url":"https:\/\/radiorevelacionfm.cl\/wp-content\/uploads\/2024\/12\/salmoneras-4-1_optimized-1.jpg","_links":{"self":[{"href":"https:\/\/radiorevelacionfm.cl\/index.php?rest_route=\/wp\/v2\/posts\/49176","targetHints":{"allow":["GET"]}}],"collection":[{"href":"https:\/\/radiorevelacionfm.cl\/index.php?rest_route=\/wp\/v2\/posts"}],"about":[{"href":"https:\/\/radiorevelacionfm.cl\/index.php?rest_route=\/wp\/v2\/types\/post"}],"author":[{"embeddable":true,"href":"https:\/\/radiorevelacionfm.cl\/index.php?rest_route=\/wp\/v2\/users\/1"}],"replies":[{"embeddable":true,"href":"https:\/\/radiorevelacionfm.cl\/index.php?rest_route=%2Fwp%2Fv2%2Fcomments&post=49176"}],"version-history":[{"count":3,"href":"https:\/\/radiorevelacionfm.cl\/index.php?rest_route=\/wp\/v2\/posts\/49176\/revisions"}],"predecessor-version":[{"id":49180,"href":"https:\/\/radiorevelacionfm.cl\/index.php?rest_route=\/wp\/v2\/posts\/49176\/revisions\/49180"}],"wp:featuredmedia":[{"embeddable":true,"href":"https:\/\/radiorevelacionfm.cl\/index.php?rest_route=\/wp\/v2\/media\/49177"}],"wp:attachment":[{"href":"https:\/\/radiorevelacionfm.cl\/index.php?rest_route=%2Fwp%2Fv2%2Fmedia&parent=49176"}],"wp:term":[{"taxonomy":"category","embeddable":true,"href":"https:\/\/radiorevelacionfm.cl\/index.php?rest_route=%2Fwp%2Fv2%2Fcategories&post=49176"},{"taxonomy":"post_tag","embeddable":true,"href":"https:\/\/radiorevelacionfm.cl\/index.php?rest_route=%2Fwp%2Fv2%2Ftags&post=49176"}],"curies":[{"name":"wp","href":"https:\/\/api.w.org\/{rel}","templated":true}]}}