{"id":49173,"date":"2024-12-26T09:55:51","date_gmt":"2024-12-26T12:55:51","guid":{"rendered":"https:\/\/radiorevelacionfm.cl\/?p=49173"},"modified":"2024-12-26T09:59:15","modified_gmt":"2024-12-26T12:59:15","slug":"cierran-exitosa-campana-de-recoleccion-de-pilas-en-la-comuna-de-aysen","status":"publish","type":"post","link":"https:\/\/radiorevelacionfm.cl\/?p=49173","title":{"rendered":"Cierran exitosa campa\u00f1a de recolecci\u00f3n de pilas en la comuna de Ays\u00e9n"},"content":{"rendered":"<div class=\"flex_column av_one_full  flex_column_div av-zero-column-padding first  avia-builder-el-0  el_before_av_one_full  avia-builder-el-first  \" style='border-radius:0px; '><div  class='avia-image-container  av-styling-    avia-builder-el-1  avia-builder-el-no-sibling  avia-align-center '  itemprop=\"image\" itemscope=\"itemscope\" itemtype=\"https:\/\/schema.org\/ImageObject\"  ><div class='avia-image-container-inner'><div class='avia-image-overlay-wrap'><img decoding=\"async\" class='wp-image-49174 avia-img-lazy-loading-not-49174 avia_image' src=\"https:\/\/radiorevelacionfm.cl\/wp-content\/uploads\/2024\/12\/cierre-pilas-aysen1-1-1_optimized-2.jpeg\" alt='' title='cierre-pilas-ays\u00e9n1-(1)-(1)_optimized (2)' height=\"600\" width=\"800\"  itemprop=\"thumbnailUrl\" srcset=\"https:\/\/radiorevelacionfm.cl\/wp-content\/uploads\/2024\/12\/cierre-pilas-aysen1-1-1_optimized-2.jpeg 800w, https:\/\/radiorevelacionfm.cl\/wp-content\/uploads\/2024\/12\/cierre-pilas-aysen1-1-1_optimized-2-300x225.jpeg 300w, https:\/\/radiorevelacionfm.cl\/wp-content\/uploads\/2024\/12\/cierre-pilas-aysen1-1-1_optimized-2-768x576.jpeg 768w, https:\/\/radiorevelacionfm.cl\/wp-content\/uploads\/2024\/12\/cierre-pilas-aysen1-1-1_optimized-2-705x529.jpeg 705w, https:\/\/radiorevelacionfm.cl\/wp-content\/uploads\/2024\/12\/cierre-pilas-aysen1-1-1_optimized-2-450x338.jpeg 450w, https:\/\/radiorevelacionfm.cl\/wp-content\/uploads\/2024\/12\/cierre-pilas-aysen1-1-1_optimized-2-600x450.jpeg 600w\" sizes=\"(max-width: 800px) 100vw, 800px\" \/><\/div><\/div><\/div><\/div><div class=\"flex_column av_one_full  flex_column_div av-zero-column-padding first  avia-builder-el-2  el_after_av_one_full  el_before_av_one_full  column-top-margin\" style='border-radius:0px; '><section class=\"av_textblock_section \"  itemscope=\"itemscope\" itemtype=\"https:\/\/schema.org\/BlogPosting\" itemprop=\"blogPost\" ><div class='avia_textblock  '   itemprop=\"text\" ><p style=\"text-align: center;\"><strong><span style=\"font-size: 18pt;\">Cierran exitosa campa\u00f1a de recolecci\u00f3n de pilas en la comuna de Ays\u00e9n<\/span><\/strong><\/p>\n<div id=\"gtx-trans\" style=\"position: absolute; left: -50px; top: 4.31534px;\">\n<div class=\"gtx-trans-icon\"><\/div>\n<\/div>\n<\/div><\/section><\/div><div class=\"flex_column av_one_full  flex_column_div av-zero-column-padding first  avia-builder-el-4  el_after_av_one_full  el_before_av_hr  column-top-margin\" style='border-radius:0px; '><section class=\"av_textblock_section \"  itemscope=\"itemscope\" itemtype=\"https:\/\/schema.org\/BlogPosting\" itemprop=\"blogPost\" ><div class='avia_textblock  '   itemprop=\"text\" ><p style=\"text-align: justify;\">La campa\u00f1a que ya cumple 8 a\u00f1os en ejecuci\u00f3n dentro de la regi\u00f3n de Ays\u00e9n, tiene como objetivo principal el retiro y manejo responsable de pilas, evitando que estos residuos altamente contaminantes terminen en el entorno natural. Gracias al compromiso de la comunidad y la colaboraci\u00f3n de instituciones aliadas, se han retirado m\u00e1s de 5 toneladas de pilas en este per\u00edodo, contribuyendo a la protecci\u00f3n de la Patagonia.<\/p>\n<p style=\"text-align: justify;\">En ese sentido, Yasna Vera ejecutiva de Edelaysen destac\u00f3: \u201cCada a\u00f1o logramos recolectar miles de pilas, y esta cifra de m\u00e1s de 5 toneladas acumuladas en los 8 a\u00f1os que llevamos impulsando esta iniciativa, demuestra el esfuerzo conjunto de nuestra comunidad por un futuro m\u00e1s limpio y sostenible\u201d.<\/p>\n<p style=\"text-align: justify;\">El cierre de la campa\u00f1a en Puerto Ays\u00e9n se desarroll\u00f3 en las instalaciones de la central hidroel\u00e9ctrica de Puerto Ays\u00e9n, la que cont\u00f3 con representantes de la Municipalidad, Concejo Municipal y empresas Bahamondes, quienes destacaron la importancia de la protecci\u00f3n y el cuidado del medio ambiente.<\/p>\n<p style=\"text-align: justify;\">Por su parte, y ya pensando en lo que ser\u00e1 el trabajo del pr\u00f3ximo a\u00f1o, B\u00e1rbara Weisser de Empresas Bahamondes agreg\u00f3 que: \u201cCreemos que el pr\u00f3ximo a\u00f1o 2025 va a ser a\u00fan mejor, pretendemos que lleguen m\u00e1s pilas, sumar a m\u00e1s localidades tambi\u00e9n, en la recolecci\u00f3n de las pilas y residuos peligrosos en general y en eso es fundamental la municipalidad tambi\u00e9n para llegar a localidades como Huichas, Villa Ma\u00f1ihuales, Los Torreones, entre otros sectores de la comuna de Ays\u00e9n y Empresas Bahamondes va a estar ah\u00ed apoyando en la recolecci\u00f3n, en la instalaci\u00f3n de puntos verdes, contenedores y en lo que sea necesario\u201d.<\/p>\n<p style=\"text-align: justify;\">Carolina Pacheco, encargada de medio ambiente y proyectos de la I. Municipalidad de Ays\u00e9n mencion\u00f3 que: \u201cCulminando la campa\u00f1a \u201cPatagonia ponte las pilas\u201d podemos sacar como resultado algo muy exitoso. Desde el municipio estamos haciendo esta alianza con el mundo privado, tanto con Edelaysen como con Empresas Bahamondes, donde fue una campa\u00f1a extensa que tuvo la participaci\u00f3n de toda la comunidad, nosotros como municipio tambi\u00e9n tuvimos varios puntos de recolecci\u00f3n de pilas, participando tanto funcionarios como personas externas. Nos parece muy bien que se d\u00e9 una correcta disposici\u00f3n final a este tipo de residuos y que tambi\u00e9n se tome conciencia del peligro que genera si se disponen en cualquier otro lugar as\u00ed que felices, contentos y esperando tambi\u00e9n una pr\u00f3xima campa\u00f1a\u201d.<\/p>\n<p style=\"text-align: justify;\">La ceremonia culmin\u00f3 con el pesaje de las pilas recolectadas en la comuna, registrando aproximadamente 300 kilos, los cuales se sumar\u00e1n al pesaje final que Edelaysen est\u00e1 preparando y que ser\u00e1 dado a conocer en los pr\u00f3ximos d\u00edas.<\/p>\n<\/div><\/section><\/div><div  style='height:50px' class='hr hr-invisible   avia-builder-el-6  el_after_av_one_full  el_before_av_social_share '><span class='hr-inner ' ><span class='hr-inner-style'><\/span><\/span><\/div><\/p>\n<div  class='av-social-sharing-box  avia-builder-el-7  el_after_av_hr  el_before_av_hr  '><div class='av-share-box'><h5 class='av-share-link-description av-no-toc '>Compartir esta noticia<\/h5><ul class='av-share-box-list noLightbox'><li class='av-share-link av-social-link-facebook' ><a target=\"_blank\" aria-label=\"Compartir en Facebook\" href='https:\/\/www.facebook.com\/sharer.php?u=https:\/\/radiorevelacionfm.cl\/?p=49173&#038;t=Cierran%20exitosa%20campa%C3%B1a%20de%20recolecci%C3%B3n%20de%20pilas%20en%20la%20comuna%20de%20Ays%C3%A9n' aria-hidden='false' data-av_icon='\ue8f3' data-av_iconfont='entypo-fontello' title='' data-avia-related-tooltip='Compartir en Facebook' rel=\"noopener\"><span class='avia_hidden_link_text'>Compartir en Facebook<\/span><\/a><\/li><li class='av-share-link av-social-link-twitter' ><a target=\"_blank\" aria-label=\"Compartir en Twitter\" href='https:\/\/twitter.com\/share?text=Cierran%20exitosa%20campa%C3%B1a%20de%20recolecci%C3%B3n%20de%20pilas%20en%20la%20comuna%20de%20Ays%C3%A9n&#038;url=https:\/\/radiorevelacionfm.cl\/?p=49173' aria-hidden='false' data-av_icon='\ue8f1' data-av_iconfont='entypo-fontello' title='' data-avia-related-tooltip='Compartir en Twitter' rel=\"noopener\"><span class='avia_hidden_link_text'>Compartir en Twitter<\/span><\/a><\/li><li class='av-share-link av-social-link-whatsapp' ><a target=\"_blank\" aria-label=\"Compartir en Whatsapp\" href='https:\/\/api.whatsapp.com\/send?text=https:\/\/radiorevelacionfm.cl\/?p=49173' aria-hidden='false' data-av_icon='\uf232' data-av_iconfont='entypo-fontello' title='' data-avia-related-tooltip='Compartir en Whatsapp' rel=\"noopener\"><span class='avia_hidden_link_text'>Compartir en Whatsapp<\/span><\/a><\/li><li class='av-share-link av-social-link-linkedin' ><a target=\"_blank\" aria-label=\"Compartir en LinkedIn\" href='https:\/\/linkedin.com\/shareArticle?mini=true&#038;title=Cierran%20exitosa%20campa%C3%B1a%20de%20recolecci%C3%B3n%20de%20pilas%20en%20la%20comuna%20de%20Ays%C3%A9n&#038;url=https:\/\/radiorevelacionfm.cl\/?p=49173' aria-hidden='false' data-av_icon='\ue8fc' data-av_iconfont='entypo-fontello' title='' data-avia-related-tooltip='Compartir en LinkedIn' rel=\"noopener\"><span class='avia_hidden_link_text'>Compartir en LinkedIn<\/span><\/a><\/li><li class='av-share-link av-social-link-mail' ><a  aria-label=\"Compartir por correo\" href='mailto:?subject=Cierran%20exitosa%20campa%C3%B1a%20de%20recolecci%C3%B3n%20de%20pilas%20en%20la%20comuna%20de%20Ays%C3%A9n&#038;body=https:\/\/radiorevelacionfm.cl\/?p=49173' aria-hidden='false' data-av_icon='\ue805' data-av_iconfont='entypo-fontello' title='' data-avia-related-tooltip='Compartir por correo'><span class='avia_hidden_link_text'>Compartir por correo<\/span><\/a><\/li><\/ul><\/div><\/div>\n<div  style='height:50px' class='hr hr-invisible   avia-builder-el-8  el_after_av_social_share  el_before_av_comments_list '><span class='hr-inner ' ><span class='hr-inner-style'><\/span><\/span><\/div>\n<div  class='av-buildercomment  av-blog-meta-html-info-disabled av-blog-meta-tag-disabled  '><\/div>\n","protected":false},"excerpt":{"rendered":"","protected":false},"author":1,"featured_media":49174,"comment_status":"open","ping_status":"open","sticky":false,"template":"","format":"standard","meta":{"footnotes":""},"categories":[38],"tags":[],"class_list":["post-49173","post","type-post","status-publish","format-standard","has-post-thumbnail","hentry","category-regional"],"jetpack_featured_media_url":"https:\/\/radiorevelacionfm.cl\/wp-content\/uploads\/2024\/12\/cierre-pilas-aysen1-1-1_optimized-2.jpeg","_links":{"self":[{"href":"https:\/\/radiorevelacionfm.cl\/index.php?rest_route=\/wp\/v2\/posts\/49173","targetHints":{"allow":["GET"]}}],"collection":[{"href":"https:\/\/radiorevelacionfm.cl\/index.php?rest_route=\/wp\/v2\/posts"}],"about":[{"href":"https:\/\/radiorevelacionfm.cl\/index.php?rest_route=\/wp\/v2\/types\/post"}],"author":[{"embeddable":true,"href":"https:\/\/radiorevelacionfm.cl\/index.php?rest_route=\/wp\/v2\/users\/1"}],"replies":[{"embeddable":true,"href":"https:\/\/radiorevelacionfm.cl\/index.php?rest_route=%2Fwp%2Fv2%2Fcomments&post=49173"}],"version-history":[{"count":1,"href":"https:\/\/radiorevelacionfm.cl\/index.php?rest_route=\/wp\/v2\/posts\/49173\/revisions"}],"predecessor-version":[{"id":49175,"href":"https:\/\/radiorevelacionfm.cl\/index.php?rest_route=\/wp\/v2\/posts\/49173\/revisions\/49175"}],"wp:featuredmedia":[{"embeddable":true,"href":"https:\/\/radiorevelacionfm.cl\/index.php?rest_route=\/wp\/v2\/media\/49174"}],"wp:attachment":[{"href":"https:\/\/radiorevelacionfm.cl\/index.php?rest_route=%2Fwp%2Fv2%2Fmedia&parent=49173"}],"wp:term":[{"taxonomy":"category","embeddable":true,"href":"https:\/\/radiorevelacionfm.cl\/index.php?rest_route=%2Fwp%2Fv2%2Fcategories&post=49173"},{"taxonomy":"post_tag","embeddable":true,"href":"https:\/\/radiorevelacionfm.cl\/index.php?rest_route=%2Fwp%2Fv2%2Ftags&post=49173"}],"curies":[{"name":"wp","href":"https:\/\/api.w.org\/{rel}","templated":true}]}}