{"id":49170,"date":"2024-12-24T15:06:19","date_gmt":"2024-12-24T18:06:19","guid":{"rendered":"https:\/\/radiorevelacionfm.cl\/?p=49170"},"modified":"2024-12-24T15:06:19","modified_gmt":"2024-12-24T18:06:19","slug":"mas-de-cien-estudiantes-retornaron-a-aysen-en-vuelos-coordinados-por-los-ministerios-del-interior-y-defensa","status":"publish","type":"post","link":"https:\/\/radiorevelacionfm.cl\/?p=49170","title":{"rendered":"M\u00e1s de cien estudiantes retornaron a Ays\u00e9n en vuelos coordinados por los ministerios del Interior y Defensa"},"content":{"rendered":"<div class=\"flex_column av_one_full  flex_column_div av-zero-column-padding first  avia-builder-el-0  el_before_av_one_full  avia-builder-el-first  \" style='border-radius:0px; '><div  class='avia-image-container  av-styling-    avia-builder-el-1  avia-builder-el-no-sibling  avia-align-center '  itemprop=\"image\" itemscope=\"itemscope\" itemtype=\"https:\/\/schema.org\/ImageObject\"  ><div class='avia-image-container-inner'><div class='avia-image-overlay-wrap'><img decoding=\"async\" class='wp-image-49171 avia-img-lazy-loading-not-49171 avia_image' src=\"https:\/\/radiorevelacionfm.cl\/wp-content\/uploads\/2024\/12\/WhatsApp-Image-2024-12-23-at-10.25.00-AM-1-1-1.jpeg\" alt='' title='WhatsApp Image 2024-12-23 at 10.25.00 AM (1) (1) (1)' height=\"600\" width=\"800\"  itemprop=\"thumbnailUrl\" srcset=\"https:\/\/radiorevelacionfm.cl\/wp-content\/uploads\/2024\/12\/WhatsApp-Image-2024-12-23-at-10.25.00-AM-1-1-1.jpeg 800w, https:\/\/radiorevelacionfm.cl\/wp-content\/uploads\/2024\/12\/WhatsApp-Image-2024-12-23-at-10.25.00-AM-1-1-1-300x225.jpeg 300w, https:\/\/radiorevelacionfm.cl\/wp-content\/uploads\/2024\/12\/WhatsApp-Image-2024-12-23-at-10.25.00-AM-1-1-1-768x576.jpeg 768w, https:\/\/radiorevelacionfm.cl\/wp-content\/uploads\/2024\/12\/WhatsApp-Image-2024-12-23-at-10.25.00-AM-1-1-1-705x529.jpeg 705w, https:\/\/radiorevelacionfm.cl\/wp-content\/uploads\/2024\/12\/WhatsApp-Image-2024-12-23-at-10.25.00-AM-1-1-1-450x338.jpeg 450w, https:\/\/radiorevelacionfm.cl\/wp-content\/uploads\/2024\/12\/WhatsApp-Image-2024-12-23-at-10.25.00-AM-1-1-1-600x450.jpeg 600w\" sizes=\"(max-width: 800px) 100vw, 800px\" \/><\/div><\/div><\/div><\/div><div class=\"flex_column av_one_full  flex_column_div av-zero-column-padding first  avia-builder-el-2  el_after_av_one_full  el_before_av_one_full  column-top-margin\" style='border-radius:0px; '><section class=\"av_textblock_section \"  itemscope=\"itemscope\" itemtype=\"https:\/\/schema.org\/BlogPosting\" itemprop=\"blogPost\" ><div class='avia_textblock  '   itemprop=\"text\" ><p style=\"text-align: center;\"><strong><span style=\"font-size: 18pt;\">M\u00e1s de cien estudiantes retornaron a Ays\u00e9n en vuelos coordinados por los ministerios del Interior y Defensa<\/span><\/strong><\/p>\n<div id=\"gtx-trans\" style=\"position: absolute; left: -50px; top: 4.31534px;\">\n<div class=\"gtx-trans-icon\"><\/div>\n<\/div>\n<\/div><\/section><\/div><div class=\"flex_column av_one_full  flex_column_div av-zero-column-padding first  avia-builder-el-4  el_after_av_one_full  el_before_av_hr  column-top-margin\" style='border-radius:0px; '><section class=\"av_textblock_section \"  itemscope=\"itemscope\" itemtype=\"https:\/\/schema.org\/BlogPosting\" itemprop=\"blogPost\" ><div class='avia_textblock  '   itemprop=\"text\" ><p style=\"font-weight: 400; text-align: justify;\">M\u00e1s de cien alumnas y alumnos de la Regi\u00f3n de Ays\u00e9n, que cursan estudios superiores en otras regiones del pa\u00eds, retornaron este lunes a sus hogares, mediante una gesti\u00f3n conjunta de los ministerios del Interior y Defensa, a trav\u00e9s de la Fuerza A\u00e9rea de Chile (FACh).<\/p>\n<p style=\"font-weight: 400; text-align: justify;\">As\u00ed lo dio a conocer el Delegado Presidencial Regional de Ays\u00e9n, Jorge D\u00edaz Guzm\u00e1n, quien explic\u00f3 que este lunes se concretaron dos vuelos especiales procedentes desde las regiones Metropolitana y de Los Lagos, con alumnas y alumnos de diferentes puntos de la regi\u00f3n, que retornan al t\u00e9rmino de su a\u00f1o escolar.<\/p>\n<p style=\"font-weight: 400; text-align: justify;\">\u201cComo Gobierno en la Regi\u00f3n de Ays\u00e9n, desde la Delegaci\u00f3n Presidencial Regional, con\u00a0 nuestras delegaciones provinciales, logramos coordinar con el Ministerio de Defensa el vuelo para estudiantes universitarios. M\u00e1s de cien estudiantes fueron trasladados desde el norte del pa\u00eds a nuestra regi\u00f3n, para reencontrarse con sus familias y disfrutar estas fiestas de fin de a\u00f1o\u201d, indic\u00f3.<\/p>\n<p style=\"font-weight: 400; text-align: justify;\">Detall\u00f3 que los viajes se lograron mediante \u201cuna cooperaci\u00f3n que hacemos entre el Ministerio del Interior y Ministerio de Defensa que, en esta oportunidad, se materializ\u00f3 en dos vuelos con m\u00e1s de cien estudiantes que pudimos trasladar a sus respectivos hogares en la regi\u00f3n de Ays\u00e9n. Un abrazo a todos ellos y nuestro agradecimiento al Ministerio de Defensa y a su ministra Maya Fern\u00e1ndez\u201d.<\/p>\n<p style=\"font-weight: 400; text-align: justify;\">En este mismo sentido agradeci\u00f3 a todas las instituciones y personas que trabajaron en estos viajes especiales, realizados como una manera de contribuir con las familias ayseninas y con los procesos formativos de j\u00f3venes de esta regi\u00f3n.<\/p>\n<p style=\"font-weight: 400; text-align: justify;\">En total, 67 alumnas y alumnos abordaron la primera aeronave en el Aeropuerto Arturo Merino Ben\u00edtez de Santiago y 37 lo abordaron en El Tepual, en Puerto Montt, concretando el traslado de estudiantes para las festividades de finalizaci\u00f3n de a\u00f1o.<\/p>\n<\/div><\/section><\/div><div  style='height:50px' class='hr hr-invisible   avia-builder-el-6  el_after_av_one_full  el_before_av_social_share '><span class='hr-inner ' ><span class='hr-inner-style'><\/span><\/span><\/div><\/p>\n<div  class='av-social-sharing-box  avia-builder-el-7  el_after_av_hr  el_before_av_hr  '><div class='av-share-box'><h5 class='av-share-link-description av-no-toc '>Compartir esta noticia<\/h5><ul class='av-share-box-list noLightbox'><li class='av-share-link av-social-link-facebook' ><a target=\"_blank\" aria-label=\"Compartir en Facebook\" href='https:\/\/www.facebook.com\/sharer.php?u=https:\/\/radiorevelacionfm.cl\/?p=49170&#038;t=M%C3%A1s%20de%20cien%20estudiantes%20retornaron%20a%20Ays%C3%A9n%20en%20vuelos%20coordinados%20por%20los%20ministerios%20del%20Interior%20y%20Defensa' aria-hidden='false' data-av_icon='\ue8f3' data-av_iconfont='entypo-fontello' title='' data-avia-related-tooltip='Compartir en Facebook' rel=\"noopener\"><span class='avia_hidden_link_text'>Compartir en Facebook<\/span><\/a><\/li><li class='av-share-link av-social-link-twitter' ><a target=\"_blank\" aria-label=\"Compartir en Twitter\" href='https:\/\/twitter.com\/share?text=M%C3%A1s%20de%20cien%20estudiantes%20retornaron%20a%20Ays%C3%A9n%20en%20vuelos%20coordinados%20por%20los%20ministerios%20del%20Interior%20y%20Defensa&#038;url=https:\/\/radiorevelacionfm.cl\/?p=49170' aria-hidden='false' data-av_icon='\ue8f1' data-av_iconfont='entypo-fontello' title='' data-avia-related-tooltip='Compartir en Twitter' rel=\"noopener\"><span class='avia_hidden_link_text'>Compartir en Twitter<\/span><\/a><\/li><li class='av-share-link av-social-link-whatsapp' ><a target=\"_blank\" aria-label=\"Compartir en Whatsapp\" href='https:\/\/api.whatsapp.com\/send?text=https:\/\/radiorevelacionfm.cl\/?p=49170' aria-hidden='false' data-av_icon='\uf232' data-av_iconfont='entypo-fontello' title='' data-avia-related-tooltip='Compartir en Whatsapp' rel=\"noopener\"><span class='avia_hidden_link_text'>Compartir en Whatsapp<\/span><\/a><\/li><li class='av-share-link av-social-link-linkedin' ><a target=\"_blank\" aria-label=\"Compartir en LinkedIn\" href='https:\/\/linkedin.com\/shareArticle?mini=true&#038;title=M%C3%A1s%20de%20cien%20estudiantes%20retornaron%20a%20Ays%C3%A9n%20en%20vuelos%20coordinados%20por%20los%20ministerios%20del%20Interior%20y%20Defensa&#038;url=https:\/\/radiorevelacionfm.cl\/?p=49170' aria-hidden='false' data-av_icon='\ue8fc' data-av_iconfont='entypo-fontello' title='' data-avia-related-tooltip='Compartir en LinkedIn' rel=\"noopener\"><span class='avia_hidden_link_text'>Compartir en LinkedIn<\/span><\/a><\/li><li class='av-share-link av-social-link-mail' ><a  aria-label=\"Compartir por correo\" href='mailto:?subject=M%C3%A1s%20de%20cien%20estudiantes%20retornaron%20a%20Ays%C3%A9n%20en%20vuelos%20coordinados%20por%20los%20ministerios%20del%20Interior%20y%20Defensa&#038;body=https:\/\/radiorevelacionfm.cl\/?p=49170' aria-hidden='false' data-av_icon='\ue805' data-av_iconfont='entypo-fontello' title='' data-avia-related-tooltip='Compartir por correo'><span class='avia_hidden_link_text'>Compartir por correo<\/span><\/a><\/li><\/ul><\/div><\/div>\n<div  style='height:50px' class='hr hr-invisible   avia-builder-el-8  el_after_av_social_share  el_before_av_comments_list '><span class='hr-inner ' ><span class='hr-inner-style'><\/span><\/span><\/div>\n<div  class='av-buildercomment  av-blog-meta-html-info-disabled av-blog-meta-tag-disabled  '><\/div>\n","protected":false},"excerpt":{"rendered":"","protected":false},"author":1,"featured_media":49171,"comment_status":"open","ping_status":"open","sticky":false,"template":"","format":"standard","meta":{"footnotes":""},"categories":[38],"tags":[],"class_list":["post-49170","post","type-post","status-publish","format-standard","has-post-thumbnail","hentry","category-regional"],"jetpack_featured_media_url":"https:\/\/radiorevelacionfm.cl\/wp-content\/uploads\/2024\/12\/WhatsApp-Image-2024-12-23-at-10.25.00-AM-1-1-1.jpeg","_links":{"self":[{"href":"https:\/\/radiorevelacionfm.cl\/index.php?rest_route=\/wp\/v2\/posts\/49170","targetHints":{"allow":["GET"]}}],"collection":[{"href":"https:\/\/radiorevelacionfm.cl\/index.php?rest_route=\/wp\/v2\/posts"}],"about":[{"href":"https:\/\/radiorevelacionfm.cl\/index.php?rest_route=\/wp\/v2\/types\/post"}],"author":[{"embeddable":true,"href":"https:\/\/radiorevelacionfm.cl\/index.php?rest_route=\/wp\/v2\/users\/1"}],"replies":[{"embeddable":true,"href":"https:\/\/radiorevelacionfm.cl\/index.php?rest_route=%2Fwp%2Fv2%2Fcomments&post=49170"}],"version-history":[{"count":1,"href":"https:\/\/radiorevelacionfm.cl\/index.php?rest_route=\/wp\/v2\/posts\/49170\/revisions"}],"predecessor-version":[{"id":49172,"href":"https:\/\/radiorevelacionfm.cl\/index.php?rest_route=\/wp\/v2\/posts\/49170\/revisions\/49172"}],"wp:featuredmedia":[{"embeddable":true,"href":"https:\/\/radiorevelacionfm.cl\/index.php?rest_route=\/wp\/v2\/media\/49171"}],"wp:attachment":[{"href":"https:\/\/radiorevelacionfm.cl\/index.php?rest_route=%2Fwp%2Fv2%2Fmedia&parent=49170"}],"wp:term":[{"taxonomy":"category","embeddable":true,"href":"https:\/\/radiorevelacionfm.cl\/index.php?rest_route=%2Fwp%2Fv2%2Fcategories&post=49170"},{"taxonomy":"post_tag","embeddable":true,"href":"https:\/\/radiorevelacionfm.cl\/index.php?rest_route=%2Fwp%2Fv2%2Ftags&post=49170"}],"curies":[{"name":"wp","href":"https:\/\/api.w.org\/{rel}","templated":true}]}}