{"id":49167,"date":"2024-12-24T14:53:19","date_gmt":"2024-12-24T17:53:19","guid":{"rendered":"https:\/\/radiorevelacionfm.cl\/?p=49167"},"modified":"2024-12-24T14:53:19","modified_gmt":"2024-12-24T17:53:19","slug":"cochrane-recibe-segundo-helicoptero-para-combate-de-incendios-forestales-en-aysen","status":"publish","type":"post","link":"https:\/\/radiorevelacionfm.cl\/?p=49167","title":{"rendered":"Cochrane recibe segundo helic\u00f3ptero para combate de incendios forestales en Ays\u00e9n"},"content":{"rendered":"<div class=\"flex_column av_one_full  flex_column_div av-zero-column-padding first  avia-builder-el-0  el_before_av_one_full  avia-builder-el-first  \" style='border-radius:0px; '><div  class='avia-image-container  av-styling-    avia-builder-el-1  avia-builder-el-no-sibling  avia-align-center '  itemprop=\"image\" itemscope=\"itemscope\" itemtype=\"https:\/\/schema.org\/ImageObject\"  ><div class='avia-image-container-inner'><div class='avia-image-overlay-wrap'><img decoding=\"async\" class='wp-image-49168 avia-img-lazy-loading-not-49168 avia_image' src=\"https:\/\/radiorevelacionfm.cl\/wp-content\/uploads\/2024\/12\/foto-cochrane-03-1_optimized-1.jpeg\" alt='' title='foto-cochrane-03-(1)_optimized (1)' height=\"600\" width=\"800\"  itemprop=\"thumbnailUrl\" srcset=\"https:\/\/radiorevelacionfm.cl\/wp-content\/uploads\/2024\/12\/foto-cochrane-03-1_optimized-1.jpeg 800w, https:\/\/radiorevelacionfm.cl\/wp-content\/uploads\/2024\/12\/foto-cochrane-03-1_optimized-1-300x225.jpeg 300w, https:\/\/radiorevelacionfm.cl\/wp-content\/uploads\/2024\/12\/foto-cochrane-03-1_optimized-1-768x576.jpeg 768w, https:\/\/radiorevelacionfm.cl\/wp-content\/uploads\/2024\/12\/foto-cochrane-03-1_optimized-1-705x529.jpeg 705w, https:\/\/radiorevelacionfm.cl\/wp-content\/uploads\/2024\/12\/foto-cochrane-03-1_optimized-1-450x338.jpeg 450w, https:\/\/radiorevelacionfm.cl\/wp-content\/uploads\/2024\/12\/foto-cochrane-03-1_optimized-1-600x450.jpeg 600w\" sizes=\"(max-width: 800px) 100vw, 800px\" \/><\/div><\/div><\/div><\/div><div class=\"flex_column av_one_full  flex_column_div av-zero-column-padding first  avia-builder-el-2  el_after_av_one_full  el_before_av_one_full  column-top-margin\" style='border-radius:0px; '><section class=\"av_textblock_section \"  itemscope=\"itemscope\" itemtype=\"https:\/\/schema.org\/BlogPosting\" itemprop=\"blogPost\" ><div class='avia_textblock  '   itemprop=\"text\" ><p style=\"text-align: center;\"><span style=\"font-size: 18pt;\"><b>Cochrane recibe segundo helic\u00f3ptero para combate de incendios forestales en Ays\u00e9n<\/b><\/span><\/p>\n<div id=\"gtx-trans\" style=\"position: absolute; left: -50px; top: 4.31534px;\">\n<div class=\"gtx-trans-icon\"><\/div>\n<\/div>\n<\/div><\/section><\/div><div class=\"flex_column av_one_full  flex_column_div av-zero-column-padding first  avia-builder-el-4  el_after_av_one_full  el_before_av_hr  column-top-margin\" style='border-radius:0px; '><section class=\"av_textblock_section \"  itemscope=\"itemscope\" itemtype=\"https:\/\/schema.org\/BlogPosting\" itemprop=\"blogPost\" ><div class='avia_textblock  '   itemprop=\"text\" ><p style=\"text-align: justify;\">El delegado presidencial regional de Ays\u00e9n, Jorge D\u00edaz, junto a la y el delegado presidencial provincial de Capit\u00e1n Prat y General Carrera, Marta Montiel y Crist\u00f3bal Barcel\u00f3, respectivamente; el seremi de Agricultura, Eugenio Ruiz, el director regional de Conaf, Ronald Valenzuela; director de SAG, Julio Cerda; la alcaldesa de la Ilustre Municipalidad de Tortel, Marisela Jim\u00e9nez; los alcaldes de Cochrane y Villa O&#8217;Higgins, Patricio Ulloa y Jos\u00e9 Fica; en compa\u00f1\u00eda de Bomberos, Carabineros y brigadistas Conaf, anunci\u00f3 este viernes 20 de diciembre el inicio de operatividad del segundo recurso a\u00e9reo asignado a la regi\u00f3n de Ays\u00e9n, con base en el aer\u00f3dromo de Cochrane.<\/p>\n<p style=\"text-align: justify;\">De esta manera, este segundo recurso a\u00e9reo se suma al primero de base helitransportada en Coyhaique, recibido el pasado 1 de diciembre. Se trata de un AS350-B3, de la compa\u00f1\u00eda\u00a0Airbus Helicopters, el cual es vers\u00e1til y de alto rendimiento ante las operaciones de combate de incendios forestales, dado que posee una autonom\u00eda de 3 horas y cuenta con una capacidad de 6 personas para el transporte.<\/p>\n<p style=\"text-align: justify;\">Por otro lado, posee un sistema de descarga\u00a0Bambi Bucket\u00a0con capacidad de descarga de 1000 litros, y un sistema de recarga autom\u00e1tico que permite cargar el\u00a0Bambi\u00a0en 2 minutos. Adem\u00e1s, incluye l\u00ednea de 15 y 50 metros de Linga para una mayor efectividad en la extinci\u00f3n de incendios forestales, y cuenta con equipo de radio de frecuencia muy alta y con navegador GPS.<\/p>\n<p style=\"text-align: justify;\">Con especial \u00e9nfasis en fortalecer la seguridad p\u00fablica al sur de la regi\u00f3n, en la provincia Capit\u00e1n Prat, la jornada inici\u00f3 con sesi\u00f3n del Comit\u00e9 para la Gesti\u00f3n de Riesgo de Desastres (COGRID), destinada a la coordinaci\u00f3n entre instituciones, en la que para sus efectos se sum\u00f3 Senapred, Armada de Chile, Brife del Ej\u00e9rcito y Hospital provincial.<\/p>\n<p style=\"text-align: justify;\">El delegado presidencial regional, Jorge D\u00edaz, detall\u00f3 que \u00abestamos muy satisfechos de recibir esta aeronave. Para nuestro Gobierno es muy importante esta gesti\u00f3n, por lo que agradecemos la decisi\u00f3n del presidente de la Rep\u00fablica, Gabriel Boric, al haber dispuesto de este Plan que se ha implementado en todo el pa\u00eds, pero en esta provincia es muy relevante porque es una zona remota y por lo tanto vamos a poder enfrentar de mejor manera toda emergencia que tenga que ver con incendios forestales\u00bb.<\/p>\n<p style=\"text-align: justify;\">Para el seremi de Agricultura, Eugenio Ruiz, el llamado del Ministerio de Agricultura sostiene que \u00abprevenir es mejor que lamentar. Por lo que insistimos a toda la comunidad a tener acciones de prevenci\u00f3n, especialmente aquellos que est\u00e1n en la interfaz de la ciudad. En Cochrane tenemos bosques de pino que pueden verse involucrados r\u00e1pidamente en una emergencia si no tomamos las medidas pertinentes. Hay que tener presente que con el fuego no se juega. Adem\u00e1s, las oficinas regionales de Conaf est\u00e1n abiertas para la ciudadan\u00eda, en caso de cualquier duda o requerimiento en este sentido\u00bb.<\/p>\n<p style=\"text-align: justify;\">De esta manera, autoridades se refirieron al plan robusto para enfrentar el per\u00edodo de mayor ocurrencia de incendios forestales, con especial presencia estrat\u00e9gica de 16 brigadas desplegadas desde La Junta Villa O`Higgins. A ello, adem\u00e1s de ambos recursos a\u00e9reos, se suman veh\u00edculos de alta capacidad y equipamiento tecnol\u00f3gico avanzado.<\/p>\n<p style=\"text-align: justify;\">\u00abConaf tambi\u00e9n cuenta con dispositivos tecnol\u00f3gicos que permiten visualizar la detecci\u00f3n de momentos y lugares con mayor probabilidad de ocurrencia de incendios. Los recursos son suficientes y adecuados para hacer frente a este per\u00edodo, pero son \u00fatiles si el principal aliado, la ciudadan\u00eda, se involucra en la prevenci\u00f3n de manera responsable, con un comportamiento adecuado. Hay vidas humanas y patrimonio ambiental en juego\u00bb, indic\u00f3 el director regional de Conaf, Ronald Valenzuela.<\/p>\n<p style=\"text-align: justify;\">De igual manera, la alcaldesa de Tortel, Marisela Jim\u00e9nez, detall\u00f3 que \u00abcomo comuna tenemos condiciones geogr\u00e1ficas bastante dificultosas para poder enfrentar un incendio forestal. Se agradece la iniciativa de Gobierno en poder contar con un helic\u00f3ptero que permita enfrentar eventuales situaciones de emergencia. No hemos tenido registros similares en Tortel, pero es fundamental contar con este equipamiento y estar preparados\u00bb.<\/p>\n<p style=\"text-align: justify;\">En materia de prevenci\u00f3n regional, con un enfoque prioritario en la protecci\u00f3n de las personas y la preservaci\u00f3n de los ecosistemas boscosos, durante el segundo semestre del a\u00f1o en curso de realiz\u00f3 una especial movilizaci\u00f3n anticipada de brigadas, adem\u00e1s de patrullajes preventivos de Carabineros y PDI; Coordinaci\u00f3n entre Bomberos, municipios, Ministerio P\u00fablico, empresas forestales y otras instituciones, y restricciones al uso del fuego, incluyendo prohibiciones de quemas agr\u00edcolas y forestales.<\/p>\n<p style=\"text-align: justify;\">En el pa\u00eds, el 99,7% de los incendios forestales son provocados por acci\u00f3n humana. Es por ello por lo que en Ays\u00e9n se prioriz\u00f3 un trabajo sistem\u00e1tico con la comunidad educativa, principalmente en los establecimientos de las comunas m\u00e1s vulnerables. Capacitaciones para docentes junto con actividades educativas dirigidas a estudiantes y apoderados, tienen como prop\u00f3sito fomentar un cambio de conducta en la interacci\u00f3n con el entorno. Estas iniciativas promueven una mayor conciencia ambiental y una actitud responsable en actividades al aire libre.<\/p>\n<\/div><\/section><\/div><div  style='height:50px' class='hr hr-invisible   avia-builder-el-6  el_after_av_one_full  el_before_av_social_share '><span class='hr-inner ' ><span class='hr-inner-style'><\/span><\/span><\/div><\/p>\n<div  class='av-social-sharing-box  avia-builder-el-7  el_after_av_hr  el_before_av_hr  '><div class='av-share-box'><h5 class='av-share-link-description av-no-toc '>Compartir esta noticia<\/h5><ul class='av-share-box-list noLightbox'><li class='av-share-link av-social-link-facebook' ><a target=\"_blank\" aria-label=\"Compartir en Facebook\" href='https:\/\/www.facebook.com\/sharer.php?u=https:\/\/radiorevelacionfm.cl\/?p=49167&#038;t=Cochrane%20recibe%20segundo%20helic%C3%B3ptero%20para%20combate%20de%20incendios%20forestales%20en%20Ays%C3%A9n' aria-hidden='false' data-av_icon='\ue8f3' data-av_iconfont='entypo-fontello' title='' data-avia-related-tooltip='Compartir en Facebook' rel=\"noopener\"><span class='avia_hidden_link_text'>Compartir en Facebook<\/span><\/a><\/li><li class='av-share-link av-social-link-twitter' ><a target=\"_blank\" aria-label=\"Compartir en Twitter\" href='https:\/\/twitter.com\/share?text=Cochrane%20recibe%20segundo%20helic%C3%B3ptero%20para%20combate%20de%20incendios%20forestales%20en%20Ays%C3%A9n&#038;url=https:\/\/radiorevelacionfm.cl\/?p=49167' aria-hidden='false' data-av_icon='\ue8f1' data-av_iconfont='entypo-fontello' title='' data-avia-related-tooltip='Compartir en Twitter' rel=\"noopener\"><span class='avia_hidden_link_text'>Compartir en Twitter<\/span><\/a><\/li><li class='av-share-link av-social-link-whatsapp' ><a target=\"_blank\" aria-label=\"Compartir en Whatsapp\" href='https:\/\/api.whatsapp.com\/send?text=https:\/\/radiorevelacionfm.cl\/?p=49167' aria-hidden='false' data-av_icon='\uf232' data-av_iconfont='entypo-fontello' title='' data-avia-related-tooltip='Compartir en Whatsapp' rel=\"noopener\"><span class='avia_hidden_link_text'>Compartir en Whatsapp<\/span><\/a><\/li><li class='av-share-link av-social-link-linkedin' ><a target=\"_blank\" aria-label=\"Compartir en LinkedIn\" href='https:\/\/linkedin.com\/shareArticle?mini=true&#038;title=Cochrane%20recibe%20segundo%20helic%C3%B3ptero%20para%20combate%20de%20incendios%20forestales%20en%20Ays%C3%A9n&#038;url=https:\/\/radiorevelacionfm.cl\/?p=49167' aria-hidden='false' data-av_icon='\ue8fc' data-av_iconfont='entypo-fontello' title='' data-avia-related-tooltip='Compartir en LinkedIn' rel=\"noopener\"><span class='avia_hidden_link_text'>Compartir en LinkedIn<\/span><\/a><\/li><li class='av-share-link av-social-link-mail' ><a  aria-label=\"Compartir por correo\" href='mailto:?subject=Cochrane%20recibe%20segundo%20helic%C3%B3ptero%20para%20combate%20de%20incendios%20forestales%20en%20Ays%C3%A9n&#038;body=https:\/\/radiorevelacionfm.cl\/?p=49167' aria-hidden='false' data-av_icon='\ue805' data-av_iconfont='entypo-fontello' title='' data-avia-related-tooltip='Compartir por correo'><span class='avia_hidden_link_text'>Compartir por correo<\/span><\/a><\/li><\/ul><\/div><\/div>\n<div  style='height:50px' class='hr hr-invisible   avia-builder-el-8  el_after_av_social_share  el_before_av_comments_list '><span class='hr-inner ' ><span class='hr-inner-style'><\/span><\/span><\/div>\n<div  class='av-buildercomment  av-blog-meta-html-info-disabled av-blog-meta-tag-disabled  '><\/div>\n","protected":false},"excerpt":{"rendered":"","protected":false},"author":1,"featured_media":49168,"comment_status":"open","ping_status":"open","sticky":false,"template":"","format":"standard","meta":{"footnotes":""},"categories":[38],"tags":[],"class_list":["post-49167","post","type-post","status-publish","format-standard","has-post-thumbnail","hentry","category-regional"],"jetpack_featured_media_url":"https:\/\/radiorevelacionfm.cl\/wp-content\/uploads\/2024\/12\/foto-cochrane-03-1_optimized-1.jpeg","_links":{"self":[{"href":"https:\/\/radiorevelacionfm.cl\/index.php?rest_route=\/wp\/v2\/posts\/49167","targetHints":{"allow":["GET"]}}],"collection":[{"href":"https:\/\/radiorevelacionfm.cl\/index.php?rest_route=\/wp\/v2\/posts"}],"about":[{"href":"https:\/\/radiorevelacionfm.cl\/index.php?rest_route=\/wp\/v2\/types\/post"}],"author":[{"embeddable":true,"href":"https:\/\/radiorevelacionfm.cl\/index.php?rest_route=\/wp\/v2\/users\/1"}],"replies":[{"embeddable":true,"href":"https:\/\/radiorevelacionfm.cl\/index.php?rest_route=%2Fwp%2Fv2%2Fcomments&post=49167"}],"version-history":[{"count":1,"href":"https:\/\/radiorevelacionfm.cl\/index.php?rest_route=\/wp\/v2\/posts\/49167\/revisions"}],"predecessor-version":[{"id":49169,"href":"https:\/\/radiorevelacionfm.cl\/index.php?rest_route=\/wp\/v2\/posts\/49167\/revisions\/49169"}],"wp:featuredmedia":[{"embeddable":true,"href":"https:\/\/radiorevelacionfm.cl\/index.php?rest_route=\/wp\/v2\/media\/49168"}],"wp:attachment":[{"href":"https:\/\/radiorevelacionfm.cl\/index.php?rest_route=%2Fwp%2Fv2%2Fmedia&parent=49167"}],"wp:term":[{"taxonomy":"category","embeddable":true,"href":"https:\/\/radiorevelacionfm.cl\/index.php?rest_route=%2Fwp%2Fv2%2Fcategories&post=49167"},{"taxonomy":"post_tag","embeddable":true,"href":"https:\/\/radiorevelacionfm.cl\/index.php?rest_route=%2Fwp%2Fv2%2Ftags&post=49167"}],"curies":[{"name":"wp","href":"https:\/\/api.w.org\/{rel}","templated":true}]}}