{"id":49165,"date":"2024-12-24T15:09:13","date_gmt":"2024-12-24T18:09:13","guid":{"rendered":"https:\/\/radiorevelacionfm.cl\/?p=49165"},"modified":"2024-12-24T15:09:14","modified_gmt":"2024-12-24T18:09:14","slug":"llaman-a-ayseninas-y-ayseninos-a-prevenir-incendios-forestales-tras-alerta-por-altas-temperaturas","status":"publish","type":"post","link":"https:\/\/radiorevelacionfm.cl\/?p=49165","title":{"rendered":"Llaman a ayseninas y ayseninos a prevenir incendios forestales tras alerta por altas temperaturas"},"content":{"rendered":"<div class=\"flex_column av_one_full  flex_column_div av-zero-column-padding first  avia-builder-el-0  el_before_av_one_full  avia-builder-el-first  \" style='border-radius:0px; '><div  class='avia-image-container  av-styling-    avia-builder-el-1  avia-builder-el-no-sibling  avia-align-center '  itemprop=\"image\" itemscope=\"itemscope\" itemtype=\"https:\/\/schema.org\/ImageObject\"  ><div class='avia-image-container-inner'><div class='avia-image-overlay-wrap'><img decoding=\"async\" class='wp-image-32033 avia-img-lazy-loading-not-32033 avia_image' src=\"https:\/\/radiorevelacionfm.cl\/wp-content\/uploads\/2023\/06\/Conaf-incendios.jpeg\" alt='' title='Conaf incendios' height=\"600\" width=\"900\"  itemprop=\"thumbnailUrl\" srcset=\"https:\/\/radiorevelacionfm.cl\/wp-content\/uploads\/2023\/06\/Conaf-incendios.jpeg 900w, https:\/\/radiorevelacionfm.cl\/wp-content\/uploads\/2023\/06\/Conaf-incendios-300x200.jpeg 300w, https:\/\/radiorevelacionfm.cl\/wp-content\/uploads\/2023\/06\/Conaf-incendios-768x512.jpeg 768w, https:\/\/radiorevelacionfm.cl\/wp-content\/uploads\/2023\/06\/Conaf-incendios-705x470.jpeg 705w, https:\/\/radiorevelacionfm.cl\/wp-content\/uploads\/2023\/06\/Conaf-incendios-450x300.jpeg 450w, https:\/\/radiorevelacionfm.cl\/wp-content\/uploads\/2023\/06\/Conaf-incendios-600x400.jpeg 600w\" sizes=\"(max-width: 900px) 100vw, 900px\" \/><\/div><\/div><\/div><\/div><div class=\"flex_column av_one_full  flex_column_div av-zero-column-padding first  avia-builder-el-2  el_after_av_one_full  el_before_av_one_full  column-top-margin\" style='border-radius:0px; '><section class=\"av_textblock_section \"  itemscope=\"itemscope\" itemtype=\"https:\/\/schema.org\/BlogPosting\" itemprop=\"blogPost\" ><div class='avia_textblock  '   itemprop=\"text\" ><p style=\"text-align: center;\"><strong><span style=\"font-size: 18pt;\">Llaman a ayseninas y ayseninos a prevenir incendios forestales tras alerta por altas temperaturas<\/span><\/strong><\/p>\n<div id=\"gtx-trans\" style=\"position: absolute; left: -50px; top: 4.31534px;\">\n<div class=\"gtx-trans-icon\"><\/div>\n<\/div>\n<\/div><\/section><\/div><div class=\"flex_column av_one_full  flex_column_div av-zero-column-padding first  avia-builder-el-4  el_after_av_one_full  el_before_av_hr  column-top-margin\" style='border-radius:0px; '><section class=\"av_textblock_section \"  itemscope=\"itemscope\" itemtype=\"https:\/\/schema.org\/BlogPosting\" itemprop=\"blogPost\" ><div class='avia_textblock  '   itemprop=\"text\" ><div>\n<p class=\"v1MsoNormal\" style=\"text-align: justify;\"><i>\u00darsula Mix Jim\u00e9nez indic\u00f3 que seg\u00fan la Direcci\u00f3n Meteorol\u00f3gica de Chile, para los pr\u00f3ximos d\u00edas se esperan en nuestra regi\u00f3n temperaturas que podr\u00edan alcanzar los 30\u00b0.<\/i><\/p>\n<p class=\"v1MsoNormal\" style=\"text-align: justify;\">Tras la alerta por altas temperaturas que afectar\u00edan a nuestra regi\u00f3n durante los pr\u00f3ximos d\u00edas, la Seremi de Gobierno de Ays\u00e9n, \u00darsula Mix Jim\u00e9nez, realiz\u00f3 un llamado a la comunidad para prevenir incendios forestales.<\/p>\n<p class=\"v1MsoNormal\" style=\"text-align: justify;\">En este sentido, la portavoz record\u00f3 que m\u00e1s del 95% de los incendios forestales se produce por causas humanas y que por esa misma raz\u00f3n, al esperarse altas temperaturas, se deben extremar las medidas de prevenci\u00f3n.<\/p>\n<p class=\"v1MsoNormal\" style=\"text-align: justify;\">\u00abPrevenir un incendio es m\u00e1s f\u00e1cil que combatirlo. Por eso es que, nuestro llamado como Gobierno es a la corresponsabilidad y a no bajar la guardia; evitar conductas de riesgo, no hacer fogatas, denunciar el fuego intencional y a evacuar si fuera necesario y as\u00ed lo instruyera la autoridad. Necesitamos que la ciudadan\u00eda est\u00e9 absolutamente alerta para denunciar focos de incendios peque\u00f1os, pues si se tratan y los enfrentados r\u00e1pidamente, no tienen por qu\u00e9 derivar en grandes p\u00e9rdidas de superficie de la biodiversidad de nuestra regi\u00f3n\u00bb, se\u00f1al\u00f3.<\/p>\n<p class=\"v1MsoNormal\" style=\"text-align: justify;\">La autoridad regional detall\u00f3 que el Gobierno ha dispuesto un presupuesto de $156 mil millones para el Plan de Acci\u00f3n 2024-2025 de Prevenci\u00f3n, Mitigaci\u00f3n y Control de Incendios, y que en ese sentido la regi\u00f3n de Ays\u00e9n cuenta hoy con 16 brigadas completamente equipadas y activas, adem\u00e1s de ser parte del programa de predicci\u00f3n de incendios forestales de CONAF denominado \u00abbot\u00f3n rojo\u00bb, que permite mostrar las zonas de riesgo por alto \u00edndice de combustible fino muerto al considerar factores de temperatura y humedad.<\/p>\n<p class=\"v1MsoNormal\" style=\"text-align: justify;\">\u00abAdem\u00e1s de lo anterior, hoy contamos con dos helic\u00f3pteros para el control de eventuales incendios forestales, uno que se encuentra en Coyhaique y otro, que lleg\u00f3 a la regi\u00f3n hace unos d\u00edas, y que tendr\u00e1 base permanente en Cochrane\u00bb, agreg\u00f3.<\/p>\n<p class=\"v1MsoNormal\" style=\"text-align: justify;\">Cabe indicar que de acuerdo al pron\u00f3stico meteorol\u00f3gico, este mi\u00e9rcoles 25 de diciembre la temperatura podr\u00eda alcanzar a los 29\u00b0 en Coyhaique, 30\u00b0 en Chile Chico, 27\u00b0 en Cochrane y 28\u00b0 en Puerto Ays\u00e9n.<\/p>\n<p class=\"v1MsoNormal\" style=\"text-align: justify;\">Finalmente, la Seremi Mix Jim\u00e9nez record\u00f3 que\u00a0 en caso de detectar humo o fuego al aire libre, se debe llamar al 130 de Conaf.<\/p>\n<\/div>\n<div style=\"text-align: justify;\"><\/div>\n<\/div><\/section><\/div><div  style='height:50px' class='hr hr-invisible   avia-builder-el-6  el_after_av_one_full  el_before_av_social_share '><span class='hr-inner ' ><span class='hr-inner-style'><\/span><\/span><\/div><\/p>\n<div  class='av-social-sharing-box  avia-builder-el-7  el_after_av_hr  el_before_av_hr  '><div class='av-share-box'><h5 class='av-share-link-description av-no-toc '>Compartir esta noticia<\/h5><ul class='av-share-box-list noLightbox'><li class='av-share-link av-social-link-facebook' ><a target=\"_blank\" aria-label=\"Compartir en Facebook\" href='https:\/\/www.facebook.com\/sharer.php?u=https:\/\/radiorevelacionfm.cl\/?p=49165&#038;t=Llaman%20a%20ayseninas%20y%20ayseninos%20a%20prevenir%20incendios%20forestales%20tras%20alerta%20por%20altas%20temperaturas' aria-hidden='false' data-av_icon='\ue8f3' data-av_iconfont='entypo-fontello' title='' data-avia-related-tooltip='Compartir en Facebook' rel=\"noopener\"><span class='avia_hidden_link_text'>Compartir en Facebook<\/span><\/a><\/li><li class='av-share-link av-social-link-twitter' ><a target=\"_blank\" aria-label=\"Compartir en Twitter\" href='https:\/\/twitter.com\/share?text=Llaman%20a%20ayseninas%20y%20ayseninos%20a%20prevenir%20incendios%20forestales%20tras%20alerta%20por%20altas%20temperaturas&#038;url=https:\/\/radiorevelacionfm.cl\/?p=49165' aria-hidden='false' data-av_icon='\ue8f1' data-av_iconfont='entypo-fontello' title='' data-avia-related-tooltip='Compartir en Twitter' rel=\"noopener\"><span class='avia_hidden_link_text'>Compartir en Twitter<\/span><\/a><\/li><li class='av-share-link av-social-link-whatsapp' ><a target=\"_blank\" aria-label=\"Compartir en Whatsapp\" href='https:\/\/api.whatsapp.com\/send?text=https:\/\/radiorevelacionfm.cl\/?p=49165' aria-hidden='false' data-av_icon='\uf232' data-av_iconfont='entypo-fontello' title='' data-avia-related-tooltip='Compartir en Whatsapp' rel=\"noopener\"><span class='avia_hidden_link_text'>Compartir en Whatsapp<\/span><\/a><\/li><li class='av-share-link av-social-link-linkedin' ><a target=\"_blank\" aria-label=\"Compartir en LinkedIn\" href='https:\/\/linkedin.com\/shareArticle?mini=true&#038;title=Llaman%20a%20ayseninas%20y%20ayseninos%20a%20prevenir%20incendios%20forestales%20tras%20alerta%20por%20altas%20temperaturas&#038;url=https:\/\/radiorevelacionfm.cl\/?p=49165' aria-hidden='false' data-av_icon='\ue8fc' data-av_iconfont='entypo-fontello' title='' data-avia-related-tooltip='Compartir en LinkedIn' rel=\"noopener\"><span class='avia_hidden_link_text'>Compartir en LinkedIn<\/span><\/a><\/li><li class='av-share-link av-social-link-mail' ><a  aria-label=\"Compartir por correo\" href='mailto:?subject=Llaman%20a%20ayseninas%20y%20ayseninos%20a%20prevenir%20incendios%20forestales%20tras%20alerta%20por%20altas%20temperaturas&#038;body=https:\/\/radiorevelacionfm.cl\/?p=49165' aria-hidden='false' data-av_icon='\ue805' data-av_iconfont='entypo-fontello' title='' data-avia-related-tooltip='Compartir por correo'><span class='avia_hidden_link_text'>Compartir por correo<\/span><\/a><\/li><\/ul><\/div><\/div>\n<div  style='height:50px' class='hr hr-invisible   avia-builder-el-8  el_after_av_social_share  el_before_av_comments_list '><span class='hr-inner ' ><span class='hr-inner-style'><\/span><\/span><\/div>\n<div  class='av-buildercomment  av-blog-meta-html-info-disabled av-blog-meta-tag-disabled  '><\/div>\n","protected":false},"excerpt":{"rendered":"","protected":false},"author":1,"featured_media":32033,"comment_status":"open","ping_status":"open","sticky":false,"template":"","format":"standard","meta":{"footnotes":""},"categories":[38],"tags":[],"class_list":["post-49165","post","type-post","status-publish","format-standard","has-post-thumbnail","hentry","category-regional"],"jetpack_featured_media_url":"https:\/\/radiorevelacionfm.cl\/wp-content\/uploads\/2023\/06\/Conaf-incendios.jpeg","_links":{"self":[{"href":"https:\/\/radiorevelacionfm.cl\/index.php?rest_route=\/wp\/v2\/posts\/49165","targetHints":{"allow":["GET"]}}],"collection":[{"href":"https:\/\/radiorevelacionfm.cl\/index.php?rest_route=\/wp\/v2\/posts"}],"about":[{"href":"https:\/\/radiorevelacionfm.cl\/index.php?rest_route=\/wp\/v2\/types\/post"}],"author":[{"embeddable":true,"href":"https:\/\/radiorevelacionfm.cl\/index.php?rest_route=\/wp\/v2\/users\/1"}],"replies":[{"embeddable":true,"href":"https:\/\/radiorevelacionfm.cl\/index.php?rest_route=%2Fwp%2Fv2%2Fcomments&post=49165"}],"version-history":[{"count":1,"href":"https:\/\/radiorevelacionfm.cl\/index.php?rest_route=\/wp\/v2\/posts\/49165\/revisions"}],"predecessor-version":[{"id":49166,"href":"https:\/\/radiorevelacionfm.cl\/index.php?rest_route=\/wp\/v2\/posts\/49165\/revisions\/49166"}],"wp:featuredmedia":[{"embeddable":true,"href":"https:\/\/radiorevelacionfm.cl\/index.php?rest_route=\/wp\/v2\/media\/32033"}],"wp:attachment":[{"href":"https:\/\/radiorevelacionfm.cl\/index.php?rest_route=%2Fwp%2Fv2%2Fmedia&parent=49165"}],"wp:term":[{"taxonomy":"category","embeddable":true,"href":"https:\/\/radiorevelacionfm.cl\/index.php?rest_route=%2Fwp%2Fv2%2Fcategories&post=49165"},{"taxonomy":"post_tag","embeddable":true,"href":"https:\/\/radiorevelacionfm.cl\/index.php?rest_route=%2Fwp%2Fv2%2Ftags&post=49165"}],"curies":[{"name":"wp","href":"https:\/\/api.w.org\/{rel}","templated":true}]}}