{"id":49161,"date":"2024-12-24T13:10:20","date_gmt":"2024-12-24T16:10:20","guid":{"rendered":"https:\/\/radiorevelacionfm.cl\/?p=49161"},"modified":"2024-12-24T13:10:20","modified_gmt":"2024-12-24T16:10:20","slug":"primer-encuentro-de-incubadoras-del-sur-austral-impulsando-la-innovacion-regional","status":"publish","type":"post","link":"https:\/\/radiorevelacionfm.cl\/?p=49161","title":{"rendered":"Primer Encuentro de Incubadoras del Sur Austral: Impulsando la Innovaci\u00f3n Regional"},"content":{"rendered":"<div class=\"flex_column av_one_full  flex_column_div av-zero-column-padding first  avia-builder-el-0  el_before_av_one_full  avia-builder-el-first  \" style='border-radius:0px; '><div  class='avia-image-container  av-styling-    avia-builder-el-1  avia-builder-el-no-sibling  avia-align-center '  itemprop=\"image\" itemscope=\"itemscope\" itemtype=\"https:\/\/schema.org\/ImageObject\"  ><div class='avia-image-container-inner'><div class='avia-image-overlay-wrap'><img decoding=\"async\" class='wp-image-49162 avia-img-lazy-loading-not-49162 avia_image' src=\"https:\/\/radiorevelacionfm.cl\/wp-content\/uploads\/2024\/12\/241224-incubadoras-1_optimized-1.jpg\" alt='' title='241224-incubadoras-(1)_optimized (1)' height=\"600\" width=\"1067\"  itemprop=\"thumbnailUrl\" srcset=\"https:\/\/radiorevelacionfm.cl\/wp-content\/uploads\/2024\/12\/241224-incubadoras-1_optimized-1.jpg 1067w, https:\/\/radiorevelacionfm.cl\/wp-content\/uploads\/2024\/12\/241224-incubadoras-1_optimized-1-300x169.jpg 300w, https:\/\/radiorevelacionfm.cl\/wp-content\/uploads\/2024\/12\/241224-incubadoras-1_optimized-1-1030x579.jpg 1030w, https:\/\/radiorevelacionfm.cl\/wp-content\/uploads\/2024\/12\/241224-incubadoras-1_optimized-1-768x432.jpg 768w, https:\/\/radiorevelacionfm.cl\/wp-content\/uploads\/2024\/12\/241224-incubadoras-1_optimized-1-705x396.jpg 705w, https:\/\/radiorevelacionfm.cl\/wp-content\/uploads\/2024\/12\/241224-incubadoras-1_optimized-1-450x253.jpg 450w, https:\/\/radiorevelacionfm.cl\/wp-content\/uploads\/2024\/12\/241224-incubadoras-1_optimized-1-600x337.jpg 600w\" sizes=\"(max-width: 1067px) 100vw, 1067px\" \/><\/div><\/div><\/div><\/div><div class=\"flex_column av_one_full  flex_column_div av-zero-column-padding first  avia-builder-el-2  el_after_av_one_full  el_before_av_one_full  column-top-margin\" style='border-radius:0px; '><section class=\"av_textblock_section \"  itemscope=\"itemscope\" itemtype=\"https:\/\/schema.org\/BlogPosting\" itemprop=\"blogPost\" ><div class='avia_textblock  '   itemprop=\"text\" ><p style=\"text-align: center;\"><span style=\"font-size: 18pt;\"><b>Primer Encuentro de Incubadoras del Sur Austral: Impulsando la Innovaci\u00f3n Regional<\/b><\/span><\/p>\n<div id=\"gtx-trans\" style=\"position: absolute; left: -50px; top: 4.31534px;\">\n<div class=\"gtx-trans-icon\"><\/div>\n<\/div>\n<\/div><\/section><\/div><div class=\"flex_column av_one_full  flex_column_div av-zero-column-padding first  avia-builder-el-4  el_after_av_one_full  el_before_av_hr  column-top-margin\" style='border-radius:0px; '><section class=\"av_textblock_section \"  itemscope=\"itemscope\" itemtype=\"https:\/\/schema.org\/BlogPosting\" itemprop=\"blogPost\" ><div class='avia_textblock  '   itemprop=\"text\" ><p style=\"font-weight: 400; text-align: justify;\"><em>El Primer Encuentro de Incubadoras de Negocios del Sur Austral reuni\u00f3 a personas del ecosistema emprendedor de las regiones de Los Lagos, Ays\u00e9n y Magallanes, fortaleciendo la colaboraci\u00f3n interregional y potenciando la innovaci\u00f3n en sectores clave como el turismo y la alimentaci\u00f3n.<\/em><\/p>\n<p style=\"font-weight: 400; text-align: justify;\">En un esfuerzo por fortalecer el ecosistema emprendedor del sur de Chile, se llev\u00f3 a cabo el Primer Encuentro de Incubadoras de Negocios del Sur Austral, un evento que reuni\u00f3 a representantes de las regiones de Los Lagos, Ays\u00e9n y Magallanes. Este encuentro busc\u00f3 fomentar la colaboraci\u00f3n, compartir experiencias y generar sinergias que impulsen la innovaci\u00f3n y el emprendimiento en una de las zonas m\u00e1s din\u00e1micas y desafiantes del pa\u00eds.<\/p>\n<p style=\"font-weight: 400; text-align: justify;\">Marcela Vidal C\u00e1rdenas, gerenta de Ecoterr\u00e1neo, detall\u00f3 que la jornada, organizada por Ecoterr\u00e1neo, cont\u00f3 con la presencia de las incubadoras COWO, IncubatecUFRO y el Centro de Innovaci\u00f3n Regional Los Lagos. \u201cEste encuentro nace desde la necesidad de conectar a las incubadoras del sur austral, reconociendo que compartimos desaf\u00edos \u00fanicos como regiones australes. Desde Ecoterr\u00e1neo, quisimos crear esta instancia para abrir un espacio de di\u00e1logo, colaboraci\u00f3n, reflexi\u00f3n y de aprendizaje, convencidos de que juntos podemos construir un ecosistema de innovaci\u00f3n m\u00e1s s\u00f3lido y conectado\u00bb, afirm\u00f3<\/p>\n<p style=\"font-weight: 400; text-align: justify;\">Humberto Mar\u00edn Leiva, director de Corfo Ays\u00e9n, destac\u00f3 el car\u00e1cter interregional del evento, subrayando su aporte al di\u00e1logo constructivo entre integrantes clave del ecosistema emprendedor. \u201cEste encuentro es un hito que conecta las capacidades de las incubadoras del sur y las proyecta hacia un futuro de colaboraci\u00f3n e innovaci\u00f3n sostenibles. El talento emprendedor del sur es excepcional, y mediante instancias como esta, fortalecemos redes y generamos herramientas que facilitan escalar estos proyectos a mercados m\u00e1s amplios\u201d.<\/p>\n<p style=\"font-weight: 400; text-align: justify;\">Durante la jornada, se presentaron casos de \u00e9xito y estrategias innovadoras de incubadoras regionales, resaltando su capacidad para generar emprendimientos con impacto local y global. Las personas participantes se involucraron en mesas de trabajo para analizar brechas y oportunidades, promoviendo un ecosistema de innovaci\u00f3n m\u00e1s articulado y sostenible. Se puso \u00e9nfasis en el impulso a emprendimientos sostenibles en sectores estrat\u00e9gicos como turismo y alimentaci\u00f3n, \u00e1reas con alto potencial competitivo en el sur de Chile.<\/p>\n<p style=\"font-weight: 400; text-align: justify;\">Las incubadoras compartieron experiencias y desaf\u00edos comunes, como la necesidad de mejorar el acceso a financiamiento y mentor\u00edas de calidad. Asimismo, asumieron el compromiso de desarrollar estrategias de incubaci\u00f3n adaptadas a las particularidades del territorio austral.<\/p>\n<p style=\"font-weight: 400; text-align: justify;\">Por su parte, Julio Brintrup, Director del Centro de Innovaci\u00f3n Regional Los Lagos, destac\u00f3 la importancia de mantener el trabajo en red \u201cuna jornada para fomentar la articulaci\u00f3n entre quienes potencian el desarrollo de la innovaci\u00f3n en la zona sur austral, considerando que entre todas y todos podemos potenciar un sistema de innovaci\u00f3n asociado a nuestro territorio, identidad y sectores econ\u00f3micos con alcance global.\u201d<\/p>\n<p style=\"font-weight: 400; text-align: justify;\">Para Gonzalo Neira, representante zonal de IncubatecUFRO en Magallanes \u00abel Primer Encuentro de Incubadoras de Negocios del Sur Austral es un hito para el ecosistema emprendedor de nuestra regi\u00f3n. Esta instancia no solo fortalece la colaboraci\u00f3n interregional, sino que tambi\u00e9n nos permite articular estrategias innovadoras que impulsan sectores clave como el turismo y la alimentaci\u00f3n. Desde IncubatecUFRO, reafirmamos nuestro compromiso de seguir potenciando el talento local y trabajar en conjunto para construir un ecosistema de emprendimiento sostenible y competitivo en el sur de Chile\u00bb.<\/p>\n<p style=\"font-weight: 400; text-align: justify;\">Este encuentro, alineado con los objetivos de Corfo, resalta el papel fundamental de las incubadoras en dinamizar la econom\u00eda, promover la sostenibilidad y posicionar al sur de Chile como un referente en innovaci\u00f3n y transformaci\u00f3n econ\u00f3mica a nivel nacional.<\/p>\n<\/div><\/section><\/div><div  style='height:50px' class='hr hr-invisible   avia-builder-el-6  el_after_av_one_full  el_before_av_social_share '><span class='hr-inner ' ><span class='hr-inner-style'><\/span><\/span><\/div><\/p>\n<div  class='av-social-sharing-box  avia-builder-el-7  el_after_av_hr  el_before_av_hr  '><div class='av-share-box'><h5 class='av-share-link-description av-no-toc '>Compartir esta noticia<\/h5><ul class='av-share-box-list noLightbox'><li class='av-share-link av-social-link-facebook' ><a target=\"_blank\" aria-label=\"Compartir en Facebook\" href='https:\/\/www.facebook.com\/sharer.php?u=https:\/\/radiorevelacionfm.cl\/?p=49161&#038;t=Primer%20Encuentro%20de%20Incubadoras%20del%20Sur%20Austral%3A%20Impulsando%20la%20Innovaci%C3%B3n%20Regional' aria-hidden='false' data-av_icon='\ue8f3' data-av_iconfont='entypo-fontello' title='' data-avia-related-tooltip='Compartir en Facebook' rel=\"noopener\"><span class='avia_hidden_link_text'>Compartir en Facebook<\/span><\/a><\/li><li class='av-share-link av-social-link-twitter' ><a target=\"_blank\" aria-label=\"Compartir en Twitter\" href='https:\/\/twitter.com\/share?text=Primer%20Encuentro%20de%20Incubadoras%20del%20Sur%20Austral%3A%20Impulsando%20la%20Innovaci%C3%B3n%20Regional&#038;url=https:\/\/radiorevelacionfm.cl\/?p=49161' aria-hidden='false' data-av_icon='\ue8f1' data-av_iconfont='entypo-fontello' title='' data-avia-related-tooltip='Compartir en Twitter' rel=\"noopener\"><span class='avia_hidden_link_text'>Compartir en Twitter<\/span><\/a><\/li><li class='av-share-link av-social-link-whatsapp' ><a target=\"_blank\" aria-label=\"Compartir en Whatsapp\" href='https:\/\/api.whatsapp.com\/send?text=https:\/\/radiorevelacionfm.cl\/?p=49161' aria-hidden='false' data-av_icon='\uf232' data-av_iconfont='entypo-fontello' title='' data-avia-related-tooltip='Compartir en Whatsapp' rel=\"noopener\"><span class='avia_hidden_link_text'>Compartir en Whatsapp<\/span><\/a><\/li><li class='av-share-link av-social-link-linkedin' ><a target=\"_blank\" aria-label=\"Compartir en LinkedIn\" href='https:\/\/linkedin.com\/shareArticle?mini=true&#038;title=Primer%20Encuentro%20de%20Incubadoras%20del%20Sur%20Austral%3A%20Impulsando%20la%20Innovaci%C3%B3n%20Regional&#038;url=https:\/\/radiorevelacionfm.cl\/?p=49161' aria-hidden='false' data-av_icon='\ue8fc' data-av_iconfont='entypo-fontello' title='' data-avia-related-tooltip='Compartir en LinkedIn' rel=\"noopener\"><span class='avia_hidden_link_text'>Compartir en LinkedIn<\/span><\/a><\/li><li class='av-share-link av-social-link-mail' ><a  aria-label=\"Compartir por correo\" href='mailto:?subject=Primer%20Encuentro%20de%20Incubadoras%20del%20Sur%20Austral%3A%20Impulsando%20la%20Innovaci%C3%B3n%20Regional&#038;body=https:\/\/radiorevelacionfm.cl\/?p=49161' aria-hidden='false' data-av_icon='\ue805' data-av_iconfont='entypo-fontello' title='' data-avia-related-tooltip='Compartir por correo'><span class='avia_hidden_link_text'>Compartir por correo<\/span><\/a><\/li><\/ul><\/div><\/div>\n<div  style='height:50px' class='hr hr-invisible   avia-builder-el-8  el_after_av_social_share  el_before_av_comments_list '><span class='hr-inner ' ><span class='hr-inner-style'><\/span><\/span><\/div>\n<div  class='av-buildercomment  av-blog-meta-html-info-disabled av-blog-meta-tag-disabled  '><\/div>\n","protected":false},"excerpt":{"rendered":"","protected":false},"author":1,"featured_media":49162,"comment_status":"open","ping_status":"open","sticky":false,"template":"","format":"standard","meta":{"footnotes":""},"categories":[38],"tags":[],"class_list":["post-49161","post","type-post","status-publish","format-standard","has-post-thumbnail","hentry","category-regional"],"jetpack_featured_media_url":"https:\/\/radiorevelacionfm.cl\/wp-content\/uploads\/2024\/12\/241224-incubadoras-1_optimized-1.jpg","_links":{"self":[{"href":"https:\/\/radiorevelacionfm.cl\/index.php?rest_route=\/wp\/v2\/posts\/49161","targetHints":{"allow":["GET"]}}],"collection":[{"href":"https:\/\/radiorevelacionfm.cl\/index.php?rest_route=\/wp\/v2\/posts"}],"about":[{"href":"https:\/\/radiorevelacionfm.cl\/index.php?rest_route=\/wp\/v2\/types\/post"}],"author":[{"embeddable":true,"href":"https:\/\/radiorevelacionfm.cl\/index.php?rest_route=\/wp\/v2\/users\/1"}],"replies":[{"embeddable":true,"href":"https:\/\/radiorevelacionfm.cl\/index.php?rest_route=%2Fwp%2Fv2%2Fcomments&post=49161"}],"version-history":[{"count":1,"href":"https:\/\/radiorevelacionfm.cl\/index.php?rest_route=\/wp\/v2\/posts\/49161\/revisions"}],"predecessor-version":[{"id":49163,"href":"https:\/\/radiorevelacionfm.cl\/index.php?rest_route=\/wp\/v2\/posts\/49161\/revisions\/49163"}],"wp:featuredmedia":[{"embeddable":true,"href":"https:\/\/radiorevelacionfm.cl\/index.php?rest_route=\/wp\/v2\/media\/49162"}],"wp:attachment":[{"href":"https:\/\/radiorevelacionfm.cl\/index.php?rest_route=%2Fwp%2Fv2%2Fmedia&parent=49161"}],"wp:term":[{"taxonomy":"category","embeddable":true,"href":"https:\/\/radiorevelacionfm.cl\/index.php?rest_route=%2Fwp%2Fv2%2Fcategories&post=49161"},{"taxonomy":"post_tag","embeddable":true,"href":"https:\/\/radiorevelacionfm.cl\/index.php?rest_route=%2Fwp%2Fv2%2Ftags&post=49161"}],"curies":[{"name":"wp","href":"https:\/\/api.w.org\/{rel}","templated":true}]}}