{"id":49159,"date":"2024-12-24T10:18:20","date_gmt":"2024-12-24T13:18:20","guid":{"rendered":"https:\/\/radiorevelacionfm.cl\/?p=49159"},"modified":"2024-12-24T10:18:20","modified_gmt":"2024-12-24T13:18:20","slug":"tatiana-pla-alvarez-carta-publica-por-dano-irreparable-ante-falsas-acusaciones-de-maltrato","status":"publish","type":"post","link":"https:\/\/radiorevelacionfm.cl\/?p=49159","title":{"rendered":"Tatiana Pl\u00e1 \u00c1lvarez: Carta P\u00fablica por da\u00f1o irreparable ante falsas acusaciones de maltrato"},"content":{"rendered":"<div class=\"flex_column av_one_full  flex_column_div av-zero-column-padding first  avia-builder-el-0  el_before_av_one_full  avia-builder-el-first  \" style='border-radius:0px; '><div  class='avia-image-container  av-styling-    avia-builder-el-1  avia-builder-el-no-sibling  avia-align-center '  itemprop=\"image\" itemscope=\"itemscope\" itemtype=\"https:\/\/schema.org\/ImageObject\"  ><div class='avia-image-container-inner'><div class='avia-image-overlay-wrap'><img decoding=\"async\" class='wp-image-16545 avia-img-lazy-loading-not-16545 avia_image' src=\"https:\/\/radiorevelacionfm.cl\/wp-content\/uploads\/2022\/05\/Seremi-Tatiana-Pla-2-1-1.jpg\" alt='' title='Seremi Tatiana Pla (2) (1) (1)' height=\"600\" width=\"929\"  itemprop=\"thumbnailUrl\" srcset=\"https:\/\/radiorevelacionfm.cl\/wp-content\/uploads\/2022\/05\/Seremi-Tatiana-Pla-2-1-1.jpg 929w, https:\/\/radiorevelacionfm.cl\/wp-content\/uploads\/2022\/05\/Seremi-Tatiana-Pla-2-1-1-300x194.jpg 300w, https:\/\/radiorevelacionfm.cl\/wp-content\/uploads\/2022\/05\/Seremi-Tatiana-Pla-2-1-1-768x496.jpg 768w, https:\/\/radiorevelacionfm.cl\/wp-content\/uploads\/2022\/05\/Seremi-Tatiana-Pla-2-1-1-705x455.jpg 705w, https:\/\/radiorevelacionfm.cl\/wp-content\/uploads\/2022\/05\/Seremi-Tatiana-Pla-2-1-1-600x388.jpg 600w\" sizes=\"(max-width: 929px) 100vw, 929px\" \/><\/div><\/div><\/div><\/div><div class=\"flex_column av_one_full  flex_column_div av-zero-column-padding first  avia-builder-el-2  el_after_av_one_full  el_before_av_one_full  column-top-margin\" style='border-radius:0px; '><section class=\"av_textblock_section \"  itemscope=\"itemscope\" itemtype=\"https:\/\/schema.org\/BlogPosting\" itemprop=\"blogPost\" ><div class='avia_textblock  '   itemprop=\"text\" ><p style=\"text-align: center;\"><strong><span style=\"font-size: 18pt;\">Tatiana Pl\u00e1 \u00c1lvarez: Carta P\u00fablica por da\u00f1o irreparable ante falsas acusaciones de maltrato<\/span><\/strong><\/p>\n<div id=\"gtx-trans\" style=\"position: absolute; left: -50px; top: 4.31534px;\">\n<div class=\"gtx-trans-icon\"><\/div>\n<\/div>\n<\/div><\/section><\/div><div class=\"flex_column av_one_full  flex_column_div av-zero-column-padding first  avia-builder-el-4  el_after_av_one_full  el_before_av_hr  column-top-margin\" style='border-radius:0px; '><section class=\"av_textblock_section \"  itemscope=\"itemscope\" itemtype=\"https:\/\/schema.org\/BlogPosting\" itemprop=\"blogPost\" ><div class='avia_textblock  '   itemprop=\"text\" ><p style=\"text-align: justify;\">En este tiempo de reflexi\u00f3n que nos invita el fin de a\u00f1o, me veo en la necesidad de compartir p\u00fablicamente lo que he estado viviendo en los \u00faltimos meses, a ra\u00edz de falsas acusaciones que han sido formuladas en mi contra. Acusaciones que no solo son infundadas, sino que han tenido un impacto devastador en mi vida personal y profesional.<\/p>\n<p style=\"text-align: justify;\">Hace cinco meses, fui objeto de graves acusaciones de maltrato por parte de personas que, en su momento, desempe\u00f1aban funciones de <strong>confianza pol\u00edtica<\/strong>. Recalco esto, porque ese contexto, nadie lo ha presentado. Estas personas, al carecer de argumentos reales, optaron por inventar situaciones completamente ajenas a la realidad, con el \u00fanico fin de da\u00f1ar mi honor y reputaci\u00f3n. El dolor que estas falsas acusaciones han causado es indescriptible. Me han visto expuesta a una serie de ataques p\u00fablicos, sin ning\u00fan tipo de evidencia que sustente lo que se ha dicho de m\u00ed.<\/p>\n<p style=\"text-align: justify;\">Lo m\u00e1s preocupante es que, al realizar estas acusaciones sin medir las consecuencias de sus actos, no solo afectan mi vida personal y profesional, sino tambi\u00e9n la de mi familia, amigos y todas las personas que conf\u00edan en m\u00ed. Estas calumnias no solo me han dejado sin trabajo durante m\u00e1s de cinco meses, sino que tambi\u00e9n han mermado mi bienestar emocional y psicol\u00f3gico. Las consecuencias de este tipo de falsas acusaciones son irreparables y, a pesar de mis esfuerzos por aclarar la verdad, sigo enfrentando el peso de la desinformaci\u00f3n.<\/p>\n<p style=\"text-align: justify;\">Es importante que se reflexione sobre el da\u00f1o que este tipo de acusaciones pueden causar. Inventar situaciones sin base alguna no solo destruye la vida de una persona, sino que tambi\u00e9n promueve un ambiente de desconfianza y miedo. Las personas que emiten este tipo de acusaciones deben ser conscientes de que sus palabras tienen un peso enorme y pueden tener repercusiones devastadoras en la vida de quien se ve afectada.<\/p>\n<p style=\"text-align: justify;\">Hoy, en el cierre de un a\u00f1o que ha sido particularmente dif\u00edcil, hago este llamado p\u00fablico para poner en evidencia la gravedad de las acusaciones que he sufrido, as\u00ed como el impacto que han tenido en mi vida. Aunque me siento profundamente afectada, contin\u00fao con la esperanza de que la verdad prevalecer\u00e1 y que las personas responsables de este da\u00f1o sean conscientes de las repercusiones de sus actos.<\/p>\n<p style=\"text-align: justify;\">Espero que este 2025 sea un a\u00f1o de justicia, de sanaci\u00f3n y de nuevas oportunidades. Agradezco a todas las personas que han estado a mi lado durante este tiempo, brind\u00e1ndome su apoyo incondicional. A aquellos que han sido parte de esta injusticia, les pido que reflexionen sobre sus acciones y el da\u00f1o irreparable que han causado.<\/p>\n<\/div><\/section><\/div><div  style='height:50px' class='hr hr-invisible   avia-builder-el-6  el_after_av_one_full  el_before_av_social_share '><span class='hr-inner ' ><span class='hr-inner-style'><\/span><\/span><\/div><\/p>\n<div  class='av-social-sharing-box  avia-builder-el-7  el_after_av_hr  el_before_av_hr  '><div class='av-share-box'><h5 class='av-share-link-description av-no-toc '>Compartir esta noticia<\/h5><ul class='av-share-box-list noLightbox'><li class='av-share-link av-social-link-facebook' ><a target=\"_blank\" aria-label=\"Compartir en Facebook\" href='https:\/\/www.facebook.com\/sharer.php?u=https:\/\/radiorevelacionfm.cl\/?p=49159&#038;t=Tatiana%20Pl%C3%A1%20%C3%81lvarez%3A%20Carta%20P%C3%BAblica%20por%20da%C3%B1o%20irreparable%20ante%20falsas%20acusaciones%20de%20maltrato' aria-hidden='false' data-av_icon='\ue8f3' data-av_iconfont='entypo-fontello' title='' data-avia-related-tooltip='Compartir en Facebook' rel=\"noopener\"><span class='avia_hidden_link_text'>Compartir en Facebook<\/span><\/a><\/li><li class='av-share-link av-social-link-twitter' ><a target=\"_blank\" aria-label=\"Compartir en Twitter\" href='https:\/\/twitter.com\/share?text=Tatiana%20Pl%C3%A1%20%C3%81lvarez%3A%20Carta%20P%C3%BAblica%20por%20da%C3%B1o%20irreparable%20ante%20falsas%20acusaciones%20de%20maltrato&#038;url=https:\/\/radiorevelacionfm.cl\/?p=49159' aria-hidden='false' data-av_icon='\ue8f1' data-av_iconfont='entypo-fontello' title='' data-avia-related-tooltip='Compartir en Twitter' rel=\"noopener\"><span class='avia_hidden_link_text'>Compartir en Twitter<\/span><\/a><\/li><li class='av-share-link av-social-link-whatsapp' ><a target=\"_blank\" aria-label=\"Compartir en Whatsapp\" href='https:\/\/api.whatsapp.com\/send?text=https:\/\/radiorevelacionfm.cl\/?p=49159' aria-hidden='false' data-av_icon='\uf232' data-av_iconfont='entypo-fontello' title='' data-avia-related-tooltip='Compartir en Whatsapp' rel=\"noopener\"><span class='avia_hidden_link_text'>Compartir en Whatsapp<\/span><\/a><\/li><li class='av-share-link av-social-link-linkedin' ><a target=\"_blank\" aria-label=\"Compartir en LinkedIn\" href='https:\/\/linkedin.com\/shareArticle?mini=true&#038;title=Tatiana%20Pl%C3%A1%20%C3%81lvarez%3A%20Carta%20P%C3%BAblica%20por%20da%C3%B1o%20irreparable%20ante%20falsas%20acusaciones%20de%20maltrato&#038;url=https:\/\/radiorevelacionfm.cl\/?p=49159' aria-hidden='false' data-av_icon='\ue8fc' data-av_iconfont='entypo-fontello' title='' data-avia-related-tooltip='Compartir en LinkedIn' rel=\"noopener\"><span class='avia_hidden_link_text'>Compartir en LinkedIn<\/span><\/a><\/li><li class='av-share-link av-social-link-mail' ><a  aria-label=\"Compartir por correo\" href='mailto:?subject=Tatiana%20Pl%C3%A1%20%C3%81lvarez%3A%20Carta%20P%C3%BAblica%20por%20da%C3%B1o%20irreparable%20ante%20falsas%20acusaciones%20de%20maltrato&#038;body=https:\/\/radiorevelacionfm.cl\/?p=49159' aria-hidden='false' data-av_icon='\ue805' data-av_iconfont='entypo-fontello' title='' data-avia-related-tooltip='Compartir por correo'><span class='avia_hidden_link_text'>Compartir por correo<\/span><\/a><\/li><\/ul><\/div><\/div>\n<div  style='height:50px' class='hr hr-invisible   avia-builder-el-8  el_after_av_social_share  el_before_av_comments_list '><span class='hr-inner ' ><span class='hr-inner-style'><\/span><\/span><\/div>\n<div  class='av-buildercomment  av-blog-meta-html-info-disabled av-blog-meta-tag-disabled  '><\/div>\n","protected":false},"excerpt":{"rendered":"","protected":false},"author":1,"featured_media":16545,"comment_status":"open","ping_status":"open","sticky":false,"template":"","format":"standard","meta":{"footnotes":""},"categories":[38],"tags":[],"class_list":["post-49159","post","type-post","status-publish","format-standard","has-post-thumbnail","hentry","category-regional"],"jetpack_featured_media_url":"https:\/\/radiorevelacionfm.cl\/wp-content\/uploads\/2022\/05\/Seremi-Tatiana-Pla-2-1-1.jpg","_links":{"self":[{"href":"https:\/\/radiorevelacionfm.cl\/index.php?rest_route=\/wp\/v2\/posts\/49159","targetHints":{"allow":["GET"]}}],"collection":[{"href":"https:\/\/radiorevelacionfm.cl\/index.php?rest_route=\/wp\/v2\/posts"}],"about":[{"href":"https:\/\/radiorevelacionfm.cl\/index.php?rest_route=\/wp\/v2\/types\/post"}],"author":[{"embeddable":true,"href":"https:\/\/radiorevelacionfm.cl\/index.php?rest_route=\/wp\/v2\/users\/1"}],"replies":[{"embeddable":true,"href":"https:\/\/radiorevelacionfm.cl\/index.php?rest_route=%2Fwp%2Fv2%2Fcomments&post=49159"}],"version-history":[{"count":1,"href":"https:\/\/radiorevelacionfm.cl\/index.php?rest_route=\/wp\/v2\/posts\/49159\/revisions"}],"predecessor-version":[{"id":49160,"href":"https:\/\/radiorevelacionfm.cl\/index.php?rest_route=\/wp\/v2\/posts\/49159\/revisions\/49160"}],"wp:featuredmedia":[{"embeddable":true,"href":"https:\/\/radiorevelacionfm.cl\/index.php?rest_route=\/wp\/v2\/media\/16545"}],"wp:attachment":[{"href":"https:\/\/radiorevelacionfm.cl\/index.php?rest_route=%2Fwp%2Fv2%2Fmedia&parent=49159"}],"wp:term":[{"taxonomy":"category","embeddable":true,"href":"https:\/\/radiorevelacionfm.cl\/index.php?rest_route=%2Fwp%2Fv2%2Fcategories&post=49159"},{"taxonomy":"post_tag","embeddable":true,"href":"https:\/\/radiorevelacionfm.cl\/index.php?rest_route=%2Fwp%2Fv2%2Ftags&post=49159"}],"curies":[{"name":"wp","href":"https:\/\/api.w.org\/{rel}","templated":true}]}}