{"id":49152,"date":"2024-12-24T09:40:01","date_gmt":"2024-12-24T12:40:01","guid":{"rendered":"https:\/\/radiorevelacionfm.cl\/?p=49152"},"modified":"2024-12-24T09:40:01","modified_gmt":"2024-12-24T12:40:01","slug":"dos-nuevas-ambulancias-para-reponer-su-flota-de-vehiculos-de-emergencia-suma-el-servicio-de-salud-aysen","status":"publish","type":"post","link":"https:\/\/radiorevelacionfm.cl\/?p=49152","title":{"rendered":"Dos nuevas ambulancias para reponer su flota de veh\u00edculos de emergencia suma el Servicio de Salud Ays\u00e9n"},"content":{"rendered":"<div class=\"flex_column av_one_full  flex_column_div av-zero-column-padding first  avia-builder-el-0  el_before_av_one_full  avia-builder-el-first  \" style='border-radius:0px; '><div  class='avia-image-container  av-styling-    avia-builder-el-1  avia-builder-el-no-sibling  avia-align-center '  itemprop=\"image\" itemscope=\"itemscope\" itemtype=\"https:\/\/schema.org\/ImageObject\"  ><div class='avia-image-container-inner'><div class='avia-image-overlay-wrap'><img decoding=\"async\" class='wp-image-49153 avia-img-lazy-loading-not-49153 avia_image' src=\"https:\/\/radiorevelacionfm.cl\/wp-content\/uploads\/2024\/12\/nuevas-ambulancias-5-1_optimized.jpeg\" alt='' title='nuevas-ambulancias-(5)-(1)_optimized' height=\"600\" width=\"800\"  itemprop=\"thumbnailUrl\" srcset=\"https:\/\/radiorevelacionfm.cl\/wp-content\/uploads\/2024\/12\/nuevas-ambulancias-5-1_optimized.jpeg 800w, https:\/\/radiorevelacionfm.cl\/wp-content\/uploads\/2024\/12\/nuevas-ambulancias-5-1_optimized-300x225.jpeg 300w, https:\/\/radiorevelacionfm.cl\/wp-content\/uploads\/2024\/12\/nuevas-ambulancias-5-1_optimized-768x576.jpeg 768w, https:\/\/radiorevelacionfm.cl\/wp-content\/uploads\/2024\/12\/nuevas-ambulancias-5-1_optimized-705x529.jpeg 705w, https:\/\/radiorevelacionfm.cl\/wp-content\/uploads\/2024\/12\/nuevas-ambulancias-5-1_optimized-450x338.jpeg 450w, https:\/\/radiorevelacionfm.cl\/wp-content\/uploads\/2024\/12\/nuevas-ambulancias-5-1_optimized-600x450.jpeg 600w\" sizes=\"(max-width: 800px) 100vw, 800px\" \/><\/div><\/div><\/div><\/div><div class=\"flex_column av_one_full  flex_column_div av-zero-column-padding first  avia-builder-el-2  el_after_av_one_full  el_before_av_one_full  column-top-margin\" style='border-radius:0px; '><section class=\"av_textblock_section \"  itemscope=\"itemscope\" itemtype=\"https:\/\/schema.org\/BlogPosting\" itemprop=\"blogPost\" ><div class='avia_textblock  '   itemprop=\"text\" ><p style=\"text-align: center;\"><strong><span style=\"font-size: 18pt;\">Dos nuevas ambulancias para reponer su flota de veh\u00edculos de emergencia suma el Servicio de Salud Ays\u00e9n<\/span><\/strong><\/p>\n<div id=\"gtx-trans\" style=\"position: absolute; left: -50px; top: 4.31534px;\">\n<div class=\"gtx-trans-icon\"><\/div>\n<\/div>\n<\/div><\/section><\/div><div class=\"flex_column av_one_full  flex_column_div av-zero-column-padding first  avia-builder-el-4  el_after_av_one_full  el_before_av_hr  column-top-margin\" style='border-radius:0px; '><section class=\"av_textblock_section \"  itemscope=\"itemscope\" itemtype=\"https:\/\/schema.org\/BlogPosting\" itemprop=\"blogPost\" ><div class='avia_textblock  '   itemprop=\"text\" ><p style=\"text-align: justify;\"><em>Estos m\u00f3viles ser\u00e1n destinados al Hospital de Puerto Cisnes y a la Red Regional a trav\u00e9s de SAMU, siendo los primeros del pa\u00eds en ser adquiridos considerando las caracter\u00edsticas propias del territorio.<\/em><\/p>\n<p style=\"text-align: justify;\">Como un \u201cregalo de Navidad\u201d defini\u00f3 la jefa del Servicio de Atenci\u00f3n M\u00e9dica de Urgencia (SAMU) de la regi\u00f3n de Ays\u00e9n, Lorena Velasco, la llegada de dos nuevos m\u00f3viles de emergencia, uno de ellos de car\u00e1cter avanzado y que permitir\u00e1 fortalecer la Red Asistencial y mejorar la capacidad de respuesta ante eventuales emergencias.<\/p>\n<p style=\"text-align: justify;\">\u201cUna ambulancia personalizada, de acuerdo a las demandas y necesidades nuestras, con un alto est\u00e1ndar de equipamiento, donde vamos a poder responder 24\/7 a las demandas de nuestra comunidad y contenta tambi\u00e9n por el Hospital de Puerto Cisnes, que aunque no es SAMU, realiza labores de la Red de Urgencia y el traslado de los pacientes hacia el Hospital Regional, que requieren de atenci\u00f3n de mayor complejidad\u201d, se\u00f1al\u00f3 Velasco.<\/p>\n<p style=\"text-align: justify;\">Actualmente se encuentran operativas 24 ambulancias en la Red de Urgencia del Servicio de Salud Ays\u00e9n, incluyendo estos m\u00f3viles, uno de car\u00e1cter avanzado para el SAMU y uno b\u00e1sico para el Hospital de Puerto Cisnes.<\/p>\n<p style=\"text-align: justify;\">Son m\u00e1s de 70 llamadas en promedio que son atendidas a trav\u00e9s del nivel 131 de SAMU y que se desglosan en traslados de urgencia a los hospitales y desde las postas de salud rural y primarios con atenci\u00f3n en domicilio.<\/p>\n<p style=\"text-align: justify;\">Estas ambulancias est\u00e1n adaptadas para las condiciones de camino y clima de la regi\u00f3n de Ays\u00e9n. \u201cEsto es muy significativo, porque desde el punto de vista de la seguridad p\u00fablica es un aporte, ya que es uno de los pilares fundamentales para la gesti\u00f3n de nuestro Gobierno, porque el SAMU es parte de esta triada de respuesta ante emergencias y desastres, y cualquier situaci\u00f3n que requiera la atenci\u00f3n m\u00e9dica, por eso es importante que ellos tengan las herramientas necesarias y adecuadas para llevar a cabo su trabajo y que tenga la relaci\u00f3n con la necesidad y satisfacci\u00f3n de nuestros usuarios\u201d, precis\u00f3 Carmen Monsalve, Seremi de Salud Ays\u00e9n.<\/p>\n<p style=\"text-align: justify;\">A su vez valor\u00f3 el apoyo del Gobierno Regional en distintos proyectos de infraestructura en toda la Red Asistencial, sobre todo la reposici\u00f3n de postas en distintas comunas y territorios.<\/p>\n<p style=\"text-align: justify;\">\u201cLo m\u00e1s importante de todo es que se mejora la capacidad operativa, que son m\u00e1quinas muy tecnol\u00f3gicas, muy confortables, tanto para el personal, como para los pacientes que ser\u00e1n atendidos dentro de ellas\u201d, dijo por su parte Omar Mu\u00f1oz, gobernador regional. Precis\u00f3 adem\u00e1s que como Gobierno Regional continuar\u00e1n apoyando proyectos del sector salud.<\/p>\n<p style=\"text-align: justify;\">Cabe destacar que estos m\u00f3viles son marca Mercedes &#8211; Benz, 4X4 y que ambas significan una inversi\u00f3n cercana a los 400 millones de pesos.<\/p>\n<p style=\"text-align: justify;\">Mientras Juan Pablo Bravo Quintana, director del Servicio de Salud Ays\u00e9n, junto con sumarse a los agradecimientos al Gobierno Regional por el apoyo que mantiene con el sector salud, indic\u00f3 que \u201cquiero hacer menci\u00f3n que esta es una ambulancia adaptada para la regi\u00f3n. Es la primera ambulancia que a nivel nacional que se licit\u00f3 de esa manera y que es para darle la mejor respuesta al territorio de la regi\u00f3n de Ays\u00e9n\u201d.<\/p>\n<p style=\"text-align: justify;\">El primer semestre de 2025 se sumar\u00e1n nuevos m\u00f3viles de emergencia para la Red Asistencial, que permitir\u00e1n contar con una mejor capacidad de respuesta. Estos veh\u00edculos no solo optimizan la capacidad de respuesta frente a situaciones cr\u00edticas, sino que tambi\u00e9n garantizan una atenci\u00f3n de calidad, segura y oportuna para las comunidades m\u00e1s alejadas de la regi\u00f3n.<\/p>\n<p style=\"text-align: justify;\">En definitiva, esta inversi\u00f3n refuerza el compromiso del Servicio de Salud Ays\u00e9n con el bienestar de sus usuarios, asegurando que cada persona pueda acceder a los servicios de salud que necesita.<\/p>\n<\/div><\/section><\/div><div  style='height:50px' class='hr hr-invisible   avia-builder-el-6  el_after_av_one_full  el_before_av_social_share '><span class='hr-inner ' ><span class='hr-inner-style'><\/span><\/span><\/div><\/p>\n<div  class='av-social-sharing-box  avia-builder-el-7  el_after_av_hr  el_before_av_hr  '><div class='av-share-box'><h5 class='av-share-link-description av-no-toc '>Compartir esta noticia<\/h5><ul class='av-share-box-list noLightbox'><li class='av-share-link av-social-link-facebook' ><a target=\"_blank\" aria-label=\"Compartir en Facebook\" href='https:\/\/www.facebook.com\/sharer.php?u=https:\/\/radiorevelacionfm.cl\/?p=49152&#038;t=Dos%20nuevas%20ambulancias%20para%20reponer%20su%20flota%20de%20veh%C3%ADculos%20de%20emergencia%20suma%20el%20Servicio%20de%20Salud%20Ays%C3%A9n' aria-hidden='false' data-av_icon='\ue8f3' data-av_iconfont='entypo-fontello' title='' data-avia-related-tooltip='Compartir en Facebook' rel=\"noopener\"><span class='avia_hidden_link_text'>Compartir en Facebook<\/span><\/a><\/li><li class='av-share-link av-social-link-twitter' ><a target=\"_blank\" aria-label=\"Compartir en Twitter\" href='https:\/\/twitter.com\/share?text=Dos%20nuevas%20ambulancias%20para%20reponer%20su%20flota%20de%20veh%C3%ADculos%20de%20emergencia%20suma%20el%20Servicio%20de%20Salud%20Ays%C3%A9n&#038;url=https:\/\/radiorevelacionfm.cl\/?p=49152' aria-hidden='false' data-av_icon='\ue8f1' data-av_iconfont='entypo-fontello' title='' data-avia-related-tooltip='Compartir en Twitter' rel=\"noopener\"><span class='avia_hidden_link_text'>Compartir en Twitter<\/span><\/a><\/li><li class='av-share-link av-social-link-whatsapp' ><a target=\"_blank\" aria-label=\"Compartir en Whatsapp\" href='https:\/\/api.whatsapp.com\/send?text=https:\/\/radiorevelacionfm.cl\/?p=49152' aria-hidden='false' data-av_icon='\uf232' data-av_iconfont='entypo-fontello' title='' data-avia-related-tooltip='Compartir en Whatsapp' rel=\"noopener\"><span class='avia_hidden_link_text'>Compartir en Whatsapp<\/span><\/a><\/li><li class='av-share-link av-social-link-linkedin' ><a target=\"_blank\" aria-label=\"Compartir en LinkedIn\" href='https:\/\/linkedin.com\/shareArticle?mini=true&#038;title=Dos%20nuevas%20ambulancias%20para%20reponer%20su%20flota%20de%20veh%C3%ADculos%20de%20emergencia%20suma%20el%20Servicio%20de%20Salud%20Ays%C3%A9n&#038;url=https:\/\/radiorevelacionfm.cl\/?p=49152' aria-hidden='false' data-av_icon='\ue8fc' data-av_iconfont='entypo-fontello' title='' data-avia-related-tooltip='Compartir en LinkedIn' rel=\"noopener\"><span class='avia_hidden_link_text'>Compartir en LinkedIn<\/span><\/a><\/li><li class='av-share-link av-social-link-mail' ><a  aria-label=\"Compartir por correo\" href='mailto:?subject=Dos%20nuevas%20ambulancias%20para%20reponer%20su%20flota%20de%20veh%C3%ADculos%20de%20emergencia%20suma%20el%20Servicio%20de%20Salud%20Ays%C3%A9n&#038;body=https:\/\/radiorevelacionfm.cl\/?p=49152' aria-hidden='false' data-av_icon='\ue805' data-av_iconfont='entypo-fontello' title='' data-avia-related-tooltip='Compartir por correo'><span class='avia_hidden_link_text'>Compartir por correo<\/span><\/a><\/li><\/ul><\/div><\/div>\n<div  style='height:50px' class='hr hr-invisible   avia-builder-el-8  el_after_av_social_share  el_before_av_comments_list '><span class='hr-inner ' ><span class='hr-inner-style'><\/span><\/span><\/div>\n<div  class='av-buildercomment  av-blog-meta-html-info-disabled av-blog-meta-tag-disabled  '><\/div>\n","protected":false},"excerpt":{"rendered":"","protected":false},"author":1,"featured_media":49153,"comment_status":"open","ping_status":"open","sticky":false,"template":"","format":"standard","meta":{"footnotes":""},"categories":[46],"tags":[],"class_list":["post-49152","post","type-post","status-publish","format-standard","has-post-thumbnail","hentry","category-salud"],"jetpack_featured_media_url":"https:\/\/radiorevelacionfm.cl\/wp-content\/uploads\/2024\/12\/nuevas-ambulancias-5-1_optimized.jpeg","_links":{"self":[{"href":"https:\/\/radiorevelacionfm.cl\/index.php?rest_route=\/wp\/v2\/posts\/49152","targetHints":{"allow":["GET"]}}],"collection":[{"href":"https:\/\/radiorevelacionfm.cl\/index.php?rest_route=\/wp\/v2\/posts"}],"about":[{"href":"https:\/\/radiorevelacionfm.cl\/index.php?rest_route=\/wp\/v2\/types\/post"}],"author":[{"embeddable":true,"href":"https:\/\/radiorevelacionfm.cl\/index.php?rest_route=\/wp\/v2\/users\/1"}],"replies":[{"embeddable":true,"href":"https:\/\/radiorevelacionfm.cl\/index.php?rest_route=%2Fwp%2Fv2%2Fcomments&post=49152"}],"version-history":[{"count":1,"href":"https:\/\/radiorevelacionfm.cl\/index.php?rest_route=\/wp\/v2\/posts\/49152\/revisions"}],"predecessor-version":[{"id":49154,"href":"https:\/\/radiorevelacionfm.cl\/index.php?rest_route=\/wp\/v2\/posts\/49152\/revisions\/49154"}],"wp:featuredmedia":[{"embeddable":true,"href":"https:\/\/radiorevelacionfm.cl\/index.php?rest_route=\/wp\/v2\/media\/49153"}],"wp:attachment":[{"href":"https:\/\/radiorevelacionfm.cl\/index.php?rest_route=%2Fwp%2Fv2%2Fmedia&parent=49152"}],"wp:term":[{"taxonomy":"category","embeddable":true,"href":"https:\/\/radiorevelacionfm.cl\/index.php?rest_route=%2Fwp%2Fv2%2Fcategories&post=49152"},{"taxonomy":"post_tag","embeddable":true,"href":"https:\/\/radiorevelacionfm.cl\/index.php?rest_route=%2Fwp%2Fv2%2Ftags&post=49152"}],"curies":[{"name":"wp","href":"https:\/\/api.w.org\/{rel}","templated":true}]}}